{"id":40756,"date":"2015-11-17T15:16:08","date_gmt":"2015-11-17T21:16:08","guid":{"rendered":"http:\/\/www.eloriente.net\/home\/?p=40756"},"modified":"2015-11-18T09:51:34","modified_gmt":"2015-11-18T15:51:34","slug":"conferencia-el-jaguar-en-daany-beedxe-por-marcus-winter","status":"publish","type":"post","link":"http:\/\/www.eloriente.net\/home\/2015\/11\/17\/conferencia-el-jaguar-en-daany-beedxe-por-marcus-winter\/","title":{"rendered":"Conferencia \u00abEl Jaguar en Daany Be\u00e9dxe\u00bb por Marcus Winter"},"content":{"rendered":"<p><script src=\"\/\/pagead2.googlesyndication.com\/pagead\/js\/adsbygoogle.js\" async=\"\"><\/script><!-- BANNER ELORIENTE INCRUSTADO NOTAS --> <ins class=\"adsbygoogle\" style=\"display: inline-block; width: 300px; height: 250px;\" data-ad-client=\"ca-pub-1136171134853753\" data-ad-slot=\"7974633627\"><\/ins><script>\/\/ <![CDATA[\n(adsbygoogle = window.adsbygoogle || []).push({});\n\/\/ ]]><\/script><\/p>\n<p>&nbsp;<\/p>\n<p>(www.eloriente.net, M\u00e9xico, a 17 de noviembre de 2015, por Valery L\u00f3pez).- El pasado 11 de noviembre dio inicio el Quinto Foro por la Conservaci\u00f3n del Jaguar: Jaguar de Luz +10, en el cual expertos de distintas \u00e1reas compartieron resultados y generaron propuestas en pro de la conservaci\u00f3n del jaguar.<\/p>\n<p>Durante los 3 d\u00edas que dur\u00f3 el evento, muchos de los invitados impartieron conferencias donde compartieron sus conocimientos relacionados con el jaguar, no solamente en el sentido biol\u00f3gico o natural, sino en otras \u00e1reas como la antropolog\u00eda o la arqueolog\u00eda. Tal es el caso del doctor Marcus Winter, investigador del Centro INAH Oaxaca, quien imparti\u00f3 la conferencia titulada \u00abEl Jaguar en Daany Be\u00e9dxe\u00bb.<\/p>\n<p><script src=\"\/\/pagead2.googlesyndication.com\/pagead\/js\/adsbygoogle.js\" async=\"\"><\/script><!-- BANNER PEQUE\u00d1O PARA ENTRENOTAS EL ORIENTE --> <ins class=\"adsbygoogle\" style=\"display: inline-block; width: 468px; height: 60px;\" data-ad-client=\"ca-pub-1136171134853753\" data-ad-slot=\"4953536424\"><\/ins><script>\/\/ <![CDATA[\n(adsbygoogle = window.adsbygoogle || []).push({});\n\/\/ ]]><\/script><\/p>\n<p>En ella, Winter nos comparte sobre las diversas representaciones del jaguar que existieron\u00a0en ese importante sitio arqueol\u00f3gico, nos explica qu\u00e9 simbolizan las diferentes piezas que ah\u00ed se encontraron, as\u00ed como el contexto hist\u00f3rico y cultural de las mismas, de igual forma nos platica sobre el papel que jugaba el jaguar en esas culturas.<\/p>\n<p>En EL ORIENTE, logramos captar en video la conferencia del Dr. Winter, por lo que a continuaci\u00f3n se las compartimos a nuestros lectores mediante nuestro canal de Youtube.<\/p>\n<p><iframe loading=\"lazy\" src=\"https:\/\/www.youtube.com\/embed\/HimHx0AOAVU\" width=\"560\" height=\"315\" frameborder=\"0\" allowfullscreen=\"allowfullscreen\"><\/iframe><\/p>\n<p><a href=\"http:\/\/www.eloriente.net\/home\/wp-content\/uploads\/2015\/11\/Marcus-Winter.png\"><img loading=\"lazy\" decoding=\"async\" class=\"alignnone size-medium wp-image-40757\" src=\"http:\/\/www.eloriente.net\/home\/wp-content\/uploads\/2015\/11\/Marcus-Winter-300x168.png\" alt=\"Marcus Winter\" width=\"300\" height=\"168\" srcset=\"http:\/\/www.eloriente.net\/home\/wp-content\/uploads\/2015\/11\/Marcus-Winter-300x168.png 300w, http:\/\/www.eloriente.net\/home\/wp-content\/uploads\/2015\/11\/Marcus-Winter-1024x575.png 1024w, http:\/\/www.eloriente.net\/home\/wp-content\/uploads\/2015\/11\/Marcus-Winter-900x505.png 900w, http:\/\/www.eloriente.net\/home\/wp-content\/uploads\/2015\/11\/Marcus-Winter.png 1551w\" sizes=\"(max-width: 300px) 100vw, 300px\" \/><\/a><\/p>\n<p><strong>OTRAS ENTRADAS<\/strong><\/p>\n<div class=\"featuredpost\">\n<div class=\"flow_hide\">\n<h2 class=\"posttitle bigposttitle\"><a title=\"Enlace Permanente a Escribir un Paper: \u00faltima parte. Por Diego Gonz\u00e1lez Algara\" href=\"http:\/\/www.eloriente.net\/home\/2015\/11\/17\/escribir-un-paper-ultima-parte-por-diego-gonzalez-algara\/\" rel=\"bookmark\">Escribir un Paper: \u00faltima parte. Por Diego Gonz\u00e1lez Algara<\/a><\/h2>\n<\/div>\n<p>(www.eloriente.net, M\u00e9xico, a 17 de noviembre de 2015, por Diego Gonz\u00e1lez Algara).-\u00a0En este texto continuamos con algunas recomendaciones para escribir un Art\u00edculo Acad\u00e9mico\u00a0(AA) o paper. En el\u2026<\/p>\n<p class=\"postmeta\"><span class=\"meta_date\">noviembre 17, 2015<\/span><\/p>\n<div class=\"toolbar-social\"><\/div>\n<\/div>\n<div class=\"featuredpost\">\n<div class=\"flow_hide\">\n<p><a href=\"http:\/\/www.eloriente.net\/home\/2015\/11\/17\/video-gol-de-cortes-por-mexico-el-mejor-de-mundial-sub-17\/\" rel=\"bookmark\"><img decoding=\"async\" class=\"alignleft\" title=\"Video: Gol de Cort\u00e9s por M\u00e9xico, el mejor de Mundial Sub-17\" src=\"http:\/\/www.eloriente.net\/home\/wp-content\/themes\/city-desk\/timthumb.php?src=http%3A%2F%2Fwww.eloriente.net%2Fhome%2Fwp-content%2Fuploads%2F2015%2F11%2FDiego-Cort%C3%A9s-%40seleccion-nacional-de-mexico.jpg&amp;q=90&amp;w=70&amp;h=45&amp;zc=1\" alt=\"Video: Gol de Cort\u00e9s por M\u00e9xico, el mejor de Mundial Sub-17\" \/><\/a><\/p>\n<h2 class=\"posttitle \"><a title=\"Enlace Permanente a Video: Gol de Cort\u00e9s por M\u00e9xico, el mejor de Mundial Sub-17\" href=\"http:\/\/www.eloriente.net\/home\/2015\/11\/17\/video-gol-de-cortes-por-mexico-el-mejor-de-mundial-sub-17\/\" rel=\"bookmark\">Video: Gol de Cort\u00e9s por M\u00e9xico, el mejor de Mundial Sub-17<\/a><\/h2>\n<\/div>\n<p>(www.eloriente.net, M\u00e9xico,\u00a017 de noviembre de 2015. Por: Fernando Cabral).- \u00a0 \u00a1Elegido c\u00f3mo el mejor gol del #MundialSub17 en #Chile!Disfruten esta obra de arte de Diego Cort\u00e9s.\u00a1Gracias por su\u2026<\/p>\n<p class=\"postmeta\"><span class=\"meta_date\">noviembre 17, 2015<\/span><\/p>\n<div class=\"toolbar-social\"><\/div>\n<\/div>\n<div class=\"featuredpost\">\n<div class=\"flow_hide\">\n<p><a href=\"http:\/\/www.eloriente.net\/home\/2015\/11\/16\/francia-esta-en-guerra-hollande-video\/\" rel=\"bookmark\"><img decoding=\"async\" class=\"alignleft\" title=\"Francia est\u00e1 en guerra: Hollande (video)\" src=\"http:\/\/www.eloriente.net\/home\/wp-content\/themes\/city-desk\/timthumb.php?src=http%3A%2F%2Fwww.eloriente.net%2Fhome%2Fwp-content%2Fuploads%2F2015%2F11%2FHollande-rfi.jpg&amp;q=90&amp;w=70&amp;h=45&amp;zc=1\" alt=\"Francia est\u00e1 en guerra: Hollande (video)\" \/><\/a><\/p>\n<h2 class=\"posttitle \"><a title=\"Enlace Permanente a Francia est\u00e1 en guerra: Hollande (video)\" href=\"http:\/\/www.eloriente.net\/home\/2015\/11\/16\/francia-esta-en-guerra-hollande-video\/\" rel=\"bookmark\">Francia est\u00e1 en guerra: Hollande (video)<\/a><\/h2>\n<\/div>\n<p>eloriente.net\/RFI 16 de noviembre de 2015 El presidente franc\u00e9s propuso una reforma de la Constituci\u00f3n para incorporar diversas medidas de seguridad para proteger el pa\u00eds ante la amenaza\u2026<\/p>\n<p class=\"postmeta\"><span class=\"meta_date\">noviembre 16, 2015<\/span><\/p>\n<\/div>\n\n\t\t\t  <div \n\t\t\t  \tclass = \"fb-comments\" \n\t\t\t  \tdata-href = \"http:\/\/www.eloriente.net\/home\/2015\/11\/17\/conferencia-el-jaguar-en-daany-beedxe-por-marcus-winter\/\"\n\t\t\t  \tdata-numposts = \"10\"\n\t\t\t\tdata-colorscheme = \"dark\"\n\t\t\t\tdata-order-by = \"social\"\n\t\t\t\tdata-mobile=true>\n\t\t\t  <\/div>\n\t\t  <style>\n\t\t\t.fb_iframe_widget_fluid_desktop iframe {\n\t\t\t    width: 100% !important;\n\t\t\t}\n\t\t  <\/style>\n\t\t  ","protected":false},"excerpt":{"rendered":"<p>&nbsp; (www.eloriente.net, M\u00e9xico, a 17 de noviembre de 2015, por Valery L\u00f3pez).- El pasado 11 de noviembre dio inicio el Quinto Foro por la Conservaci\u00f3n del Jaguar: Jaguar de Luz +10, en el cual expertos de distintas \u00e1reas compartieron resultados y generaron propuestas en pro de la conservaci\u00f3n del jaguar. Durante los 3 d\u00edas que [&hellip;]<\/p>\n","protected":false},"author":44,"featured_media":40757,"comment_status":"open","ping_status":"open","sticky":false,"template":"","format":"standard","meta":{"_jetpack_memberships_contains_paid_content":false,"footnotes":""},"categories":[3,18,32,13,63,20,464],"tags":[515,1260,5112,181,1112,5111,2994,5056,5113],"class_list":["post-40756","post","type-post","status-publish","format-standard","has-post-thumbnail","hentry","category-canal-1-tu-aula","category-educacion-y-cultura","category-entradas","category-especiales","category-estados","category-medio-ambiente","category-oaxaca-estados","tag-conferencia","tag-conservacion","tag-daany-beedxe","tag-inah","tag-jaguar","tag-marcus-winter","tag-monte-alban","tag-preservacion","tag-quinto-foro-por-la-conservacion"],"jetpack_featured_media_url":"http:\/\/www.eloriente.net\/home\/wp-content\/uploads\/2015\/11\/Marcus-Winter.png","jetpack_sharing_enabled":true,"_links":{"self":[{"href":"http:\/\/www.eloriente.net\/home\/wp-json\/wp\/v2\/posts\/40756"}],"collection":[{"href":"http:\/\/www.eloriente.net\/home\/wp-json\/wp\/v2\/posts"}],"about":[{"href":"http:\/\/www.eloriente.net\/home\/wp-json\/wp\/v2\/types\/post"}],"author":[{"embeddable":true,"href":"http:\/\/www.eloriente.net\/home\/wp-json\/wp\/v2\/users\/44"}],"replies":[{"embeddable":true,"href":"http:\/\/www.eloriente.net\/home\/wp-json\/wp\/v2\/comments?post=40756"}],"version-history":[{"count":2,"href":"http:\/\/www.eloriente.net\/home\/wp-json\/wp\/v2\/posts\/40756\/revisions"}],"predecessor-version":[{"id":40763,"href":"http:\/\/www.eloriente.net\/home\/wp-json\/wp\/v2\/posts\/40756\/revisions\/40763"}],"wp:featuredmedia":[{"embeddable":true,"href":"http:\/\/www.eloriente.net\/home\/wp-json\/wp\/v2\/media\/40757"}],"wp:attachment":[{"href":"http:\/\/www.eloriente.net\/home\/wp-json\/wp\/v2\/media?parent=40756"}],"wp:term":[{"taxonomy":"category","embeddable":true,"href":"http:\/\/www.eloriente.net\/home\/wp-json\/wp\/v2\/categories?post=40756"},{"taxonomy":"post_tag","embeddable":true,"href":"http:\/\/www.eloriente.net\/home\/wp-json\/wp\/v2\/tags?post=40756"}],"curies":[{"name":"wp","href":"https:\/\/api.w.org\/{rel}","templated":true}]}}