{"id":40879,"date":"2015-11-23T11:12:48","date_gmt":"2015-11-23T17:12:48","guid":{"rendered":"http:\/\/www.eloriente.net\/home\/?p=40879"},"modified":"2015-11-23T11:12:48","modified_gmt":"2015-11-23T17:12:48","slug":"matrimonio-igualitario-por-monica-zarate","status":"publish","type":"post","link":"http:\/\/www.eloriente.net\/home\/2015\/11\/23\/matrimonio-igualitario-por-monica-zarate\/","title":{"rendered":"Matrimonio igualitario, por M\u00f3nica Z\u00e1rate"},"content":{"rendered":"<p><script src=\"\/\/pagead2.googlesyndication.com\/pagead\/js\/adsbygoogle.js\" async=\"\"><\/script><!-- BANNER ELORIENTE INCRUSTADO NOTAS --> <ins class=\"adsbygoogle\" style=\"display: inline-block; width: 300px; height: 250px;\" data-ad-client=\"ca-pub-1136171134853753\" data-ad-slot=\"7974633627\"><\/ins><script>\/\/ <![CDATA[\n(adsbygoogle = window.adsbygoogle || []).push({});\n\/\/ ]]><\/script><\/p>\n<p>&nbsp;<\/p>\n<p>(www.eloriente.net, M\u00e9xico, a 23 de noviembre de 2015, por M\u00f3nica Z\u00e1rate).-\u00a0El matrimonio entre personas del mismo sexo se denomina matrimonio\u00a0igualitario o sociedad de convivencia. \u00c9ste fue regulado en el Estado de Oaxaca en\u00a02014, debido a la necesidad de incluir a los diversos sexuales al marco legal\u00a0constitucional del Estado para reconocer sus derechos y obligaciones. El antecedente\u00a0inmediato de esta postura que adopt\u00f3 la Suprema Corte de Justicia es la Reforma en\u00a0materia de Derechos Humanos que se implement\u00f3 en el pa\u00eds en 2011 y que abri\u00f3 un\u00a0paradigma en la materia de los Derechos Humanos.<\/p>\n<p>La finalidad de esta reforma es integrar a un sector de la poblaci\u00f3n que\u00a0hist\u00f3ricamente ha sido discriminado y violentado, reconoci\u00e9ndoles sus derechos de\u00a0contraer matrimonio como ciudadanos, es decir, como integrantes de una sociedad en\u00a0constante evoluci\u00f3n. Lo que fue necesario debido a que al tener otras preferencias\u00a0sexuales era objeto de minimizar la calidad de ciudadano.<\/p>\n<p>Dado la diferencia del marco jur\u00eddico respecto al tema, surgi\u00f3 una lucha\u00a0constante por parte de activistas, defensores e integrantes de esta minor\u00eda, quienes\u00a0sumando esfuerzos generaron suficiente presi\u00f3n social para que la corte actuara\u00a0favorablemente. En consecuencia, la Instituci\u00f3n asumi\u00f3 un compromiso con ese sector\u00a0de la sociedad, reconociendo sus derechos plenos, m\u00e1s all\u00e1 de los prejuicios y las\u00a0percepciones sociales que anteriormente prevalec\u00edan.<\/p>\n<p>A\u00fan ante este logro obtenido en el \u00e1mbito legal por la comunidad L\u00e9sbico, Gay,\u00a0Bisexual y Transexual (LGBT), persisten posturas contrarias de no aceptar a estas\u00a0personas y menos aceptar las uniones matrimoniales que contraen. Un sector\u00a0importante de la comunidad no acepta el derecho recientemente otorgado a este grupo\u00a0por sus prejuicios y toman actitudes desfavorables como:<\/p>\n<ul>\n<li>Negarles servicio m\u00e9dico<\/li>\n<\/ul>\n<ul>\n<li>Derecho de adopci\u00f3n<\/li>\n<\/ul>\n<ul>\n<li>Pensi\u00f3n vitalicia<\/li>\n<\/ul>\n<ul>\n<li>Disoluci\u00f3n legal de estos matrimonios (divorcio)<\/li>\n<\/ul>\n<p>M\u00e9xico a partir del reconocimiento y legalizaci\u00f3n de los matrimonios entre\u00a0personas del mismo sexo, adquiri\u00f3 un protagonismo internacional; convirti\u00e9ndose en\u00a0un referente en el Continente Americano con respecto a este sector como parte del\u00a0aprendizaje y cognici\u00f3n social. Despu\u00e9s de este suceso, otros pa\u00edses del mundo\u00a0iniciaron modificaciones legales tendientes a reconocer los derechos plenos e incluir a\u00a0estos grupos sociales.<\/p>\n<p><script src=\"\/\/pagead2.googlesyndication.com\/pagead\/js\/adsbygoogle.js\" async=\"\"><\/script><!-- BANNER PEQUE\u00d1O PARA ENTRENOTAS EL ORIENTE --> <ins class=\"adsbygoogle\" style=\"display: inline-block; width: 468px; height: 60px;\" data-ad-client=\"ca-pub-1136171134853753\" data-ad-slot=\"4953536424\"><\/ins><script>\/\/ <![CDATA[\n(adsbygoogle = window.adsbygoogle || []).push({});\n\/\/ ]]><\/script><\/p>\n<p>Esta reforma legal ha favorecido la percepci\u00f3n social sobre las personas LGBT,\u00a0en el mundo entero, porque ahora no solo se les reconocen sus derechos a casarse,\u00a0tambi\u00e9n se ha abierto la posibilidad de que adopten hijos. La concepci\u00f3n del\u00a0matrimonio en el siglo actual es otra, gracias a los esfuerzos de organizaciones\u00a0defensoras de derechos humanos, que entendieron la importancia de reconocer los\u00a0derechos de un sector que ha sido discriminado en el mundo entero en todos los\u00a0tiempos y sociedades.<\/p>\n<p>En conclusi\u00f3n, el tema en cuesti\u00f3n resulta de gran complejidad social, porque\u00a0cada individuo cuenta con una cognici\u00f3n diferente determinada por su entorno social.\u00a0A causa de esto, las opiniones son controvertidas pese al avance en la ciencia,\u00a0tecnolog\u00eda y derechos del hombre siguen existiendo prejuicios de anta\u00f1o que evitan el\u00a0reconocimiento pleno de los derechos de la comunidad LGBT.<\/p>\n<p>La nueva modalidad de convivencia, o sea, el matrimonio entre personas del\u00a0mismo sexo, es resultado de una sociedad que va evolucionando y es por este motivo\u00a0que la cognici\u00f3n y percepci\u00f3n social sufren modificaciones e integran este tipo de\u00a0uniones.<\/p>\n<p>La familia actualmente se forma de una manera diferente, como resultado de la\u00a0tolerancia respecto a la diversidad sexual.<\/p>\n<p>El avance en materia de derechos humanos ha incidido en la perspectiva social\u00a0y entorno familiar para tener mayor apertura a la libertad sexual.<\/p>\n<p>El matrimonio entre personas del mismo sexo hoy en d\u00eda es una manifestaci\u00f3n\u00a0de la sociedad producto del desarrollo social y educaci\u00f3n, que pondera la equidad de\u00a0g\u00e9nero y que incide a que haya una actitud favorable respecto a esta nueva situaci\u00f3n social.<\/p>\n<p>La evoluci\u00f3n del derecho en las democracias actuales ha impulsado una\u00a0sociedad m\u00e1s tolerante y respetuosa y ha promovido una nueva construcci\u00f3n social al\u00a0hacer efectivo los derechos de los diversos sexuales. Este tipo de uniones que\u00a0reestructuran la organizaci\u00f3n social, inciden en que la sociedad tenga m\u00e1s apertura en\u00a0el tema, sobre todo en los sectores donde actores sociales y pol\u00edticos est\u00e1n\u00a0involucrados en temas jur\u00eddicos que ayudan a ir rompiendo poco a poco la resistencia social.<\/p>\n<p>Por \u00faltimo es importante se\u00f1alar, que hoy en d\u00eda, la sicolog\u00eda social es una\u00a0disciplina que a partir de investigaciones, nos muestra de forma objetiva la conducta\u00a0de personas de manera individual y grupal para entender los procesos cognitivos y el\u00a0comportamiento humano, favorable o desfavorable respecto al surgimiento de nuevas\u00a0formas de convivencia social, como es el caso de los matrimonios entre personas del\u00a0mismo sexo y nos puede auxiliar a trav\u00e9s de su conexi\u00f3n con la comunicaci\u00f3n social\u00a0de manera certera a dise\u00f1ar estrategias para influir socialmente, incidiendo en obtener\u00a0comportamientos favorables respecto a los matrimonios entre personas del mismo\u00a0sexo.<\/p>\n<p><a href=\"http:\/\/www.eloriente.net\/home\/wp-content\/uploads\/2015\/11\/matrimonio-gay.jpg\"><img loading=\"lazy\" decoding=\"async\" class=\"alignnone size-medium wp-image-40880\" src=\"http:\/\/www.eloriente.net\/home\/wp-content\/uploads\/2015\/11\/matrimonio-gay-300x225.jpg\" alt=\"matrimonio gay\" width=\"300\" height=\"225\" srcset=\"http:\/\/www.eloriente.net\/home\/wp-content\/uploads\/2015\/11\/matrimonio-gay-300x225.jpg 300w, http:\/\/www.eloriente.net\/home\/wp-content\/uploads\/2015\/11\/matrimonio-gay-1024x768.jpg 1024w, http:\/\/www.eloriente.net\/home\/wp-content\/uploads\/2015\/11\/matrimonio-gay-900x675.jpg 900w, http:\/\/www.eloriente.net\/home\/wp-content\/uploads\/2015\/11\/matrimonio-gay.jpg 2048w\" sizes=\"(max-width: 300px) 100vw, 300px\" \/><\/a><\/p>\n<p><strong>OTRAS ENTRADAS<\/strong><\/p>\n<div class=\"featuredpost\">\n<div class=\"flow_hide\">\n<h2 class=\"posttitle bigposttitle\"><a title=\"Enlace Permanente a Participa en el concurso de fotograf\u00eda deportiva de la UNESCO\" href=\"http:\/\/www.eloriente.net\/home\/2015\/11\/20\/participa-en-el-concurso-de-fotografia-deportiva-de-la-unesco\/\" rel=\"bookmark\">Participa en el concurso de fotograf\u00eda deportiva de la UNESCO<\/a><\/h2>\n<\/div>\n<p>(www.eloriente.net, M\u00e9xico, a 20 de noviembre de 2015, por Valery L\u00f3pez).- \u201c\u00bfUsted cree en el poder del deporte? \u00bfHa notado el impacto de los valores del deporte\u2026<\/p>\n<p class=\"postmeta\"><span class=\"meta_date\">noviembre 20, 2015<\/span><\/p>\n<div class=\"toolbar-social\"><\/div>\n<\/div>\n<div class=\"featuredpost\">\n<div class=\"flow_hide\">\n<p><a href=\"http:\/\/www.eloriente.net\/home\/2015\/11\/20\/las-canciones-mas-virales-de-spotify-wtf-where-they-from-de-missy-elliott\/\" rel=\"bookmark\"><img decoding=\"async\" class=\"alignleft\" title=\"Las canciones m\u00e1s virales de Spotify: \u201cWTF (Where They From)\u201d de Missy Elliott\" src=\"http:\/\/www.eloriente.net\/home\/wp-content\/themes\/city-desk\/timthumb.php?src=http%3A%2F%2Fwww.eloriente.net%2Fhome%2Fwp-content%2Fuploads%2F2015%2F11%2FMissy-Elliott-WTF.jpg&amp;q=90&amp;w=70&amp;h=45&amp;zc=1\" alt=\"Las canciones m\u00e1s virales de Spotify: \u201cWTF (Where They From)\u201d de Missy Elliott\" \/><\/a><\/p>\n<h2 class=\"posttitle \"><a title=\"Enlace Permanente a Las canciones m\u00e1s virales de Spotify: \u201cWTF (Where They From)\u201d de Missy Elliott\" href=\"http:\/\/www.eloriente.net\/home\/2015\/11\/20\/las-canciones-mas-virales-de-spotify-wtf-where-they-from-de-missy-elliott\/\" rel=\"bookmark\">Las canciones m\u00e1s virales de Spotify: \u201cWTF (Where They From)\u201d de Missy Elliott<\/a><\/h2>\n<\/div>\n<p>(www.eloriente.net, M\u00e9xico, a 20 de noviembre de 2015, por Valery L\u00f3pez).-\u00a0Spotify cuenta con un gran n\u00famero de listas dise\u00f1adas para ayudar a que sus usuarios conozcan m\u00fasica\u2026<\/p>\n<p class=\"postmeta\"><span class=\"meta_date\">noviembre 20, 2015<\/span><\/p>\n<div class=\"toolbar-social\"><\/div>\n<\/div>\n<div class=\"featuredpost\">\n<div class=\"flow_hide\">\n<p><a href=\"http:\/\/www.eloriente.net\/home\/2015\/11\/20\/20nov15-1030-papa-francisco-y-sus-contradicciones-en-teologia-moral-roberto-plancarte\/\" rel=\"bookmark\"><img decoding=\"async\" class=\"alignleft\" title=\"20\/Nov\/15 10:30 Papa Francisco y sus contradicciones en teolog\u00eda moral: Roberto Plancarte\" src=\"http:\/\/www.eloriente.net\/home\/wp-content\/themes\/city-desk\/timthumb.php?src=http%3A%2F%2Fwww.eloriente.net%2Fhome%2Fwp-content%2Fuploads%2F2015%2F11%2Fseminario-unam.jpg&amp;q=90&amp;w=70&amp;h=45&amp;zc=1\" alt=\"20\/Nov\/15 10:30 Papa Francisco y sus contradicciones en teolog\u00eda moral: Roberto Plancarte\" \/><\/a><\/p>\n<h2 class=\"posttitle \"><a title=\"Enlace Permanente a 20\/Nov\/15 10:30 Papa Francisco y sus contradicciones en teolog\u00eda moral: Roberto Plancarte\" href=\"http:\/\/www.eloriente.net\/home\/2015\/11\/20\/20nov15-1030-papa-francisco-y-sus-contradicciones-en-teologia-moral-roberto-plancarte\/\" rel=\"bookmark\">20\/Nov\/15 10:30 Papa Francisco y sus contradicciones en teolog\u00eda moral: Roberto Plancarte<\/a><\/h2>\n<\/div>\n<p>eloriente..net\/IISUNAM 20 de noviembre de 2015 La problem\u00e1tica sociol\u00f3gica de la religi\u00f3n, es la materia central de este espacio denominado Cultura y representaciones sociales, que el Instituto de\u2026<\/p>\n<p class=\"postmeta\"><span class=\"meta_date\">noviembre 20, 2015<\/span><\/p>\n<\/div>\n\n\t\t\t  <div \n\t\t\t  \tclass = \"fb-comments\" \n\t\t\t  \tdata-href = \"http:\/\/www.eloriente.net\/home\/2015\/11\/23\/matrimonio-igualitario-por-monica-zarate\/\"\n\t\t\t  \tdata-numposts = \"10\"\n\t\t\t\tdata-colorscheme = \"dark\"\n\t\t\t\tdata-order-by = \"social\"\n\t\t\t\tdata-mobile=true>\n\t\t\t  <\/div>\n\t\t  <style>\n\t\t\t.fb_iframe_widget_fluid_desktop iframe {\n\t\t\t    width: 100% !important;\n\t\t\t}\n\t\t  <\/style>\n\t\t  ","protected":false},"excerpt":{"rendered":"<p>&nbsp; (www.eloriente.net, M\u00e9xico, a 23 de noviembre de 2015, por M\u00f3nica Z\u00e1rate).-\u00a0El matrimonio entre personas del mismo sexo se denomina matrimonio\u00a0igualitario o sociedad de convivencia. \u00c9ste fue regulado en el Estado de Oaxaca en\u00a02014, debido a la necesidad de incluir a los diversos sexuales al marco legal\u00a0constitucional del Estado para reconocer sus derechos y obligaciones. [&hellip;]<\/p>\n","protected":false},"author":44,"featured_media":40880,"comment_status":"open","ping_status":"open","sticky":false,"template":"","format":"standard","meta":{"_jetpack_memberships_contains_paid_content":false,"footnotes":""},"categories":[624,22,32,10],"tags":[217,5187,5189,5185,5186,289,5188,5184],"class_list":["post-40879","post","type-post","status-publish","format-standard","has-post-thumbnail","hentry","category-articulistas","category-derechos-humanos","category-entradas","category-lo-mas-reciente","tag-derechos-humanos-2","tag-derechos-lgbt","tag-equidad-de-genero","tag-gay","tag-homosexuales","tag-igualdad","tag-lesbicos","tag-matrimonio-igualitario"],"jetpack_featured_media_url":"http:\/\/www.eloriente.net\/home\/wp-content\/uploads\/2015\/11\/matrimonio-gay.jpg","jetpack_sharing_enabled":true,"_links":{"self":[{"href":"http:\/\/www.eloriente.net\/home\/wp-json\/wp\/v2\/posts\/40879"}],"collection":[{"href":"http:\/\/www.eloriente.net\/home\/wp-json\/wp\/v2\/posts"}],"about":[{"href":"http:\/\/www.eloriente.net\/home\/wp-json\/wp\/v2\/types\/post"}],"author":[{"embeddable":true,"href":"http:\/\/www.eloriente.net\/home\/wp-json\/wp\/v2\/users\/44"}],"replies":[{"embeddable":true,"href":"http:\/\/www.eloriente.net\/home\/wp-json\/wp\/v2\/comments?post=40879"}],"version-history":[{"count":1,"href":"http:\/\/www.eloriente.net\/home\/wp-json\/wp\/v2\/posts\/40879\/revisions"}],"predecessor-version":[{"id":40881,"href":"http:\/\/www.eloriente.net\/home\/wp-json\/wp\/v2\/posts\/40879\/revisions\/40881"}],"wp:featuredmedia":[{"embeddable":true,"href":"http:\/\/www.eloriente.net\/home\/wp-json\/wp\/v2\/media\/40880"}],"wp:attachment":[{"href":"http:\/\/www.eloriente.net\/home\/wp-json\/wp\/v2\/media?parent=40879"}],"wp:term":[{"taxonomy":"category","embeddable":true,"href":"http:\/\/www.eloriente.net\/home\/wp-json\/wp\/v2\/categories?post=40879"},{"taxonomy":"post_tag","embeddable":true,"href":"http:\/\/www.eloriente.net\/home\/wp-json\/wp\/v2\/tags?post=40879"}],"curies":[{"name":"wp","href":"https:\/\/api.w.org\/{rel}","templated":true}]}}