{"id":4090,"date":"2012-10-22T13:14:26","date_gmt":"2012-10-22T19:14:26","guid":{"rendered":"http:\/\/www.eloriente.net\/home\/?p=4090"},"modified":"2012-10-24T15:55:24","modified_gmt":"2012-10-24T21:55:24","slug":"es-menor-prevalencia-delictiva-en-oaxaca-que-media-nacional-observatorio-ciudadano","status":"publish","type":"post","link":"http:\/\/www.eloriente.net\/home\/2012\/10\/22\/es-menor-prevalencia-delictiva-en-oaxaca-que-media-nacional-observatorio-ciudadano\/","title":{"rendered":"Es menor prevalencia delictiva en Oaxaca que media nacional: Observatorio Ciudadano"},"content":{"rendered":"<p>eloriente.net<\/p>\n<p>22 de octubre de 2012<\/p>\n<p>eloriente.net (Oaxaca, Oax.) 22 de octubre de 2012.-\u00a0El Observatorio Ciudadano para la Evaluaci\u00f3n de Pol\u00edticas de Prevenci\u00f3n contra la Violencia y la Delincuencia puso a disposici\u00f3n de la ciudadan\u00eda el tercer n\u00famero de su Bolet\u00edn Mensual, correspondiente al mes de septiembre de 2012 de 2012.<\/p>\n<p>A partir del tercer n\u00famero, el Observatorio decide cambiar el enfoque de las publicaciones y lanz\u00f3 la serie\u00a0<strong>Seguridad y Ciudadan\u00eda<\/strong>, donde se presentan casos importantes de construcci\u00f3n de ciudadan\u00eda y prevenci\u00f3n del delito. En el mes anterior se present\u00f3 el caso de La Ecotecnia Urbana Miravalle en la delegaci\u00f3n Iztapalapa, Distrito Federal y el caso de Cochabamba en Bolivia. \u00a0En este mes se aborda el caso de la Regeneraci\u00f3n Urbana del Cerro de Santa Ana en Guayaquil, Ecuador, un ejemplo emblem\u00e1tico sudamericano.<\/p>\n<p>Tambi\u00e9n en este n\u00famero, el Observatorio inicia la presentaci\u00f3n de los primeros resultados de la Encuesta Nacional de Victimizaci\u00f3n y Percepci\u00f3n sobre Seguridad P\u00fablica (ENVIPE 2012) que realiz\u00f3 el Instituto Nacional de Estad\u00edstica y Geograf\u00eda. Los \u00a0resultados de dicha encuesta se ir\u00e1n publicando en los siguientes n\u00fameros a fin de dejar\u00a0constancia de este importante trabajo del INEGI.<\/p>\n<p>div&gt;<object style=\"width: 420px; height: 162px;\" width=\"320\" height=\"240\" classid=\"clsid:d27cdb6e-ae6d-11cf-96b8-444553540000\" codebase=\"http:\/\/download.macromedia.com\/pub\/shockwave\/cabs\/flash\/swflash.cab#version=6,0,40,0\"><param name=\"allowfullscreen\" value=\"true\" \/><param name=\"menu\" value=\"false\" \/><param name=\"wmode\" value=\"transparent\" \/><param name=\"src\" value=\"http:\/\/static.issuu.com\/webembed\/viewers\/style1\/v2\/IssuuReader.swf\" \/><param name=\"flashvars\" value=\"mode=mini&amp;embedBackground=%23000000&amp;backgroundColor=%23222222&amp;documentId=121022190002-78980254c6ac4bc2826ea8bff7eb9814\" \/><\/object><\/p>\n<div style=\"width: 420px; text-align: left;\"><a href=\"http:\/\/issuu.com\/observatoriociudadanooaxaca\/docs\/publicacion_observatorioseptiembre?mode=window&amp;backgroundColor=%23222222\" target=\"_blank\">Open publication<\/a> &#8211; Free <a href=\"http:\/\/issuu.com\" target=\"_blank\">publishing<\/a> &#8211; <a href=\"http:\/\/issuu.com\/search?q=news\" target=\"_blank\">More news<\/a><\/div>\n\n\t\t\t  <div \n\t\t\t  \tclass = \"fb-comments\" \n\t\t\t  \tdata-href = \"http:\/\/www.eloriente.net\/home\/2012\/10\/22\/es-menor-prevalencia-delictiva-en-oaxaca-que-media-nacional-observatorio-ciudadano\/\"\n\t\t\t  \tdata-numposts = \"10\"\n\t\t\t\tdata-colorscheme = \"dark\"\n\t\t\t\tdata-order-by = \"social\"\n\t\t\t\tdata-mobile=true>\n\t\t\t  <\/div>\n\t\t  <style>\n\t\t\t.fb_iframe_widget_fluid_desktop iframe {\n\t\t\t    width: 100% !important;\n\t\t\t}\n\t\t  <\/style>\n\t\t  ","protected":false},"excerpt":{"rendered":"<p>eloriente.net 22 de octubre de 2012 eloriente.net (Oaxaca, Oax.) 22 de octubre de 2012.-\u00a0El Observatorio Ciudadano para la Evaluaci\u00f3n de Pol\u00edticas de Prevenci\u00f3n contra la Violencia y la Delincuencia puso a disposici\u00f3n de la ciudadan\u00eda el tercer n\u00famero de su Bolet\u00edn Mensual, correspondiente al mes de septiembre de 2012 de 2012. A partir del tercer [&hellip;]<\/p>\n","protected":false},"author":1,"featured_media":4289,"comment_status":"open","ping_status":"open","sticky":false,"template":"","format":"standard","meta":{"_jetpack_memberships_contains_paid_content":false,"footnotes":""},"categories":[29,32,13,21,31],"tags":[],"class_list":["post-4090","post","type-post","status-publish","format-standard","has-post-thumbnail","hentry","category-capital","category-entradas","category-especiales","category-politica-y-gobierno","category-principal"],"jetpack_featured_media_url":"http:\/\/www.eloriente.net\/home\/wp-content\/uploads\/2012\/10\/PUBLICACION-OBSERVATORIOseptiembre.jpg","jetpack_sharing_enabled":true,"_links":{"self":[{"href":"http:\/\/www.eloriente.net\/home\/wp-json\/wp\/v2\/posts\/4090"}],"collection":[{"href":"http:\/\/www.eloriente.net\/home\/wp-json\/wp\/v2\/posts"}],"about":[{"href":"http:\/\/www.eloriente.net\/home\/wp-json\/wp\/v2\/types\/post"}],"author":[{"embeddable":true,"href":"http:\/\/www.eloriente.net\/home\/wp-json\/wp\/v2\/users\/1"}],"replies":[{"embeddable":true,"href":"http:\/\/www.eloriente.net\/home\/wp-json\/wp\/v2\/comments?post=4090"}],"version-history":[{"count":7,"href":"http:\/\/www.eloriente.net\/home\/wp-json\/wp\/v2\/posts\/4090\/revisions"}],"predecessor-version":[{"id":4291,"href":"http:\/\/www.eloriente.net\/home\/wp-json\/wp\/v2\/posts\/4090\/revisions\/4291"}],"wp:featuredmedia":[{"embeddable":true,"href":"http:\/\/www.eloriente.net\/home\/wp-json\/wp\/v2\/media\/4289"}],"wp:attachment":[{"href":"http:\/\/www.eloriente.net\/home\/wp-json\/wp\/v2\/media?parent=4090"}],"wp:term":[{"taxonomy":"category","embeddable":true,"href":"http:\/\/www.eloriente.net\/home\/wp-json\/wp\/v2\/categories?post=4090"},{"taxonomy":"post_tag","embeddable":true,"href":"http:\/\/www.eloriente.net\/home\/wp-json\/wp\/v2\/tags?post=4090"}],"curies":[{"name":"wp","href":"https:\/\/api.w.org\/{rel}","templated":true}]}}