{"id":40969,"date":"2015-11-26T14:57:00","date_gmt":"2015-11-26T20:57:00","guid":{"rendered":"http:\/\/www.eloriente.net\/home\/?p=40969"},"modified":"2015-11-26T15:34:59","modified_gmt":"2015-11-26T21:34:59","slug":"5-actividades-culturales-en-oaxaca-que-no-te-puedes-perder-26-28-de-noviembre","status":"publish","type":"post","link":"http:\/\/www.eloriente.net\/home\/2015\/11\/26\/5-actividades-culturales-en-oaxaca-que-no-te-puedes-perder-26-28-de-noviembre\/","title":{"rendered":"5 actividades culturales en Oaxaca que no te puedes perder (26\u201328 de noviembre)"},"content":{"rendered":"<p><script src=\"\/\/pagead2.googlesyndication.com\/pagead\/js\/adsbygoogle.js\" async=\"\"><\/script><!-- BANNER ELORIENTE INCRUSTADO NOTAS --> <ins class=\"adsbygoogle\" style=\"display: inline-block; width: 300px; height: 250px;\" data-ad-client=\"ca-pub-1136171134853753\" data-ad-slot=\"7974633627\"><\/ins><script>\/\/ <![CDATA[\n(adsbygoogle = window.adsbygoogle || []).push({});\n\/\/ ]]><\/script><\/p>\n<p>&nbsp;<\/p>\n<p>(www.eloriente.net, M\u00e9xico, a 26 de noviembre de 2015, por Valery L\u00f3pez).-\u00a0Como cada semana, en EL ORIENTE nos dimos a la tarea de buscar las actividades culturales que no puedes dejar pasar en los pr\u00f3ximos d\u00edas. En esta ocasi\u00f3n te presentamos instalaciones, exposiciones y presentaciones.<\/p>\n<p><strong><a href=\"https:\/\/www.facebook.com\/FONCA-109340245774604\/timeline\" target=\"_blank\">1.- TERCER ENCUENTRO DE ARTE J\u00d3VENES CREADORES<\/a><\/strong><\/p>\n<p>J\u00f3venes Creadores es un programa del Fondo Nacional para la Cultura y las Artes (FONCA) en el cual se apoya a j\u00f3venes de 18 a 34 a\u00f1os para que creen obras art\u00edsticas en el transcurso de un a\u00f1o. Dicho apoyo cuenta con becas econ\u00f3micas y tutor\u00edas con artistas reconocidos.<\/p>\n<p>El encuentro de arte se realiza cada a\u00f1o con la finalidad de presentar las obras que se realizaron con apoyo \u00abJ\u00f3venes Creadores\u00bb, en esta ocasi\u00f3n se llevar\u00e1 a cabo en colaboraci\u00f3n con El Centro de las Artes de San Agust\u00edn, la Fundaci\u00f3n Alfredo Harp Hel\u00fa y el Museo de Arte Contempor\u00e1neo de Oaxaca.<\/p>\n<p>Del 26 al 28 de noviembre se realizar\u00e1n diversos eventos, de acceso gratuito, en el que los 101 j\u00f3venes becados mostrar\u00e1n sus obras. Entre los eventos tenemos funci\u00f3n de danza, funci\u00f3n de teatro, concierto ac\u00fastico y electroac\u00fastico, muestra de cine y la presentaci\u00f3n de la Antolog\u00eda de letras, dramaturgia, gui\u00f3n cinematogr\u00e1fico y lenguas ind\u00edgenas.<\/p>\n<p>&nbsp;<\/p>\n<div id=\"fb-root\"><\/div>\n<p><script>\/\/ <![CDATA[\n(function(d, s, id) { var js, fjs = d.getElementsByTagName(s)[0]; if (d.getElementById(id)) return; js = d.createElement(s); js.id = id; js.src = \"\/\/connect.facebook.net\/es_LA\/sdk.js#xfbml=1&#038;version=v2.3\"; fjs.parentNode.insertBefore(js, fjs);}(document, 'script', 'facebook-jssdk'));\n\/\/ ]]><\/script><\/p>\n<div class=\"fb-video\" data-allowfullscreen=\"1\" data-href=\"https:\/\/www.facebook.com\/109340245774604\/videos\/1041208299254456\/\">\n<div class=\"fb-xfbml-parse-ignore\">\n<blockquote cite=\"https:\/\/www.facebook.com\/109340245774604\/videos\/1041208299254456\/\"><p>Hoy comenzamos las actividades del Encuentro de #J\u00f3venesCreadores del Fonca en #Oaxaca #FoncaEnLosEstados<\/p>\n<p>Posted by <a href=\"https:\/\/www.facebook.com\/FONCA-109340245774604\/\">FONCA<\/a> on jueves, 26 de noviembre de 2015<\/p><\/blockquote>\n<\/div>\n<\/div>\n<p><strong><a href=\"https:\/\/www.facebook.com\/events\/421684734683817\/\" target=\"_blank\">2.- INSTALACI\u00d3N REFLEXIONES INFINITAS<\/a><\/strong><\/p>\n<p>\u00abReflexiones infinitas\u00bb es una instalaci\u00f3n sonora del artista alem\u00e1n Stefan Rummel que ser\u00e1 inaugurada este 26 de noviembre y estar\u00e1 disponible hasta el 29 de febrero de 2016.<\/p>\n<p>La inauguraci\u00f3n se llevar\u00e1 a este jueves 26 de noviembre a las 19:00 horas en las instalaciones del Museo de Arte Contempor\u00e1neo de Oaxaca (MACO) y contar\u00e1 con la presencia del creador y del curador de la obra.<\/p>\n<p>Los horarios para poder visitar la instalaci\u00f3n son de mi\u00e9rcoles a lunes de 10:30 a 20:00 horas, la entrada es totalmente gratuita.<\/p>\n<p>Para conocer m\u00e1s sobre esta exposici\u00f3n pueden revisar lo que hemos\u00a0publicado en <strong><a href=\"http:\/\/www.eloriente.net\/home\/2015\/11\/25\/maco-invita-a-reflexiones-infinitas-una-instalacion-de-stefan-rummel\/\" target=\"_blank\">El Oriente<\/a><\/strong> al respecto.<\/p>\n<p><a href=\"http:\/\/www.eloriente.net\/home\/wp-content\/uploads\/2015\/11\/Reflexiones-infinitas-e1448571143506.jpg\"><img loading=\"lazy\" decoding=\"async\" class=\"alignnone size-full wp-image-40972\" src=\"http:\/\/www.eloriente.net\/home\/wp-content\/uploads\/2015\/11\/Reflexiones-infinitas-e1448571143506.jpg\" alt=\"Reflexiones infinitas\" width=\"720\" height=\"657\" srcset=\"http:\/\/www.eloriente.net\/home\/wp-content\/uploads\/2015\/11\/Reflexiones-infinitas-e1448571143506.jpg 720w, http:\/\/www.eloriente.net\/home\/wp-content\/uploads\/2015\/11\/Reflexiones-infinitas-e1448571143506-300x274.jpg 300w\" sizes=\"(max-width: 720px) 100vw, 720px\" \/><\/a><\/p>\n<p><strong><a href=\"http:\/\/www.nochedelasestrellas.org.mx\/\" target=\"_blank\">3.-NOCHE DE LAS ESTRELLAS<\/a><\/strong><\/p>\n<p>Este evento astron\u00f3mico lleva desde 2009 realiz\u00e1ndose y se hace con la finalidad de llevar la pasi\u00f3n por la astronom\u00eda a una mayor cantidad de personas.<\/p>\n<p>La edici\u00f3n 2015, que lleva por t\u00edtulo \u00abPr\u00e9ndete con la luz del Universo\u00bb en referencia a los festejos del A\u00f1o Internacional de Luz declarado por la Asamblea General de las Naciones Unidas.<\/p>\n<p>En Oaxaca, la sede para \u00abLa Noche de las Estrellas\u00bb ser\u00e1 la Plaza de la Danza, en donde se dispondr\u00e1n de telescopios para la observaci\u00f3n de los astros. La celebraci\u00f3n ser\u00e1 el 28 de noviembre y comenzar\u00e1 a las 15:00 horas y se tiene programado que termine a las 23:00.<\/p>\n<p>En el siguiente enlace puedes ver la informaci\u00f3n que nuestros amigos de <strong><a href=\"http:\/\/todooaxacaradio.com\/se-celebrara-la-vi-edicion-de-la-noche-de-las-estrellas-en-la-plaza-de-la-danza\/\" target=\"_blank\">Todo Oaxaca Radio<\/a><\/strong> publicaron al respecto.<\/p>\n<p><iframe loading=\"lazy\" src=\"https:\/\/www.youtube.com\/embed\/Po5GjTCDzKY\" width=\"560\" height=\"315\" frameborder=\"0\" allowfullscreen=\"allowfullscreen\"><\/iframe><\/p>\n<p><script src=\"\/\/pagead2.googlesyndication.com\/pagead\/js\/adsbygoogle.js\" async=\"\"><\/script><!-- BANNER PEQUE\u00d1O PARA ENTRENOTAS EL ORIENTE --> <ins class=\"adsbygoogle\" style=\"display: inline-block; width: 468px; height: 60px;\" data-ad-client=\"ca-pub-1136171134853753\" data-ad-slot=\"4953536424\"><\/ins><script>\/\/ <![CDATA[\n(adsbygoogle = window.adsbygoogle || []).push({});\n\/\/ ]]><\/script><\/p>\n<p><strong><a href=\"https:\/\/www.facebook.com\/MUTEX2010\/photos\/a.149219418865.115179.93529078865\/10153737384818866\/?type=3&amp;theater\" target=\"_blank\">4.-EXPOSICI\u00d3N \u00abEL REBOZO, DON DE LA LLORONA\u00bb<\/a><\/strong><\/p>\n<p>El Museo Textil de Oaxaca nos invita a la \u00faltima exposici\u00f3n que realizar\u00e1n en el presente a\u00f1o, la cual lleva por t\u00edtulo \u00abEl Rebozo, don de la Llorona\u00bb y en la cual se expondr\u00e1n diversas piezas relacionadas con el rebozo, no s\u00f3lo de M\u00e9xico, sino de otras partes del mundo.<\/p>\n<p>M\u00e1s de 49 piezas ser\u00e1n mostradas, todas ellas vinculadas al rebozo en cuanto a t\u00e9cnica, de las cuales once son del acervo del Museo Franz Meyer y que fueron prestadas temporalmente para esta exposici\u00f3n.<\/p>\n<p>Para conocer m\u00e1s sobre este evento, escucha la <strong><a href=\"http:\/\/www.eloriente.net\/home\/2015\/11\/25\/salvador-maldonado-paz-juan-pablo-vasconcelos-y-maria-dolores-jimenez-en-todo-oaxaca-radio\/\" target=\"_blank\">\u00faltima emisi\u00f3n<\/a><\/strong> del programa <strong>Todo Oaxaca Radio,<\/strong> donde el encargado de difusi\u00f3n del Museo Textil de Oaxaca nos platic\u00f3 ampliamente sobre \u00abEl Rebozo, don de la Llorona\u00bb.<\/p>\n<p>La exposici\u00f3n se inaugurar\u00e1 el pr\u00f3ximo s\u00e1bado 28 de noviembre a las 18:00 horas en el Museo Textil de Oaxaca, la entrada es totalmente gratuita.<\/p>\n<p><a href=\"http:\/\/www.eloriente.net\/home\/wp-content\/uploads\/2015\/11\/Rebozo-e1448571165726.jpg\"><img loading=\"lazy\" decoding=\"async\" class=\"alignnone size-full wp-image-40971\" src=\"http:\/\/www.eloriente.net\/home\/wp-content\/uploads\/2015\/11\/Rebozo-e1448571165726.jpg\" alt=\"Rebozo\" width=\"720\" height=\"480\" \/><\/a><\/p>\n<p><strong><a href=\"https:\/\/www.facebook.com\/IAGOmx\/?fref=ts\" target=\"_blank\">5.- PRESENTACI\u00d3N DEL LIBRO \u00abLA DIOSA DE LAS LETRAS\u00bb<\/a><\/strong><\/p>\n<p>El pr\u00f3ximo s\u00e1bado 28 de noviembre se presentar\u00e1 en el Instituto de Artes Gr\u00e1ficas de Oaxaca el libro \u00abLa diosa de las letras\u00bb de Armando Vega Gil, el cual es un relato corto autobiogr\u00e1fico donde el autor nos cuenta su descubrimiento con las letras, su adolescencia\u00a0y los amores de preparatoria; la importancia del deseo y la piel en un adolescente endiosado con su maestra de literatura.<\/p>\n<p>La cita es a las 19:00 horas en las instalaciones del IAGO<\/p>\n<p><a href=\"http:\/\/www.eloriente.net\/home\/wp-content\/uploads\/2015\/11\/Diosa-de-letras-e1448571197613.jpg\"><img loading=\"lazy\" decoding=\"async\" class=\"alignnone size-full wp-image-40973\" src=\"http:\/\/www.eloriente.net\/home\/wp-content\/uploads\/2015\/11\/Diosa-de-letras-e1448571197613.jpg\" alt=\"Diosa de letras\" width=\"720\" height=\"554\" \/><\/a><\/p>\n<p><strong>OTRAS ENTRADAS<\/strong><\/p>\n<div class=\"featuredpost\">\n<div class=\"flow_hide\">\n<h2 class=\"posttitle bigposttitle\"><a title=\"Enlace Permanente a Salvador Maldonado Paz, Juan Pablo Vasconcelos y Mar\u00eda Dolores Jim\u00e9nez en Todo Oaxaca Radio\" href=\"http:\/\/www.eloriente.net\/home\/2015\/11\/25\/salvador-maldonado-paz-juan-pablo-vasconcelos-y-maria-dolores-jimenez-en-todo-oaxaca-radio\/\" rel=\"bookmark\">Salvador Maldonado Paz, Juan Pablo Vasconcelos y Mar\u00eda Dolores Jim\u00e9nez en Todo Oaxaca Radio<\/a><\/h2>\n<\/div>\n<p>Eloriente.net\/todooaxacaradio.com 25 de noviembre de 2015 Todo Oaxaca Radio es el programa de la comunidad cultural, como todos los martes tuvimos nuestra emisi\u00f3n en vivo y en\u2026<\/p>\n<p class=\"postmeta\"><span class=\"meta_date\">noviembre 25, 2015<\/span><\/p>\n<div class=\"toolbar-social\"><\/div>\n<\/div>\n<div class=\"featuredpost\">\n<div class=\"flow_hide\">\n<h2 class=\"posttitle \"><a title=\"Enlace Permanente a Estados Unidos, la econom\u00eda mejor valorada del mundo\" href=\"http:\/\/www.eloriente.net\/home\/2015\/11\/24\/estados-unidos-la-economia-mejor-valorada-del-mundo\/\" rel=\"bookmark\">Estados Unidos, la econom\u00eda mejor valorada del mundo<\/a><\/h2>\n<\/div>\n<p>(www.eloriente.net, M\u00e9xico, a 24 de noviembre de 2015, por Valery L\u00f3pez).- El World Economic Forum public\u00f3 un estudio en el que presenta a los pa\u00edses que cuentan\u2026<\/p>\n<p class=\"postmeta\"><span class=\"meta_date\">noviembre 24, 2015<\/span><\/p>\n<div class=\"toolbar-social\"><\/div>\n<\/div>\n<div class=\"featuredpost\">\n<div class=\"flow_hide\">\n<p><a href=\"http:\/\/www.eloriente.net\/home\/2015\/11\/23\/pasos-hacia-la-auto-publicacion-digital-por-diego-gonzalez\/\" rel=\"bookmark\"><img decoding=\"async\" class=\"alignleft\" title=\"Pasos hacia la auto-publicaci\u00f3n digital, por Diego Gonz\u00e1lez\" src=\"http:\/\/www.eloriente.net\/home\/wp-content\/themes\/city-desk\/timthumb.php?src=http%3A%2F%2Fwww.eloriente.net%2Fhome%2Fwp-content%2Fuploads%2F2015%2F11%2Fbigstock_books_fly_into_your_laptop_17224229.jpg&amp;q=90&amp;w=70&amp;h=45&amp;zc=1\" alt=\"Pasos hacia la auto-publicaci\u00f3n digital, por Diego Gonz\u00e1lez\" \/><\/a><\/p>\n<h2 class=\"posttitle \"><a title=\"Enlace Permanente a Pasos hacia la auto-publicaci\u00f3n digital, por Diego Gonz\u00e1lez\" href=\"http:\/\/www.eloriente.net\/home\/2015\/11\/23\/pasos-hacia-la-auto-publicacion-digital-por-diego-gonzalez\/\" rel=\"bookmark\">Pasos hacia la auto-publicaci\u00f3n digital, por Diego Gonz\u00e1lez<\/a><\/h2>\n<\/div>\n<p>(www.eloriente.net, M\u00e9xico, a 23 de noviembre de 2015, por Diego Gonz\u00e1lez Algara).- El presente art\u00edculo versa sobre la publicaci\u00f3n o m\u00e1s bien deber\u00eda de ser la auto\u00a0publicaci\u00f3n\u2026<\/p>\n<p class=\"postmeta\"><span class=\"meta_date\">noviembre 23, 2015<\/span><\/p>\n<\/div>\n\n\t\t\t  <div \n\t\t\t  \tclass = \"fb-comments\" \n\t\t\t  \tdata-href = \"http:\/\/www.eloriente.net\/home\/2015\/11\/26\/5-actividades-culturales-en-oaxaca-que-no-te-puedes-perder-26-28-de-noviembre\/\"\n\t\t\t  \tdata-numposts = \"10\"\n\t\t\t\tdata-colorscheme = \"dark\"\n\t\t\t\tdata-order-by = \"social\"\n\t\t\t\tdata-mobile=true>\n\t\t\t  <\/div>\n\t\t  <style>\n\t\t\t.fb_iframe_widget_fluid_desktop iframe {\n\t\t\t    width: 100% !important;\n\t\t\t}\n\t\t  <\/style>\n\t\t  ","protected":false},"excerpt":{"rendered":"<p>&nbsp; (www.eloriente.net, M\u00e9xico, a 26 de noviembre de 2015, por Valery L\u00f3pez).-\u00a0Como cada semana, en EL ORIENTE nos dimos a la tarea de buscar las actividades culturales que no puedes dejar pasar en los pr\u00f3ximos d\u00edas. En esta ocasi\u00f3n te presentamos instalaciones, exposiciones y presentaciones. 1.- TERCER ENCUENTRO DE ARTE J\u00d3VENES CREADORES J\u00f3venes Creadores es [&hellip;]<\/p>\n","protected":false},"author":44,"featured_media":40971,"comment_status":"open","ping_status":"open","sticky":false,"template":"","format":"standard","meta":{"_jetpack_memberships_contains_paid_content":false,"footnotes":""},"categories":[8,18,32,63,464],"tags":[3648,950,5263,5264,5239,3506,5262,4266,5265,5266,5238],"class_list":["post-40969","post","type-post","status-publish","format-standard","has-post-thumbnail","hentry","category-agenda","category-educacion-y-cultura","category-entradas","category-estados","category-oaxaca-estados","tag-actividades-culturales","tag-astronomia","tag-encuentro-de-arte-de-jovenes-creadores","tag-fonca","tag-instalacion","tag-maco","tag-museo-de-arte-contemporanea-de-oaxaca","tag-museo-textil-de-oaxaca","tag-noche-de-las-estrellas","tag-plaza-de-la-danza","tag-reflexiones-infinitas"],"jetpack_featured_media_url":"http:\/\/www.eloriente.net\/home\/wp-content\/uploads\/2015\/11\/Rebozo-e1448571165726.jpg","jetpack_sharing_enabled":true,"_links":{"self":[{"href":"http:\/\/www.eloriente.net\/home\/wp-json\/wp\/v2\/posts\/40969"}],"collection":[{"href":"http:\/\/www.eloriente.net\/home\/wp-json\/wp\/v2\/posts"}],"about":[{"href":"http:\/\/www.eloriente.net\/home\/wp-json\/wp\/v2\/types\/post"}],"author":[{"embeddable":true,"href":"http:\/\/www.eloriente.net\/home\/wp-json\/wp\/v2\/users\/44"}],"replies":[{"embeddable":true,"href":"http:\/\/www.eloriente.net\/home\/wp-json\/wp\/v2\/comments?post=40969"}],"version-history":[{"count":3,"href":"http:\/\/www.eloriente.net\/home\/wp-json\/wp\/v2\/posts\/40969\/revisions"}],"predecessor-version":[{"id":40979,"href":"http:\/\/www.eloriente.net\/home\/wp-json\/wp\/v2\/posts\/40969\/revisions\/40979"}],"wp:featuredmedia":[{"embeddable":true,"href":"http:\/\/www.eloriente.net\/home\/wp-json\/wp\/v2\/media\/40971"}],"wp:attachment":[{"href":"http:\/\/www.eloriente.net\/home\/wp-json\/wp\/v2\/media?parent=40969"}],"wp:term":[{"taxonomy":"category","embeddable":true,"href":"http:\/\/www.eloriente.net\/home\/wp-json\/wp\/v2\/categories?post=40969"},{"taxonomy":"post_tag","embeddable":true,"href":"http:\/\/www.eloriente.net\/home\/wp-json\/wp\/v2\/tags?post=40969"}],"curies":[{"name":"wp","href":"https:\/\/api.w.org\/{rel}","templated":true}]}}