{"id":40991,"date":"2015-11-27T15:24:00","date_gmt":"2015-11-27T21:24:00","guid":{"rendered":"http:\/\/www.eloriente.net\/home\/?p=40991"},"modified":"2015-11-27T15:24:00","modified_gmt":"2015-11-27T21:24:00","slug":"las-canciones-mas-virales-de-spotify-trndsttr-lucian-remix-de-black-coast-y-m-maggie","status":"publish","type":"post","link":"http:\/\/www.eloriente.net\/home\/2015\/11\/27\/las-canciones-mas-virales-de-spotify-trndsttr-lucian-remix-de-black-coast-y-m-maggie\/","title":{"rendered":"Las canciones m\u00e1s virales de Spotify: \u201cTrndsttr (Lucian Remix)\u00bb de Black Coast y M. Maggie"},"content":{"rendered":"<p><script src=\"\/\/pagead2.googlesyndication.com\/pagead\/js\/adsbygoogle.js\" async=\"\"><\/script><!-- BANNER ELORIENTE INCRUSTADO NOTAS --> <ins class=\"adsbygoogle\" style=\"display: inline-block; width: 300px; height: 250px;\" data-ad-client=\"ca-pub-1136171134853753\" data-ad-slot=\"7974633627\"><\/ins><script>\/\/ <![CDATA[\n(adsbygoogle = window.adsbygoogle || []).push({});\n\/\/ ]]><\/script><\/p>\n<p>&nbsp;<\/p>\n<p>(www.eloriente.net, M\u00e9xico, a 27 de noviembre de 2015, por Valery L\u00f3pez).-\u00a0Spotify cuenta con un gran n\u00famero de listas dise\u00f1adas para ayudar a que sus usuarios conozcan m\u00fasica nueva. Una de las m\u00e1s interesantes es la titulada \u201cLas 50 m\u00e1s virales de\u2026\u201d, un \u201cchart\u201d que muestra los temas que han sido m\u00e1s compartidos en cada pa\u00eds, y que se actualiza constantemente.<\/p>\n<p><strong>En el ranking de M\u00e7exico<\/strong>, encontramos que esta semana\u00a0<strong>\u201cTrndsttr (Lucian Remix) [feat. M. Maggie]\u201d,\u00a0<\/strong>de Black Coast y M. Maggie, se encuentra en los primeros lugares de dicha lista.<\/p>\n<p>Se podr\u00e1 notar que el nombre de esta canci\u00f3n es algo largo, por los a\u00f1adidos y las colaboraciones, pero existe una buena raz\u00f3n para ello, y a continuaci\u00f3n te contaremos acerca de ello.<\/p>\n<p>El nombre original del tema es \u00abTrndsttr\u00bb y que lleva los cr\u00e9ditos de Black Coast y M. Maggie, pero \u00bfqui\u00e9nes son ellos? Bueno, M. Maggie es una cantante que reci\u00e9n comienza su carrera en la m\u00fasica, y es la encargada de prestar su voz para dicho tema. Black Coast, es un proyecto musical producido por Rapoport, quien planea lanzar singles haciendo colaboraci\u00f3n con artistas de diversos or\u00edgenes.<\/p>\n<p><script src=\"\/\/pagead2.googlesyndication.com\/pagead\/js\/adsbygoogle.js\" async=\"\"><\/script><!-- BANNER PEQUE\u00d1O PARA ENTRENOTAS EL ORIENTE --> <ins class=\"adsbygoogle\" style=\"display: inline-block; width: 468px; height: 60px;\" data-ad-client=\"ca-pub-1136171134853753\" data-ad-slot=\"4953536424\"><\/ins><script>\/\/ <![CDATA[\n(adsbygoogle = window.adsbygoogle || []).push({});\n\/\/ ]]><\/script><\/p>\n<p><iframe loading=\"lazy\" src=\"https:\/\/www.youtube.com\/embed\/y-WLQwEVzAw\" width=\"560\" height=\"315\" frameborder=\"0\" allowfullscreen=\"allowfullscreen\"><\/iframe><\/p>\n<p>Lucian es un productor neoyorquino que realiza colaboraciones musicales con otros artistas, aunque se enfoca m\u00e1s en realizar remixes de temas. \u00c9l retom\u00f3 la original \u00abTrndsttr\u00bb e hizo una nueva mezcla utilizando la base de esa canci\u00f3n, el resultado al parecer ha gustado mucho entre el p\u00fablico mexicano, pues es uno de los temas m\u00e1s escuchados y compartidos en M\u00e9xico durante esta semana.<\/p>\n<p><iframe loading=\"lazy\" src=\"https:\/\/www.youtube.com\/embed\/r7Ve8ExE8YY\" width=\"560\" height=\"315\" frameborder=\"0\" allowfullscreen=\"allowfullscreen\"><\/iframe><\/p>\n<p>La lista de \u00abLas m\u00e1s virales de M\u00e9xico\u00bb se compone de la siguiente manera:<\/p>\n<p>1.-<strong> Ora Pinches Vergas<\/strong> de The Wookies y Silv\u00e9rio<\/p>\n<p>2.- <strong>Adventure of a Lifetime<\/strong> de Coldplay<\/p>\n<p>3.-<strong> Trndsttr (Lucian Remix) [feat. M. Maggie]<\/strong> de Black Coast y M. Maggie<\/p>\n<p>4.-<strong> Sax<\/strong> de Fleur East<\/p>\n<p>5.- <strong>Half the World Away\u00a0<\/strong>de AURORA<\/p>\n<p>6.- <strong>Le da Igual<\/strong> de Cultura Prof\u00e9tica<\/p>\n<p>7.- <strong>The Girl Is Mine featuring Destiny&#8217;s Child &amp; Brandy<\/strong>\u00a0de 99 Souls<\/p>\n<p>8.- <strong>Palmar<\/strong> de Caloncho y Mon Laferte<\/p>\n<p>9.- <strong>Gold<\/strong> de Kiiara<\/p>\n<p>10.- <strong>Take On Me &#8211; The Bluegrass Tribute to A-Ha<\/strong> de Pickin&#8217; On Series<\/p>\n<p><a href=\"http:\/\/www.eloriente.net\/home\/wp-content\/uploads\/2015\/11\/TRNDSTTR.jpg\"><img loading=\"lazy\" decoding=\"async\" class=\"alignnone size-medium wp-image-40997\" src=\"http:\/\/www.eloriente.net\/home\/wp-content\/uploads\/2015\/11\/TRNDSTTR-300x300.jpg\" alt=\"TRNDSTTR\" width=\"300\" height=\"300\" srcset=\"http:\/\/www.eloriente.net\/home\/wp-content\/uploads\/2015\/11\/TRNDSTTR-300x300.jpg 300w, http:\/\/www.eloriente.net\/home\/wp-content\/uploads\/2015\/11\/TRNDSTTR-150x150.jpg 150w, http:\/\/www.eloriente.net\/home\/wp-content\/uploads\/2015\/11\/TRNDSTTR-1024x1024.jpg 1024w, http:\/\/www.eloriente.net\/home\/wp-content\/uploads\/2015\/11\/TRNDSTTR-50x50.jpg 50w, http:\/\/www.eloriente.net\/home\/wp-content\/uploads\/2015\/11\/TRNDSTTR-144x144.jpg 144w, http:\/\/www.eloriente.net\/home\/wp-content\/uploads\/2015\/11\/TRNDSTTR-900x900.jpg 900w\" sizes=\"(max-width: 300px) 100vw, 300px\" \/><\/a><\/p>\n<p><strong>OTRAS ENTRADAS<\/strong><\/p>\n<div class=\"featuredpost\">\n<div class=\"flow_hide\">\n<h2 class=\"posttitle bigposttitle\"><a title=\"Enlace Permanente a EN VIVO: Sigue los eventos de la COP-21 en Par\u00eds\" href=\"http:\/\/www.eloriente.net\/home\/2015\/11\/27\/en-vivo-sigue-los-eventos-de-la-cop-21-en-paris\/\" rel=\"bookmark\">EN VIVO: Sigue los eventos de la COP-21 en Par\u00eds<\/a><\/h2>\n<\/div>\n<p>(www.eloriente.net, M\u00e9xico, a 27 de noviembre de 2015, por Valery L\u00f3pez).- En poco m\u00e1s de 20 d\u00edas se realizar\u00e1 en Francia la vig\u00e9simo primera Conferencia de las\u2026<\/p>\n<p class=\"postmeta\"><span class=\"meta_date\">noviembre 27, 2015<\/span><\/p>\n<div class=\"toolbar-social\"><\/div>\n<\/div>\n<div class=\"featuredpost\">\n<div class=\"flow_hide\"><a href=\"http:\/\/www.eloriente.net\/home\/2015\/11\/27\/convoca-sectur-al-13er-concurso-nacional-de-cultura-turistica\/\" rel=\"bookmark\"><img decoding=\"async\" class=\"alignleft\" title=\"Convoca SECTUR al 13er. Concurso Nacional de Cultura Tur\u00edstica\" src=\"http:\/\/www.eloriente.net\/home\/wp-content\/themes\/city-desk\/timthumb.php?src=http%3A%2F%2Fwww.eloriente.net%2Fhome%2Fwp-content%2Fuploads%2F2015%2F11%2FEnchiladas-comida-mexicana.jpg&amp;q=90&amp;w=70&amp;h=45&amp;zc=1\" alt=\"Convoca SECTUR al 13er. Concurso Nacional de Cultura Tur\u00edstica\" \/><\/a><\/p>\n<h2 class=\"posttitle \"><a title=\"Enlace Permanente a Convoca SECTUR al 13er. Concurso Nacional de Cultura Tur\u00edstica\" href=\"http:\/\/www.eloriente.net\/home\/2015\/11\/27\/convoca-sectur-al-13er-concurso-nacional-de-cultura-turistica\/\" rel=\"bookmark\">Convoca SECTUR al 13er. Concurso Nacional de Cultura Tur\u00edstica<\/a><\/h2>\n<\/div>\n<p>(www.eloriente.net, M\u00e9xico, a 27 de noviembre de 2015, por Valery L\u00f3pez).- La Secretar\u00eda de Turismo (Sectur), a trav\u00e9s del Instituto de Competitividad Tur\u00edstica, lanz\u00f3 la convocatoria para\u2026<\/p>\n<p class=\"postmeta\"><span class=\"meta_date\">noviembre 27, 2015<\/span><\/p>\n<div class=\"toolbar-social\"><\/div>\n<\/div>\n<div class=\"featuredpost\">\n<div class=\"flow_hide\"><a href=\"http:\/\/www.eloriente.net\/home\/2015\/11\/25\/salvador-maldonado-paz-juan-pablo-vasconcelos-y-maria-dolores-jimenez-en-todo-oaxaca-radio\/\" rel=\"bookmark\"><img decoding=\"async\" class=\"alignleft\" title=\"Salvador Maldonado Paz, Juan Pablo Vasconcelos y Mar\u00eda Dolores Jim\u00e9nez en Todo Oaxaca Radio\" src=\"http:\/\/www.eloriente.net\/home\/wp-content\/themes\/city-desk\/timthumb.php?src=http%3A%2F%2Fwww.eloriente.net%2Fhome%2Fwp-content%2Fuploads%2F2015%2F11%2FWP_20151124_0051.jpg&amp;q=90&amp;w=70&amp;h=45&amp;zc=1\" alt=\"Salvador Maldonado Paz, Juan Pablo Vasconcelos y Mar\u00eda Dolores Jim\u00e9nez en Todo Oaxaca Radio\" \/><\/a><\/p>\n<h2 class=\"posttitle \"><a title=\"Enlace Permanente a Salvador Maldonado Paz, Juan Pablo Vasconcelos y Mar\u00eda Dolores Jim\u00e9nez en Todo Oaxaca Radio\" href=\"http:\/\/www.eloriente.net\/home\/2015\/11\/25\/salvador-maldonado-paz-juan-pablo-vasconcelos-y-maria-dolores-jimenez-en-todo-oaxaca-radio\/\" rel=\"bookmark\">Salvador Maldonado Paz, Juan Pablo Vasconcelos y Mar\u00eda Dolores Jim\u00e9nez en Todo Oaxaca Radio<\/a><\/h2>\n<\/div>\n<p>Eloriente.net\/todooaxacaradio.com 25 de noviembre de 2015 Todo Oaxaca Radio es el programa de la comunidad cultural, como todos los martes tuvimos nuestra emisi\u00f3n en vivo y en\u2026<\/p>\n<p class=\"postmeta\"><span class=\"meta_date\">noviembre 25, 2015<\/span><\/p>\n<\/div>\n\n\t\t\t  <div \n\t\t\t  \tclass = \"fb-comments\" \n\t\t\t  \tdata-href = \"http:\/\/www.eloriente.net\/home\/2015\/11\/27\/las-canciones-mas-virales-de-spotify-trndsttr-lucian-remix-de-black-coast-y-m-maggie\/\"\n\t\t\t  \tdata-numposts = \"10\"\n\t\t\t\tdata-colorscheme = \"dark\"\n\t\t\t\tdata-order-by = \"social\"\n\t\t\t\tdata-mobile=true>\n\t\t\t  <\/div>\n\t\t  <style>\n\t\t\t.fb_iframe_widget_fluid_desktop iframe {\n\t\t\t    width: 100% !important;\n\t\t\t}\n\t\t  <\/style>\n\t\t  ","protected":false},"excerpt":{"rendered":"<p>&nbsp; (www.eloriente.net, M\u00e9xico, a 27 de noviembre de 2015, por Valery L\u00f3pez).-\u00a0Spotify cuenta con un gran n\u00famero de listas dise\u00f1adas para ayudar a que sus usuarios conozcan m\u00fasica nueva. Una de las m\u00e1s interesantes es la titulada \u201cLas 50 m\u00e1s virales de\u2026\u201d, un \u201cchart\u201d que muestra los temas que han sido m\u00e1s compartidos en cada [&hellip;]<\/p>\n","protected":false},"author":44,"featured_media":40997,"comment_status":"open","ping_status":"open","sticky":false,"template":"","format":"standard","meta":{"_jetpack_memberships_contains_paid_content":false,"footnotes":""},"categories":[5,32,13,10],"tags":[5277,5280,5175,5279,5278,141,149,4693,5176,5276],"class_list":["post-40991","post","type-post","status-publish","format-standard","has-post-thumbnail","hentry","category-canal-3-musica","category-entradas","category-especiales","category-lo-mas-reciente","tag-black-coast","tag-charts","tag-las-mas-virales","tag-lucian","tag-m-maggie","tag-mexico","tag-musica","tag-spotify","tag-top","tag-trndsttr"],"jetpack_featured_media_url":"http:\/\/www.eloriente.net\/home\/wp-content\/uploads\/2015\/11\/TRNDSTTR.jpg","jetpack_sharing_enabled":true,"_links":{"self":[{"href":"http:\/\/www.eloriente.net\/home\/wp-json\/wp\/v2\/posts\/40991"}],"collection":[{"href":"http:\/\/www.eloriente.net\/home\/wp-json\/wp\/v2\/posts"}],"about":[{"href":"http:\/\/www.eloriente.net\/home\/wp-json\/wp\/v2\/types\/post"}],"author":[{"embeddable":true,"href":"http:\/\/www.eloriente.net\/home\/wp-json\/wp\/v2\/users\/44"}],"replies":[{"embeddable":true,"href":"http:\/\/www.eloriente.net\/home\/wp-json\/wp\/v2\/comments?post=40991"}],"version-history":[{"count":2,"href":"http:\/\/www.eloriente.net\/home\/wp-json\/wp\/v2\/posts\/40991\/revisions"}],"predecessor-version":[{"id":40999,"href":"http:\/\/www.eloriente.net\/home\/wp-json\/wp\/v2\/posts\/40991\/revisions\/40999"}],"wp:featuredmedia":[{"embeddable":true,"href":"http:\/\/www.eloriente.net\/home\/wp-json\/wp\/v2\/media\/40997"}],"wp:attachment":[{"href":"http:\/\/www.eloriente.net\/home\/wp-json\/wp\/v2\/media?parent=40991"}],"wp:term":[{"taxonomy":"category","embeddable":true,"href":"http:\/\/www.eloriente.net\/home\/wp-json\/wp\/v2\/categories?post=40991"},{"taxonomy":"post_tag","embeddable":true,"href":"http:\/\/www.eloriente.net\/home\/wp-json\/wp\/v2\/tags?post=40991"}],"curies":[{"name":"wp","href":"https:\/\/api.w.org\/{rel}","templated":true}]}}