{"id":41043,"date":"2015-11-30T18:34:12","date_gmt":"2015-12-01T00:34:12","guid":{"rendered":"http:\/\/www.eloriente.net\/home\/?p=41043"},"modified":"2015-12-08T09:28:54","modified_gmt":"2015-12-08T15:28:54","slug":"5-atractivos-turisticos-en-juquila-y-sola-de-vega","status":"publish","type":"post","link":"http:\/\/www.eloriente.net\/home\/2015\/11\/30\/5-atractivos-turisticos-en-juquila-y-sola-de-vega\/","title":{"rendered":"5 atractivos tur\u00edsticos en Juquila y Sola de Vega"},"content":{"rendered":"<p><script src=\"\/\/pagead2.googlesyndication.com\/pagead\/js\/adsbygoogle.js\" async=\"\"><\/script><!-- BANNER ELORIENTE INCRUSTADO NOTAS --> <ins class=\"adsbygoogle\" style=\"display: inline-block; width: 300px; height: 250px;\" data-ad-client=\"ca-pub-1136171134853753\" data-ad-slot=\"7974633627\"><\/ins><script>\/\/ <![CDATA[\n(adsbygoogle = window.adsbygoogle || []).push({});\n\/\/ ]]><\/script><\/p>\n<p>&nbsp;<\/p>\n<p>(www.eloriente.net, M\u00e9xico, a 30 de noviembre de 2015, por Valery L\u00f3pez).- Recientemente fue inaugurada de manera oficial la \u00abRuta de la Fe Juquila\u00bb en Oaxaca, la cual tuvo una inversi\u00f3n de 220,6 millones de pesos, y que pretende beneficiar a ocho municipios de las regiones de Valles Centrales, Sierra Sur y Costa oaxaque\u00f1a.<\/p>\n<p>Dicha ruta est\u00e1 compuesta por 6 comunidades que son Zimatl\u00e1n de \u00c1lvarez, San Pablo Huixtepec, Ayoquezco de Aldama, San Sebasti\u00e1n de las Grutas, Villa Sola de Vega, San Pedro Juchatengo y Santa Catarina Juquila.<\/p>\n<p>Con la intenci\u00f3n de conmemorar esta nueva ruta tur\u00edstica, en EL ORIENTE nos dimos a la tarea de buscar 5 atractivos tur\u00edsticos que vale la pena visitar en la \u00abRuta de la Fe\u00bb, espec\u00edficamente en las comunidades de Juquila y Sola de Vega.<\/p>\n<p><strong>1.- EL PEDIMENTO<\/strong><\/p>\n<p>Este lugar se encuentra a unos kil\u00f3metros de Santa Catarina Juquila y es frecuentado por los creyentes con el fin de expresar sus peticiones a la virgen de Juquila, las cuales realizan, en su gran mayor\u00eda, mediante figuras de barro que cada feligr\u00e9s realiza en ese mismo sitio o que ya llevan preparados.<\/p>\n<p>Al finalizar el ritual, los visitantes tienen la posibilidad de ir a Juquila caminando, a trav\u00e9s de un sendero que se encuentra en la parte trasera de la capilla. Elegir esta ruta es un encuentro con la naturaleza, pues la vereda se encuentra enmarcada por la vegetaci\u00f3n del lugar.<\/p>\n<p><iframe loading=\"lazy\" src=\"https:\/\/www.youtube.com\/embed\/QEYPYwYbdbs\" width=\"560\" height=\"315\" frameborder=\"0\" allowfullscreen=\"allowfullscreen\"><\/iframe><\/p>\n<p><strong>2.- SANTUARIO DE LA VIRGEN DE JUQUILA<\/strong><\/p>\n<p>Visita a obligada al estar en Juquila, este santuario representa una de las obras arquitect\u00f3nicas de mayor trascendencia religiosa en el estado y en M\u00e9xico.<\/p>\n<p>Comenz\u00f3 su construcci\u00f3n a finales del siglo XVIII y fue terminada en 1791. Un decreto episcopal orden\u00f3 que la virgen de Santa Catarina Juquila quedara colocada definitivamente en ese santuario.<\/p>\n<p>A\u00f1o con a\u00f1o, en el marco de la celebraci\u00f3n de la virgen, que se lleva a cabo cada 8 de diciembre, miles de peregrinos llegan al poblado con el fin de agradecer o de pedirle alg\u00fan favor a la virgen de Santa Catarina Juquila.<\/p>\n<p><a href=\"http:\/\/www.eloriente.net\/home\/wp-content\/uploads\/2015\/11\/9927093106_38bec54f38_o-e1448929865201.jpg\"><img loading=\"lazy\" decoding=\"async\" class=\"alignnone size-full wp-image-41044\" src=\"http:\/\/www.eloriente.net\/home\/wp-content\/uploads\/2015\/11\/9927093106_38bec54f38_o-e1448929865201.jpg\" alt=\"9927093106_38bec54f38_o\" width=\"560\" height=\"412\" \/><\/a><\/p>\n<p><script src=\"\/\/pagead2.googlesyndication.com\/pagead\/js\/adsbygoogle.js\" async=\"\"><\/script><!-- BANNER PEQUE\u00d1O PARA ENTRENOTAS EL ORIENTE --> <ins class=\"adsbygoogle\" style=\"display: inline-block; width: 468px; height: 60px;\" data-ad-client=\"ca-pub-1136171134853753\" data-ad-slot=\"4953536424\"><\/ins><script>\/\/ <![CDATA[\n(adsbygoogle = window.adsbygoogle || []).push({});\n\/\/ ]]><\/script><\/p>\n<p><strong>3.- SAN JUAN LACHAO<\/strong><\/p>\n<p>Este lugar en los \u00faltimos a\u00f1os se ha convertido, gracias a su belleza natural y a sus maravillosos paisajes, en un destino relevante para el ecoturismo o turismo de aventura.<\/p>\n<p>En San Juan Lachao se pueden realizar muy diversas actividades, entre las que se encuentran, por ejemplo, el viaje en tirolesa a trav\u00e9s de sus frondosos bosques, un descenso de casi 100 metros. As\u00ed mismo se puede disfrutar de la belleza de sus milenarios bosques y de sus bellas y altas cascadas.<\/p>\n<p><iframe loading=\"lazy\" src=\"https:\/\/www.youtube.com\/embed\/98yu-fa3Zy8\" width=\"560\" height=\"315\" frameborder=\"0\" allowfullscreen=\"allowfullscreen\"><\/iframe><\/p>\n<p><strong>4.- SANTA MAR\u00cdA AMIALTEPEC<\/strong><\/p>\n<p>Lo interesante de este sitio, m\u00e1s all\u00e1 de la belleza que nos otorga gracias a su cercan\u00eda con la naturaleza, es la historia que ostenta, misma que ha sido de gran relevancia para este lugar y para Santa Catarina Juquila.<\/p>\n<p>Amialtepec fue el primer hogar de la virgen de la Inmaculada Concepci\u00f3n, se cuenta que Fray Jord\u00e1n, quien pose\u00eda la imagen de la virgen, lleg\u00f3 a la zona con la intenci\u00f3n de evangelizar, ah\u00ed obtuvo la ayuda una persona del lugar, quien lo acogi\u00f3 y le dio todas las facilidades para que pudiera llevar a cabo su misi\u00f3n.<\/p>\n<p>Luego de que Fray Jord\u00e1n terminar\u00e1 de recorrer las comunidades de la zona, tuvo que dejar el lugar, pero antes, le obsequi\u00f3 la imagen de la virgen a la persona que le hab\u00eda brindado su ayuda. Los pobladores comenzaron a adorarla y la trasladaron a un templo que hab\u00edan construido en su honor.<\/p>\n<p>Un d\u00eda de invierno, mientras quemaban parte del cerro con el fin de preparar el terreno para la primavera, los pobladores vieron como el fuego se descontrolaba y quemaba las casas de la comunidad. Cuando el incendio ces\u00f3, se dieron a la tarea de revisar el pueblo, con el fin de entrar algo que el fuego no hubiera consumido, grande fue su sorpresa al ver que el templo de la virgen hab\u00eda sido reducido a cenizas, sin embargo, la imagen de la virgen permanec\u00eda pr\u00e1cticamente intacta.<\/p>\n<p>Luego del incidente fue trasladada a la poblaci\u00f3n m\u00e1s cercana: Santa Catarina Juquila, donde se encuentra hasta el d\u00eda de hoy.<\/p>\n<p><iframe loading=\"lazy\" src=\"https:\/\/www.youtube.com\/embed\/Yukz1HWdkaw\" width=\"420\" height=\"315\" frameborder=\"0\" allowfullscreen=\"allowfullscreen\"><\/iframe><\/p>\n<p><strong>5.-SAN SEBASTI\u00c1N DE LAS GRUTAS<\/strong><\/p>\n<p>Es una poblaci\u00f3n perteneciente al municipio de Sola de Vega, el mayor atractivo de este lugar es su sistema de grutas que se encuentra conformado por varias ramificaciones, de las cuales, s\u00f3lo una ha sido explorada y es la \u00fanica que tiene acceso para visitas tur\u00edsticas.<\/p>\n<p>Las rocas calc\u00e1reas del lugar han formado una serie de impresionantes construcciones, entre las que se encuentran una columna de gran tama\u00f1o y dos estalagmitas de 15.5 y 7.5 metros de altura y un di\u00e1metro de 3.9 y 7.9 metros respectivamente. As\u00ed mismo se encuentran un gran n\u00famero de estalagmitas y estalactitas que han sido bautizadas por los lugare\u00f1os de acuerdo a las formas que en ellas encuentran.<\/p>\n<p><iframe loading=\"lazy\" src=\"https:\/\/www.youtube.com\/embed\/FIqlosM9pnk\" width=\"560\" height=\"315\" frameborder=\"0\" allowfullscreen=\"allowfullscreen\"><\/iframe><\/p>\n<p><strong>OTRAS ENTRADAS<\/strong><\/p>\n<div class=\"featuredpost\">\n<div class=\"flow_hide\">\n<h2 class=\"posttitle bigposttitle\"><a title=\"Enlace Permanente a En Venezuela, oposici\u00f3n lidera encuestas de preferencia electoral\" href=\"http:\/\/www.eloriente.net\/home\/2015\/11\/30\/en-venezuela-oposicion-lidera-encuestas-de-preferencia-electoral\/\" rel=\"bookmark\">En Venezuela, oposici\u00f3n lidera encuestas de preferencia electoral<\/a><\/h2>\n<\/div>\n<p>(www.eloriente.net, M\u00e9xico, a 30 de noviembre de 2015, por Valery L\u00f3pez).- El pasado domingo se public\u00f3 el estudio Venebar\u00f3metro correspondiente al mes noviembre, en el cual se\u2026<\/p>\n<p class=\"postmeta\"><span class=\"meta_date\">noviembre 30, 2015<\/span><\/p>\n<div class=\"toolbar-social\"><\/div>\n<\/div>\n<div class=\"featuredpost\">\n<div class=\"flow_hide\">\n<p><a href=\"http:\/\/www.eloriente.net\/home\/2015\/11\/28\/los-anuarios-culturales-que-hay-que-tomar-en-cuenta-para-2015\/\" rel=\"bookmark\"><img decoding=\"async\" class=\"alignleft\" title=\"Anuarios Culturales 2015\" src=\"http:\/\/www.eloriente.net\/home\/wp-content\/themes\/city-desk\/timthumb.php?src=http%3A%2F%2Fwww.eloriente.net%2Fhome%2Fwp-content%2Fuploads%2F2015%2F11%2FGaler%C3%ADa-Nacional-de-Arte.png&amp;q=90&amp;w=70&amp;h=45&amp;zc=1\" alt=\"Anuarios Culturales 2015\" \/><\/a><\/p>\n<h2 class=\"posttitle \"><a title=\"Enlace Permanente a Anuarios Culturales 2015\" href=\"http:\/\/www.eloriente.net\/home\/2015\/11\/28\/los-anuarios-culturales-que-hay-que-tomar-en-cuenta-para-2015\/\" rel=\"bookmark\">Anuarios Culturales 2015<\/a><\/h2>\n<\/div>\n<p>(www.eloriente.net, M\u00e9xico, a 28 de noviembre de 2015, por Valery L\u00f3pez).- Estamos a un mes de que se termine el 2015 y se acerca el momento en\u2026<\/p>\n<p class=\"postmeta\"><span class=\"meta_date\">noviembre 28, 2015<\/span><\/p>\n<div class=\"toolbar-social\"><\/div>\n<\/div>\n<div class=\"featuredpost\">\n<div class=\"flow_hide\">\n<p><a href=\"http:\/\/www.eloriente.net\/home\/2015\/11\/28\/las-efemerides-a-tener-en-cuenta-este-diciembre\/\" rel=\"bookmark\"><img decoding=\"async\" class=\"alignleft\" title=\"Los Aniversarios de Diciembre\" src=\"http:\/\/www.eloriente.net\/home\/wp-content\/themes\/city-desk\/timthumb.php?src=http%3A%2F%2Fwww.eloriente.net%2Fhome%2Fwp-content%2Fuploads%2F2014%2F03%2FOctavio-Paz-Algunos-derechos-reservados-por-Arturo-Espinosa1.jpg&amp;q=90&amp;w=70&amp;h=45&amp;zc=1\" alt=\"Los Aniversarios de Diciembre\" \/><\/a><\/p>\n<h2 class=\"posttitle \"><a title=\"Enlace Permanente a Los Aniversarios de Diciembre\" href=\"http:\/\/www.eloriente.net\/home\/2015\/11\/28\/las-efemerides-a-tener-en-cuenta-este-diciembre\/\" rel=\"bookmark\">Los Aniversarios de Diciembre<\/a><\/h2>\n<\/div>\n<p>(www.eloriente.net, M\u00e9xico, a 28 de noviembre de 2015, por Valery L\u00f3pez).- Entramos ya la recta final del a\u00f1o y, a lo largo de la historia, en el mes\u2026<\/p>\n<p class=\"postmeta\"><span class=\"meta_date\">noviembre 28, 2015<\/span><\/p>\n<\/div>\n\n\t\t\t  <div \n\t\t\t  \tclass = \"fb-comments\" \n\t\t\t  \tdata-href = \"http:\/\/www.eloriente.net\/home\/2015\/11\/30\/5-atractivos-turisticos-en-juquila-y-sola-de-vega\/\"\n\t\t\t  \tdata-numposts = \"10\"\n\t\t\t\tdata-colorscheme = \"dark\"\n\t\t\t\tdata-order-by = \"social\"\n\t\t\t\tdata-mobile=true>\n\t\t\t  <\/div>\n\t\t  <style>\n\t\t\t.fb_iframe_widget_fluid_desktop iframe {\n\t\t\t    width: 100% !important;\n\t\t\t}\n\t\t  <\/style>\n\t\t  ","protected":false},"excerpt":{"rendered":"<p>&nbsp; (www.eloriente.net, M\u00e9xico, a 30 de noviembre de 2015, por Valery L\u00f3pez).- Recientemente fue inaugurada de manera oficial la \u00abRuta de la Fe Juquila\u00bb en Oaxaca, la cual tuvo una inversi\u00f3n de 220,6 millones de pesos, y que pretende beneficiar a ocho municipios de las regiones de Valles Centrales, Sierra Sur y Costa oaxaque\u00f1a. Dicha [&hellip;]<\/p>\n","protected":false},"author":44,"featured_media":41044,"comment_status":"open","ping_status":"open","sticky":false,"template":"","format":"standard","meta":{"_jetpack_memberships_contains_paid_content":false,"footnotes":""},"categories":[18,32,13,63,23,464,19],"tags":[3084,5312,5311,4252,5310],"class_list":["post-41043","post","type-post","status-publish","format-standard","has-post-thumbnail","hentry","category-educacion-y-cultura","category-entradas","category-especiales","category-estados","category-municipios","category-oaxaca-estados","category-turismo-y-negocios","tag-juquila","tag-ruta-de-la-fe","tag-san-sebastian-de-las-grutas","tag-sola-de-vega","tag-virgen-de-juquila"],"jetpack_featured_media_url":"http:\/\/www.eloriente.net\/home\/wp-content\/uploads\/2015\/11\/9927093106_38bec54f38_o-e1448929865201.jpg","jetpack_sharing_enabled":true,"_links":{"self":[{"href":"http:\/\/www.eloriente.net\/home\/wp-json\/wp\/v2\/posts\/41043"}],"collection":[{"href":"http:\/\/www.eloriente.net\/home\/wp-json\/wp\/v2\/posts"}],"about":[{"href":"http:\/\/www.eloriente.net\/home\/wp-json\/wp\/v2\/types\/post"}],"author":[{"embeddable":true,"href":"http:\/\/www.eloriente.net\/home\/wp-json\/wp\/v2\/users\/44"}],"replies":[{"embeddable":true,"href":"http:\/\/www.eloriente.net\/home\/wp-json\/wp\/v2\/comments?post=41043"}],"version-history":[{"count":1,"href":"http:\/\/www.eloriente.net\/home\/wp-json\/wp\/v2\/posts\/41043\/revisions"}],"predecessor-version":[{"id":41045,"href":"http:\/\/www.eloriente.net\/home\/wp-json\/wp\/v2\/posts\/41043\/revisions\/41045"}],"wp:featuredmedia":[{"embeddable":true,"href":"http:\/\/www.eloriente.net\/home\/wp-json\/wp\/v2\/media\/41044"}],"wp:attachment":[{"href":"http:\/\/www.eloriente.net\/home\/wp-json\/wp\/v2\/media?parent=41043"}],"wp:term":[{"taxonomy":"category","embeddable":true,"href":"http:\/\/www.eloriente.net\/home\/wp-json\/wp\/v2\/categories?post=41043"},{"taxonomy":"post_tag","embeddable":true,"href":"http:\/\/www.eloriente.net\/home\/wp-json\/wp\/v2\/tags?post=41043"}],"curies":[{"name":"wp","href":"https:\/\/api.w.org\/{rel}","templated":true}]}}