{"id":41050,"date":"2015-12-01T09:59:59","date_gmt":"2015-12-01T15:59:59","guid":{"rendered":"http:\/\/www.eloriente.net\/home\/?p=41050"},"modified":"2015-12-01T09:59:59","modified_gmt":"2015-12-01T15:59:59","slug":"apagon-digital-hasta-el-2016","status":"publish","type":"post","link":"http:\/\/www.eloriente.net\/home\/2015\/12\/01\/apagon-digital-hasta-el-2016\/","title":{"rendered":"Apag\u00f3n Digital hasta el 2016"},"content":{"rendered":"<p><script src=\"\/\/pagead2.googlesyndication.com\/pagead\/js\/adsbygoogle.js\" async=\"\"><\/script><!-- BANNER ELORIENTE INCRUSTADO NOTAS --> <ins class=\"adsbygoogle\" style=\"display: inline-block; width: 300px; height: 250px;\" data-ad-client=\"ca-pub-1136171134853753\" data-ad-slot=\"7974633627\"><\/ins><script>\/\/ <![CDATA[\n(adsbygoogle = window.adsbygoogle || []).push({});\n\/\/ ]]><\/script><br \/>\neloriente.net\/Senado<\/p>\n<p>1 de diciembre de 2015<\/p>\n<ul>\n<li><strong>Ampl\u00eda plazo hasta el 31 de diciembre de 2016 para que puedan cumplir con esta obligaci\u00f3n.<\/strong><\/li>\n<li><strong>Se suspender\u00e1 distribuci\u00f3n de equipos receptores o decodificadores en proceso electoral.<\/strong><\/li>\n<\/ul>\n<p>Las comisiones unidas de Comunicaciones y Transportes; Radio, Televisi\u00f3n y Cinematograf\u00eda; y de Estudios Legislativos aprobaron el proyecto de decreto por el que se ampl\u00eda el plazo hasta el 31 de diciembre de 2016 para que los permisionarios o concesionarios de radiodifusi\u00f3n de uso p\u00fablico y social, incluyendo los comunitarios e ind\u00edgenas, puedan concretar la transici\u00f3n digital.<br \/>\n<iframe loading=\"lazy\" src=\"https:\/\/www.youtube.com\/embed\/34YA0dqXz80\" width=\"560\" height=\"315\" frameborder=\"0\" allowfullscreen=\"allowfullscreen\"><\/iframe><br \/>\nSe trata, se explica en el dictamen, de que los medios p\u00fablicos que no est\u00e9n en posibilidad de iniciar transmisiones digitales al 31 de diciembre de 2015, con antelaci\u00f3n a esa fecha, den aviso al Instituto Federal de Telecomunicaciones (IFT) para que les autorice la suspensi\u00f3n temporal de transmisiones y con ello evitar las sanciones respectivas y la consecuente revocaci\u00f3n del permiso o concesi\u00f3n.<\/p>\n<p>Adem\u00e1s, propone garantizar la continuidad del servicio p\u00fablico para la televisi\u00f3n de baja potencia, ya que el IFT deber\u00e1 implementar un programa para que la poblaci\u00f3n contin\u00fae recibiendo el servicio p\u00fablico de inter\u00e9s general, en tanto las estaciones de televisi\u00f3n inician transmisiones digitales o se alcanzan los niveles de penetraci\u00f3n establecidos.<\/p>\n<p>Con ello, se menciona en el documento aprobado, \u201cse da cauce a las inquietudes de los medios p\u00fablicos ante la cercan\u00eda del apag\u00f3n anal\u00f3gico y la imposibilidad de muchos de ellos de cumplir con la transici\u00f3n digital\u201d; adem\u00e1s de garantizar la pluralidad de contenidos culturales, educativos y cient\u00edficos.<\/p>\n<p>El dictamen modifica el art\u00edculo D\u00e9cimo Noveno Transitorio del Decreto por el que se expiden La Ley Federal de Telecomunicaciones y Radiodifusi\u00f3n y la Ley del Sistema P\u00fablico de Radiodifusi\u00f3n del Estado Mexicano, y reforma, adiciona y deroga diversas disposiciones en materia de telecomunicaciones y radiodifusi\u00f3n.<\/p>\n<p><a href=\"http:\/\/www.eloriente.net\/home\/wp-content\/uploads\/2015\/12\/apagon350.jpg\"><img loading=\"lazy\" decoding=\"async\" class=\"alignnone size-full wp-image-41052\" src=\"http:\/\/www.eloriente.net\/home\/wp-content\/uploads\/2015\/12\/apagon350.jpg\" alt=\"apagon350\" width=\"350\" height=\"233\" srcset=\"http:\/\/www.eloriente.net\/home\/wp-content\/uploads\/2015\/12\/apagon350.jpg 350w, http:\/\/www.eloriente.net\/home\/wp-content\/uploads\/2015\/12\/apagon350-300x200.jpg 300w\" sizes=\"(max-width: 350px) 100vw, 350px\" \/><\/a><\/p>\n<p>Plantea que aquellos permisionarios o concesionarios de uso p\u00fablico y social, incluyendo los comunitarios e ind\u00edgenas que presten el servicio de radiodifusi\u00f3n que no est\u00e9n en condiciones de iniciar transmisiones digitales al 31 de diciembre de 2015, deber\u00e1n, con antelaci\u00f3n a esa fecha, dar aviso al Instituto Federal de Telecomunicaciones para que se les autorice la suspensi\u00f3n temporal de sus transmisiones, en los t\u00e9rminos previstos en el art\u00edculo 157 de la Ley Federal de Telecomunicaciones y Radiodifusi\u00f3n.<\/p>\n<p>O en su caso, se agrega, reduzcan su potencia radiada aparente para que les sea aplicable el programa de continuidad al que se refiere el p\u00e1rrafo siguiente de este art\u00edculo.<\/p>\n<p>El dictamen precisa que los plazos que autorice el Instituto a los operadores para que lleven a cabo la suspensi\u00f3n de sus transmisiones, en ning\u00fan caso, exceder\u00e1n del 31 de diciembre de 2016.<\/p>\n<p>En caso de que para las fechas de conclusi\u00f3n anticipada de las se\u00f1ales anal\u00f3gicas de televisi\u00f3n radiodifundida por \u00e1rea de cobertura o de que al 31 de diciembre de 2015, las actuales estaciones de televisi\u00f3n radiodifundida con una potencia radiada aparente menor o igual a 1 kW para canales de VHF y 10 kW para canales de UHF, no se encuentren transmitiendo se\u00f1ales de televisi\u00f3n digital terrestre, y\/o no hubieren alcanzado el nivel de penetraci\u00f3n, el IFT deber\u00e1 establecer un programa para que la poblaci\u00f3n contin\u00fae recibiendo este servicio p\u00fablico de inter\u00e9s general en las \u00e1reas respectivas, en tanto inicien transmisiones digitales y\/o se alcancen los niveles de penetraci\u00f3n se\u00f1alados en este art\u00edculo.<\/p>\n<p>Los integrantes de las comisiones dictaminadoras agregaron que \u201clos titulares de las estaciones deber\u00e1n realizar las inversiones e instalaciones necesarias conforme a los plazos previstos en el programa\u201d.<\/p>\n<p>Adem\u00e1s, acordaron que \u201ca partir del inicio de las precampa\u00f1as y hasta el d\u00eda de la jornada electoral se suspender\u00e1 la distribuci\u00f3n o sustituci\u00f3n de equipos receptores o decodificadores, as\u00ed como los programas de entrega de televisores digitales, en aquellas entidades federativas en las que se verifiquen procesos electorales durante 2016\u201d.<\/p>\n<p>El Instituto Nacional Electoral verificar\u00e1 el cumplimiento de esta disposici\u00f3n y aplicar\u00e1, en su caso, las sanciones correspondientes. La entrega, distribuci\u00f3n o sustituci\u00f3n de equipos receptores, decodificadores o televisores digitales, en contravenci\u00f3n a lo dispuesto en este art\u00edculo, se reputar\u00e1 como propaganda gubernamental y ser\u00e1 sancionada en t\u00e9rminos de la Ley General de Instituciones y Procedimientos Electorales.<\/p>\n<p>El senador Javier Lozano Alarc\u00f3n, presidente de la Comisi\u00f3n de Comunicaciones y Transportes, dijo que desde que se present\u00f3 la reforma constitucional se advirti\u00f3 que el plazo \u201cno era realista\u201d e incluso se discuti\u00f3 la posibilidad de que para las televisoras p\u00fablicas fuera para 2016, pero esta propuesta se rechaz\u00f3.<\/p>\n<p>De lo que se trata con la reforma, enfatiz\u00f3, es que s\u00f3lo este tipo de televisoras puedan suspender operaciones porque \u201csi no hacemos nada\u201d se ubican en causal grave de violaci\u00f3n a la ley que podr\u00eda ser objeto de revocaci\u00f3n de su concesi\u00f3n.<br \/>\n<script src=\"\/\/pagead2.googlesyndication.com\/pagead\/js\/adsbygoogle.js\" async=\"\"><\/script><!-- BANNER PEQUE\u00d1O PARA ENTRENOTAS EL ORIENTE --> <ins class=\"adsbygoogle\" style=\"display: inline-block; width: 468px; height: 60px;\" data-ad-client=\"ca-pub-1136171134853753\" data-ad-slot=\"4953536424\"><\/ins><script>\/\/ <![CDATA[\n(adsbygoogle = window.adsbygoogle || []).push({});\n\/\/ ]]><\/script><br \/>\nA su vez, el senador Zo\u00e9 Robledo Aburto, presidente de la Comisi\u00f3n de Radio, Televisi\u00f3n y Cinematograf\u00eda, dijo que la suspensi\u00f3n temporal no es una soluci\u00f3n para los medios p\u00fablicos porque a la poblaci\u00f3n de las zonas m\u00e1s apartadas del pa\u00eds, aunque ya tuviera un dispositivo para la recepci\u00f3n digital, se le estar\u00eda privando de contenidos en lenguas ind\u00edgenas y en materia de protecci\u00f3n civil<\/p>\n<p>Indic\u00f3 que es necesario \u201csalvar\u201d a este tipo de estaciones, pero no violentando el derecho de las audiencias o dej\u00e1ndolas sin la obligaci\u00f3n de generar contenidos, sobre todo cuando los gobiernos estatales tuvieron tiempo para implementar la transici\u00f3n.<\/p>\n<p>La senadora Graciela Ortiz Gonz\u00e1lez, presidenta de la Comisi\u00f3n de Estudios Legislativos, reiter\u00f3 que la reforma tiene el objetivo de que los medios p\u00fablicos tengan las condiciones suficientes para transitar hacia la transmisi\u00f3n digital y no se queden rezagados y se vean afectados en su concesi\u00f3n.<\/p>\n<p>Destac\u00f3 que este tipo de medios, al no tener un car\u00e1cter comercial, se encuentran frente a importantes retos econ\u00f3micos para financiar el proceso de transici\u00f3n a la tecnolog\u00eda digital, m\u00e1s a\u00fan cuando muchos de ellos no han recibido los recursos necesarios y algunos de ellos por falta de presupuesto no van a poder migrar de se\u00f1ales anal\u00f3gicas a digitales.<\/p>\n<p>Por el Grupo Parlamentario del PT, el senador Marco Antonio Bl\u00e1squez Salinas consider\u00f3 que con este dictamen se pretende establecer un \u201cr\u00e9gimen de excepci\u00f3n para el sector p\u00fablico de la televisi\u00f3n\u201d y, por ende, los legisladores tambi\u00e9n estar\u00e1n obligados a otorgarles esta excepci\u00f3n a quienes ofrecen estos servicios de manera comercial.<\/p>\n<p>Afirm\u00f3 que no existe petici\u00f3n expresa del sector p\u00fablico para que se aplace el apag\u00f3n anal\u00f3gico, al contrario \u201cha dicho que est\u00e1 listo, que est\u00e1 preparado para que el d\u00eda 31 apaguemos y vayamos a la nueva era\u201d, por lo que se pronunci\u00f3 por deslindar responsabilidades, y si el concesionario privado o el sector p\u00fablico no transit\u00f3 de manera correcta a la era digital que se le sancione.<\/p>\n<p>El senador Juan Gerardo Flores Ram\u00edrez, del PVEM, dijo que el retraso en la asignaci\u00f3n de recursos para realizar el apag\u00f3n, es resultado de Legislaturas pasadas en la C\u00e1mara de Diputados, quienes no asignaron el presupuesto que se necesitaba para tal efecto.<\/p>\n<p>Subray\u00f3 que s\u00ed es necesario que se d\u00e9 una pr\u00f3rroga, para que las estaciones de baja potencia sustituyan los equipos necesarios para trasmitir en se\u00f1al digital. \u201cLos cambios son prudentes y nada que est\u00e9 fuera de lo razonable\u201d, dijo.<\/p>\n<p>El senador Ra\u00fal Aar\u00f3n Pozos Lanz, del PRI, se\u00f1al\u00f3 que alrededor del mundo la transici\u00f3n tambi\u00e9n ha sido compleja, y siempre queda un margen de ciudadanos que se quedan sin el servicio. Dijo que se debe reconocer que se ten\u00eda que poner un orden a la ley, desde antes de que se propusiera la modificaci\u00f3n.<\/p>\n<p>Se\u00f1al\u00f3 que se debe pensar c\u00f3mo mantener la se\u00f1al, sin violar lo que establece la ley; \u201cestamos de acuerdo en que tiene que haber un plazo, pero no debe exceder m\u00e1s all\u00e1 del 31 de diciembre de 2016\u201d, subray\u00f3 el senador.<\/p>\n<p>El senador Javier Corral Jurado, del PAN, explic\u00f3 que la iniciativa busca eximir las sanciones a las empresas privadas por no haber invertido en las zonas m\u00e1s marginadas del pa\u00eds. Detall\u00f3 que la Unidad de Medios y Contenidos Audiovisuales del Instituto Federal de Telecomunicaciones se\u00f1ala que en M\u00e9xico existen 460 estaciones principales de televisi\u00f3n radiodifundida, de \u00e9stas 445 operan &#8211;14 est\u00e1n en proceso de instalaci\u00f3n y una en proceso de autorizaci\u00f3n&#8211;.<\/p>\n<p>Pero adem\u00e1s hay 907 se\u00f1ales complementarias, de las cuales 846 son concesiones, y el 94 por ciento pertenece a Televisa o Televisi\u00f3n Azteca, y de ellas: 67 son permisos, 67 est\u00e1n digitalizadas, 313 tienen solicitud de migraci\u00f3n pero ninguna se ha convertido, y 466 no han solicitado migrar al regulador.<\/p>\n\n\t\t\t  <div \n\t\t\t  \tclass = \"fb-comments\" \n\t\t\t  \tdata-href = \"http:\/\/www.eloriente.net\/home\/2015\/12\/01\/apagon-digital-hasta-el-2016\/\"\n\t\t\t  \tdata-numposts = \"10\"\n\t\t\t\tdata-colorscheme = \"dark\"\n\t\t\t\tdata-order-by = \"social\"\n\t\t\t\tdata-mobile=true>\n\t\t\t  <\/div>\n\t\t  <style>\n\t\t\t.fb_iframe_widget_fluid_desktop iframe {\n\t\t\t    width: 100% !important;\n\t\t\t}\n\t\t  <\/style>\n\t\t  ","protected":false},"excerpt":{"rendered":"<p>eloriente.net\/Senado 1 de diciembre de 2015 Ampl\u00eda plazo hasta el 31 de diciembre de 2016 para que puedan cumplir con esta obligaci\u00f3n. Se suspender\u00e1 distribuci\u00f3n de equipos receptores o decodificadores en proceso electoral. Las comisiones unidas de Comunicaciones y Transportes; Radio, Televisi\u00f3n y Cinematograf\u00eda; y de Estudios Legislativos aprobaron el proyecto de decreto por el [&hellip;]<\/p>\n","protected":false},"author":1,"featured_media":41052,"comment_status":"open","ping_status":"open","sticky":false,"template":"","format":"standard","meta":{"_jetpack_memberships_contains_paid_content":false,"footnotes":""},"categories":[1588,32,10,20,24,17,19],"tags":[2838,3251,5313,199],"class_list":["post-41050","post","type-post","status-publish","format-standard","has-post-thumbnail","hentry","category-comunicados-y-boletines","category-entradas","category-lo-mas-reciente","category-medio-ambiente","category-mexico-y-el-mundo","category-tecnologia","category-turismo-y-negocios","tag-apagon-digital","tag-comunicaciones","tag-concesionarios-de-radio-y-television","tag-telecomunicaciones"],"jetpack_featured_media_url":"http:\/\/www.eloriente.net\/home\/wp-content\/uploads\/2015\/12\/apagon350.jpg","jetpack_sharing_enabled":true,"_links":{"self":[{"href":"http:\/\/www.eloriente.net\/home\/wp-json\/wp\/v2\/posts\/41050"}],"collection":[{"href":"http:\/\/www.eloriente.net\/home\/wp-json\/wp\/v2\/posts"}],"about":[{"href":"http:\/\/www.eloriente.net\/home\/wp-json\/wp\/v2\/types\/post"}],"author":[{"embeddable":true,"href":"http:\/\/www.eloriente.net\/home\/wp-json\/wp\/v2\/users\/1"}],"replies":[{"embeddable":true,"href":"http:\/\/www.eloriente.net\/home\/wp-json\/wp\/v2\/comments?post=41050"}],"version-history":[{"count":1,"href":"http:\/\/www.eloriente.net\/home\/wp-json\/wp\/v2\/posts\/41050\/revisions"}],"predecessor-version":[{"id":41053,"href":"http:\/\/www.eloriente.net\/home\/wp-json\/wp\/v2\/posts\/41050\/revisions\/41053"}],"wp:featuredmedia":[{"embeddable":true,"href":"http:\/\/www.eloriente.net\/home\/wp-json\/wp\/v2\/media\/41052"}],"wp:attachment":[{"href":"http:\/\/www.eloriente.net\/home\/wp-json\/wp\/v2\/media?parent=41050"}],"wp:term":[{"taxonomy":"category","embeddable":true,"href":"http:\/\/www.eloriente.net\/home\/wp-json\/wp\/v2\/categories?post=41050"},{"taxonomy":"post_tag","embeddable":true,"href":"http:\/\/www.eloriente.net\/home\/wp-json\/wp\/v2\/tags?post=41050"}],"curies":[{"name":"wp","href":"https:\/\/api.w.org\/{rel}","templated":true}]}}