{"id":41133,"date":"2015-12-03T19:11:16","date_gmt":"2015-12-04T01:11:16","guid":{"rendered":"http:\/\/www.eloriente.net\/home\/?p=41133"},"modified":"2015-12-03T19:11:16","modified_gmt":"2015-12-04T01:11:16","slug":"elecciones-define-pri-su-candidato-a-gobernador-en-durango","status":"publish","type":"post","link":"http:\/\/www.eloriente.net\/home\/2015\/12\/03\/elecciones-define-pri-su-candidato-a-gobernador-en-durango\/","title":{"rendered":"ELECCIONES: Define PRI su candidato a gobernador en Durango"},"content":{"rendered":"<p><script src=\"\/\/pagead2.googlesyndication.com\/pagead\/js\/adsbygoogle.js\" async=\"\"><\/script><!-- BANNER ELORIENTE INCRUSTADO NOTAS --> <ins class=\"adsbygoogle\" style=\"display: inline-block; width: 300px; height: 250px;\" data-ad-client=\"ca-pub-1136171134853753\" data-ad-slot=\"7974633627\"><\/ins><script>\/\/ <![CDATA[\n(adsbygoogle = window.adsbygoogle || []).push({});\n\/\/ ]]><\/script><br \/>\neloriente.net\/PRI<\/p>\n<p>3 de diciembre de 2015<\/p>\n<p>El Comit\u00e9 Ejecutivo Nacional del Partido Revolucionario Institucional informa que el d\u00eda de hoy, de manera un\u00e1nime, los diferentes sectores y organizaciones que integran el PRI a nivel nacional y en el estado de Durango, se han pronunciado por apoyar que el licenciado Esteban Villegas Villarreal se registre como aspirante para contender en el proceso interno por la gubernatura de esa entidad y tambi\u00e9n respaldan que la senadora Leticia Herrera Ale lo haga como aspirante para ocupar la presidencia municipal de Ciudad G\u00f3mez Palacio.<\/p>\n<p>El compromiso ser\u00e1 ratificado de manera plena por los sectores representados por la CNC, CTM, CNOP, y por las organizaciones nacionales Movimiento Territorial, Red J\u00f3venes por M\u00e9xico y el Organismo Nacional de Mujeres Priistas, en la Convenci\u00f3n de Delegados que se realizar\u00e1 el 24 de enero de 2016.<\/p>\n<p>El apoyo que recibe el licenciado Esteban Villegas Villarreal se deriva del destacado papel que ha tenido como presidente del Comit\u00e9 Directivo Estatal del PRI en Durango,\u00a0 presidente municipal\u00a0 de la capital de ese Estado y dirigente de la Federaci\u00f3n Nacional de Municipios de M\u00e9xico.<\/p>\n<p>Este pronunciamiento de los sectores tambi\u00e9n es un reconocimiento a la relevante trayectoria pol\u00edtica personal de la senadora Leticia Herrera y al sobresaliente papel que tuvo en la elaboraci\u00f3n y aprobaci\u00f3n de las reformas estructurales en el gobierno del presidente Enrique Pe\u00f1a Nieto, que han transformado y dan viabilidad al futuro de nuestro pa\u00eds.<\/p>\n<p>La decisi\u00f3n de los sectores del partido en Durango la hemos comunicado a los firmantes que suscribieron el \u201cAcuerdo de Unidad por el Futuro de Durango\u201d,\u00a0 ingeniero H\u00e9ctor Arreola Soria, Dip. Oscar Garc\u00eda Barr\u00f3n, licenciado Ricardo Fidel Pacheco y al C.P. Ad\u00e1n Soria Ram\u00edrez con lo cual se cumple el compromiso que establecimos con ellos.<\/p>\n<p>El CEN del PRI, reitera su convicci\u00f3n de que con unidad e inclusi\u00f3n habremos de alcanzar el triunfo. Por ello, saluda y comparte la firme decisi\u00f3n de los sectores y organizaciones.<\/p>\n<p>&nbsp;<br \/>\n<script src=\"\/\/pagead2.googlesyndication.com\/pagead\/js\/adsbygoogle.js\" async=\"\"><\/script><!-- BANNER PEQUE\u00d1O PARA ENTRENOTAS EL ORIENTE --> <ins class=\"adsbygoogle\" style=\"display: inline-block; width: 468px; height: 60px;\" data-ad-client=\"ca-pub-1136171134853753\" data-ad-slot=\"4953536424\"><\/ins><script>\/\/ <![CDATA[\n(adsbygoogle = window.adsbygoogle || []).push({});\n\/\/ ]]><\/script><br \/>\n<a href=\"http:\/\/www.eloriente.net\/home\/wp-content\/uploads\/2015\/12\/DURANGO-PRI.jpg\"><img loading=\"lazy\" decoding=\"async\" class=\"alignnone size-medium wp-image-41134\" src=\"http:\/\/www.eloriente.net\/home\/wp-content\/uploads\/2015\/12\/DURANGO-PRI-300x158.jpg\" alt=\"DURANGO PRI\" width=\"300\" height=\"158\" srcset=\"http:\/\/www.eloriente.net\/home\/wp-content\/uploads\/2015\/12\/DURANGO-PRI-300x158.jpg 300w, http:\/\/www.eloriente.net\/home\/wp-content\/uploads\/2015\/12\/DURANGO-PRI-1024x539.jpg 1024w, http:\/\/www.eloriente.net\/home\/wp-content\/uploads\/2015\/12\/DURANGO-PRI-900x474.jpg 900w, http:\/\/www.eloriente.net\/home\/wp-content\/uploads\/2015\/12\/DURANGO-PRI.jpg 1280w\" sizes=\"(max-width: 300px) 100vw, 300px\" \/><\/a><\/p>\n<p><strong>OTRAS ENTRADAS:<\/strong><\/p>\n<div class=\"flow_hide\">\n<p><a href=\"http:\/\/www.eloriente.net\/home\/2015\/12\/02\/venezuela-exige-al-gobierno-que-le-permitan-votar-el-6-de-diciembre\/\" rel=\"bookmark\"><img decoding=\"async\" class=\"alignleft\" title=\"VENEZUELA: Exige Leopoldo L\u00f3pez al gobierno que le permita votar el 6 de diciembre\" src=\"http:\/\/www.eloriente.net\/home\/wp-content\/themes\/city-desk\/timthumb.php?src=http%3A%2F%2Fwww.eloriente.net%2Fhome%2Fwp-content%2Fuploads%2F2015%2F12%2FLeopoldo-Lo%CC%81pez.jpg&amp;q=90&amp;w=70&amp;h=45&amp;zc=1\" alt=\"VENEZUELA: Exige Leopoldo L\u00f3pez al gobierno que le permita votar el 6 de diciembre\" \/><\/a><\/p>\n<h2 class=\"posttitle \"><a title=\"Enlace Permanente a VENEZUELA: Exige Leopoldo L\u00f3pez al gobierno que le permita votar el 6 de diciembre\" href=\"http:\/\/www.eloriente.net\/home\/2015\/12\/02\/venezuela-exige-al-gobierno-que-le-permitan-votar-el-6-de-diciembre\/\" rel=\"bookmark\">VENEZUELA: Exige Leopoldo L\u00f3pez al gobierno que le permita votar el 6 de diciembre<\/a><\/h2>\n<\/div>\n<p>eloriente.net\/Leopoldo L\u00f3pez 02 de diciembre de 2015 El l\u00edder pol\u00edtico venezolano y preso de consciencia, Leopoldo L\u00f3pez, exigi\u00f3 a las autoridades de su pa\u00eds su traslado al\u2026<\/p>\n<p class=\"postmeta\"><span class=\"meta_date\">diciembre 2, 2015<\/span><\/p>\n<div class=\"toolbar-social\">\n<div class=\"social-widget\">\n<div id=\"sharing-widget\"><a class=\"button icon-share\">Compartir<\/a><span class=\"share-count\">0<\/span><\/div>\n<\/div>\n<\/div>\n\n\t\t\t  <div \n\t\t\t  \tclass = \"fb-comments\" \n\t\t\t  \tdata-href = \"http:\/\/www.eloriente.net\/home\/2015\/12\/03\/elecciones-define-pri-su-candidato-a-gobernador-en-durango\/\"\n\t\t\t  \tdata-numposts = \"10\"\n\t\t\t\tdata-colorscheme = \"dark\"\n\t\t\t\tdata-order-by = \"social\"\n\t\t\t\tdata-mobile=true>\n\t\t\t  <\/div>\n\t\t  <style>\n\t\t\t.fb_iframe_widget_fluid_desktop iframe {\n\t\t\t    width: 100% !important;\n\t\t\t}\n\t\t  <\/style>\n\t\t  ","protected":false},"excerpt":{"rendered":"<p>eloriente.net\/PRI 3 de diciembre de 2015 El Comit\u00e9 Ejecutivo Nacional del Partido Revolucionario Institucional informa que el d\u00eda de hoy, de manera un\u00e1nime, los diferentes sectores y organizaciones que integran el PRI a nivel nacional y en el estado de Durango, se han pronunciado por apoyar que el licenciado Esteban Villegas Villarreal se registre como [&hellip;]<\/p>\n","protected":false},"author":1,"featured_media":41134,"comment_status":"open","ping_status":"open","sticky":false,"template":"","format":"standard","meta":{"_jetpack_memberships_contains_paid_content":false,"footnotes":""},"categories":[1588,71,32,63,10,24,21],"tags":[5376,5374,369,5375],"class_list":["post-41133","post","type-post","status-publish","format-standard","has-post-thumbnail","hentry","category-comunicados-y-boletines","category-elecciones","category-entradas","category-estados","category-lo-mas-reciente","category-mexico-y-el-mundo","category-politica-y-gobierno","tag-candidato-a-gobernador","tag-durango","tag-elecciones-2","tag-pri-durango"],"jetpack_featured_media_url":"http:\/\/www.eloriente.net\/home\/wp-content\/uploads\/2015\/12\/DURANGO-PRI.jpg","jetpack_sharing_enabled":true,"_links":{"self":[{"href":"http:\/\/www.eloriente.net\/home\/wp-json\/wp\/v2\/posts\/41133"}],"collection":[{"href":"http:\/\/www.eloriente.net\/home\/wp-json\/wp\/v2\/posts"}],"about":[{"href":"http:\/\/www.eloriente.net\/home\/wp-json\/wp\/v2\/types\/post"}],"author":[{"embeddable":true,"href":"http:\/\/www.eloriente.net\/home\/wp-json\/wp\/v2\/users\/1"}],"replies":[{"embeddable":true,"href":"http:\/\/www.eloriente.net\/home\/wp-json\/wp\/v2\/comments?post=41133"}],"version-history":[{"count":1,"href":"http:\/\/www.eloriente.net\/home\/wp-json\/wp\/v2\/posts\/41133\/revisions"}],"predecessor-version":[{"id":41135,"href":"http:\/\/www.eloriente.net\/home\/wp-json\/wp\/v2\/posts\/41133\/revisions\/41135"}],"wp:featuredmedia":[{"embeddable":true,"href":"http:\/\/www.eloriente.net\/home\/wp-json\/wp\/v2\/media\/41134"}],"wp:attachment":[{"href":"http:\/\/www.eloriente.net\/home\/wp-json\/wp\/v2\/media?parent=41133"}],"wp:term":[{"taxonomy":"category","embeddable":true,"href":"http:\/\/www.eloriente.net\/home\/wp-json\/wp\/v2\/categories?post=41133"},{"taxonomy":"post_tag","embeddable":true,"href":"http:\/\/www.eloriente.net\/home\/wp-json\/wp\/v2\/tags?post=41133"}],"curies":[{"name":"wp","href":"https:\/\/api.w.org\/{rel}","templated":true}]}}