{"id":41150,"date":"2015-12-05T07:30:23","date_gmt":"2015-12-05T13:30:23","guid":{"rendered":"http:\/\/www.eloriente.net\/home\/?p=41150"},"modified":"2015-12-05T07:30:23","modified_gmt":"2015-12-05T13:30:23","slug":"cultura-sep-no-tiene-tiempo-para-atender-cultura-nuno-meyer","status":"publish","type":"post","link":"http:\/\/www.eloriente.net\/home\/2015\/12\/05\/cultura-sep-no-tiene-tiempo-para-atender-cultura-nuno-meyer\/","title":{"rendered":"CULTURA: SEP no tiene tiempo para atender Cultura: Nu\u00f1o Meyer"},"content":{"rendered":"<p><script src=\"\/\/pagead2.googlesyndication.com\/pagead\/js\/adsbygoogle.js\" async=\"\"><\/script><!-- BANNER ELORIENTE INCRUSTADO NOTAS --> <ins class=\"adsbygoogle\" style=\"display: inline-block; width: 300px; height: 250px;\" data-ad-client=\"ca-pub-1136171134853753\" data-ad-slot=\"7974633627\"><\/ins><script>\/\/ <![CDATA[\n(adsbygoogle = window.adsbygoogle || []).push({});\n\/\/ ]]><\/script><br \/>\neloriente.net\/Canal del Congreso<\/p>\n<p>5 de diciembre de 2015<\/p>\n<p>La cultura se encuentra en una trampa burocr\u00e1tica, asegur\u00f3 el titular de la SEP a diputados y senadores con quienes analiz\u00f3 la iniciativa que reforma, adiciona y deroga diversas disposiciones de la Ley Org\u00e1nica de la Administraci\u00f3n P\u00fablica Federal, as\u00ed como otras leyes para crear la Secretar\u00eda de la Cultura.<\/p>\n<p>Explic\u00f3 que esta trampa -como se\u00f1al\u00f3 le llaman en el Gobierno Federal- consiste en que al estar la cultura dentro de las tareas de la Secretar\u00eda de Educaci\u00f3n P\u00fablica (SEP), esta secretar\u00eda ya no encuentra el tiempo para atenderla como merece y por otro, el Consejo Nacional para la Cultura y las Artes (Conaculta) carece de la fuerza pol\u00edtica para atender las necesidades del sector.<\/p>\n<p>En reuni\u00f3n realizada en el Palacio Legislativo de San L\u00e1zaro el 4 de diciembre, expuso que al fundarse la SEP en 1921, se cre\u00f3 un binomio que consideraba a educaci\u00f3n y cultura como inseparables, lo que coloc\u00f3 a la cultura dentro de las atribuciones de dicha secretar\u00eda. Detall\u00f3 que con el crecimiento que ambos rubros han tenido, se hace necesario trasladar la cultura a su propia secretar\u00eda.<\/p>\n<p>Subray\u00f3 que desde la administraci\u00f3n p\u00fablica federal, la creaci\u00f3n de esta instituci\u00f3n busca concretarse sin afectar los derechos de quienes hoy trabajan en las diversas instituciones culturales del Estado mexicano, sin crear m\u00e1s burocracia ni mayor costo a los contribuyentes del pa\u00eds y con un gran dialogo con el Congreso y la sociedad.<\/p>\n<p>El Presidente del Conaculta, Rafael Tovar y de Teresa, expuso la importancia de la cultura para el pa\u00eds se\u00f1alando que M\u00e9xico es el primer lugar en Am\u00e9rica Latina (AL) en la lista de bienes inscritos en el Patrimonio Mundial de la UNESCO, es cuarto lugar en la memoria del mundo (patrimonio documental), doceavo en patrimonio inmaterial (cultura viva) y ocupa el quinto lugar en diversidad ling\u00fc\u00edstica.<\/p>\n<p>Se\u00f1al\u00f3 que esta riqueza cultural es probablemente la m\u00e1s rica de AL y una de las m\u00e1s importantes del mundo, la cual est\u00e1 bajo resguardo del Estado mexicano.<\/p>\n<p>&nbsp;<br \/>\n<script src=\"\/\/pagead2.googlesyndication.com\/pagead\/js\/adsbygoogle.js\" async=\"\"><\/script><!-- BANNER PEQUE\u00d1O PARA ENTRENOTAS EL ORIENTE --> <ins class=\"adsbygoogle\" style=\"display: inline-block; width: 468px; height: 60px;\" data-ad-client=\"ca-pub-1136171134853753\" data-ad-slot=\"4953536424\"><\/ins><script>\/\/ <![CDATA[\n(adsbygoogle = window.adsbygoogle || []).push({});\n\/\/ ]]><\/script><br \/>\n&nbsp;<\/p>\n<p>Indic\u00f3 que m\u00e1s all\u00e1 de la riqueza cultural, este sector tiene una importante participaci\u00f3n en la econom\u00eda mexicana; refiri\u00f3 que de acuerdo con la Cuenta Sat\u00e9lite que coordina el Inegi, la cultura aport\u00f3 el 2.8% del PIB en 2014, equivalentes a 426 mil millones de pesos. Agreg\u00f3 que el sector cultura emple\u00f3 a un mill\u00f3n 486 mil personas ese a\u00f1o.<\/p>\n<p>Sobre la creaci\u00f3n de una secretar\u00eda de la Cultura, indic\u00f3 que Conaculta se ajustar\u00eda a dicha secretar\u00eda, por lo que no habr\u00eda gastos extra. Aclar\u00f3 que no se no se tocar\u00edan los marco jur\u00eddicos del INAH ni del INBA.<\/p>\n<p>En la reuni\u00f3n estuvieron presentes el Presidente de la Mesa Directiva de la C\u00e1mara Baja, el Diputado Jes\u00fas Zambrano Grijalva, el presidente de la Comisi\u00f3n de Cultura y Cinematograf\u00eda, Diputado Santiago Taboada Cortina (PAN), y la Senadora Blanca Alcal\u00e1 Ruiz (PRI), presidenta de la Comisi\u00f3n de Cultura del Senado.<\/p>\n<p>&nbsp;<\/p>\n<blockquote class=\"twitter-tweet\" lang=\"es\">\n<p dir=\"ltr\" lang=\"es\">En este di\u00e1logo entre pares coincidimos en que <a href=\"https:\/\/twitter.com\/hashtag\/Cultura?src=hash\">#Cultura<\/a> es tema sensible, estrat\u00e9gico y trascendente para <a href=\"https:\/\/twitter.com\/hashtag\/Mexico?src=hash\">#Mexico<\/a> <a href=\"https:\/\/t.co\/Y0zMuI1kEf\">pic.twitter.com\/Y0zMuI1kEf<\/a><\/p>\n<p>\u2014 Blanca Alcal\u00e1 Ruiz (@SoyBlancaAlcala) <a href=\"https:\/\/twitter.com\/SoyBlancaAlcala\/status\/672844365937545216\">diciembre 4, 2015<\/a><\/p><\/blockquote>\n<p><script src=\"\/\/platform.twitter.com\/widgets.js\" async=\"\" charset=\"utf-8\"><\/script><br \/>\n<a href=\"http:\/\/www.eloriente.net\/home\/wp-content\/uploads\/2015\/12\/NU\u00d1O-COMPARECENCIA-NUEVA-SECRETARIA-DE-CULTURA.jpg\"><img loading=\"lazy\" decoding=\"async\" class=\"alignnone size-medium wp-image-41151\" src=\"http:\/\/www.eloriente.net\/home\/wp-content\/uploads\/2015\/12\/NU\u00d1O-COMPARECENCIA-NUEVA-SECRETARIA-DE-CULTURA-300x200.jpg\" alt=\"NU\u00d1O COMPARECENCIA NUEVA SECRETARIA DE CULTURA\" width=\"300\" height=\"200\" srcset=\"http:\/\/www.eloriente.net\/home\/wp-content\/uploads\/2015\/12\/NU\u00d1O-COMPARECENCIA-NUEVA-SECRETARIA-DE-CULTURA-300x200.jpg 300w, http:\/\/www.eloriente.net\/home\/wp-content\/uploads\/2015\/12\/NU\u00d1O-COMPARECENCIA-NUEVA-SECRETARIA-DE-CULTURA-900x600.jpg 900w, http:\/\/www.eloriente.net\/home\/wp-content\/uploads\/2015\/12\/NU\u00d1O-COMPARECENCIA-NUEVA-SECRETARIA-DE-CULTURA.jpg 1000w\" sizes=\"(max-width: 300px) 100vw, 300px\" \/><\/a><\/p>\n<p>Imagen: SEP<\/p>\n<p>&nbsp;<\/p>\n<p><strong>OTRAS ENTRADAS:<\/strong><\/p>\n<div id=\"post-41051\" class=\"entry loop-default border_bottom_30 post-41051 post type-post status-publish format-standard has-post-thumbnail hentry category-destacadas category-educacion-y-cultura category-entradas category-especiales category-mexico-y-el-mundo category-principal tag-comision-de-cultura tag-cultura-mexico tag-inah tag-inba tag-secretaria-de-cultura-federal\">\n<h2 class=\"entry_title\"><a title=\"Enlace Permanente a Viernes convocar\u00e1n diputados a Tovar y de Teresa; instalan Conferencia sobre Secretar\u00eda de Cultura\" href=\"http:\/\/www.eloriente.net\/home\/2015\/12\/01\/viernes-convocaran-diputados-a-tovar-y-de-teresa-instalan-conferencia-sobre-secretaria-de-cultura\/\" rel=\"bookmark\">Viernes convocar\u00e1n diputados a Tovar y de Teresa; instalan Conferencia sobre Secretar\u00eda de Cultura<\/a><\/h2>\n<p><a href=\"http:\/\/www.eloriente.net\/home\/2015\/12\/01\/viernes-convocaran-diputados-a-tovar-y-de-teresa-instalan-conferencia-sobre-secretaria-de-cultura\/\" rel=\"bookmark\"><img decoding=\"async\" class=\"alignleft\" title=\"Viernes convocar\u00e1n diputados a Tovar y de Teresa; instalan Conferencia sobre Secretar\u00eda de Cultura\" src=\"http:\/\/www.eloriente.net\/home\/wp-content\/themes\/city-desk\/timthumb.php?src=http%3A%2F%2Fwww.eloriente.net%2Fhome%2Fwp-content%2Fuploads%2F2015%2F12%2FComision-cultura-%40joserefugiosr.jpg&amp;q=90&amp;w=160&amp;h=106&amp;zc=1\" alt=\"Viernes convocar\u00e1n diputados a Tovar y de Teresa; instalan Conferencia sobre Secretar\u00eda de Cultura\" \/><\/a>(www.eloriente.net, M\u00e9xico, 1 de diciembre de 2015).- \u201cMa\u00f1ana podemos recibir a los sindicatos y el viernes invitar al director de CONACULTA para exponer las preocupaciones de los trabajadores\u201d, dijo esta ma\u00f1ana Santiago Taboada Cortina, diputado (PAN) presidente de la Comisi\u00f3n de Cultura y Cinematograf\u00eda. Lo anterior, al iniciar las actividades de la Comisi\u00f3n, en Conferencia [\u2026]<\/p>\n<p class=\"postmeta\"><span class=\"meta_date\">diciembre 1, 2015<\/span><\/p>\n<\/div>\n<div id=\"post-40261\" class=\"entry loop-default border_bottom_30 post-40261 post type-post status-publish format-standard has-post-thumbnail hentry category-congreso-y-justicia category-entradas category-lo-mas-reciente category-mexico-y-el-mundo category-politica-y-gobierno tag-camara-de-diputados tag-cultura tag-iniciativa-federal tag-ley-de-cultura tag-proyecto tag-secretaria-de-cultura\">\n<h2 class=\"entry_title\"><a title=\"Enlace Permanente a Consulta \u00edntegra la Iniciativa federal que crear\u00eda la Secretar\u00eda de Cultura\" href=\"http:\/\/www.eloriente.net\/home\/2015\/11\/06\/consulta-integra-la-iniciativa-federal-que-crearia-la-secretaria-de-cultura\/\" rel=\"bookmark\">Consulta \u00edntegra la Iniciativa federal que crear\u00eda la Secretar\u00eda de Cultura<\/a><\/h2>\n<p><a href=\"http:\/\/www.eloriente.net\/home\/2015\/11\/06\/consulta-integra-la-iniciativa-federal-que-crearia-la-secretaria-de-cultura\/\" rel=\"bookmark\"><img decoding=\"async\" class=\"alignleft\" title=\"Consulta \u00edntegra la Iniciativa federal que crear\u00eda la Secretar\u00eda de Cultura\" src=\"http:\/\/www.eloriente.net\/home\/wp-content\/themes\/city-desk\/timthumb.php?src=http%3A%2F%2Fwww.eloriente.net%2Fhome%2Fwp-content%2Fuploads%2F2015%2F11%2FMuseo-Nacioanl-de-Antropolog%C3%ADa-e-Historia.jpg&amp;q=90&amp;w=160&amp;h=106&amp;zc=1\" alt=\"Consulta \u00edntegra la Iniciativa federal que crear\u00eda la Secretar\u00eda de Cultura\" \/><\/a>\u00a0 (www.eloriente.net, M\u00e9xico, a 05 de noviembre de 2015, por Valery L\u00f3pez).- El pasado 7 septiembre, el presidente Enrique Pe\u00f1a Nieto, envi\u00f3 a la mesa directiva de la C\u00e1mara de Diputados una iniciativa, la cual, entre otras cosas, estipula la creaci\u00f3n de la Secretar\u00eda de Cultura. La propuesta, de 40 p\u00e1ginas, plantea que se reformar\u00e1n, [\u2026]<\/p>\n<p class=\"postmeta\"><span class=\"meta_date\">noviembre 6, 2015<\/span><\/p>\n<\/div>\n\n\t\t\t  <div \n\t\t\t  \tclass = \"fb-comments\" \n\t\t\t  \tdata-href = \"http:\/\/www.eloriente.net\/home\/2015\/12\/05\/cultura-sep-no-tiene-tiempo-para-atender-cultura-nuno-meyer\/\"\n\t\t\t  \tdata-numposts = \"10\"\n\t\t\t\tdata-colorscheme = \"dark\"\n\t\t\t\tdata-order-by = \"social\"\n\t\t\t\tdata-mobile=true>\n\t\t\t  <\/div>\n\t\t  <style>\n\t\t\t.fb_iframe_widget_fluid_desktop iframe {\n\t\t\t    width: 100% !important;\n\t\t\t}\n\t\t  <\/style>\n\t\t  ","protected":false},"excerpt":{"rendered":"<p>eloriente.net\/Canal del Congreso 5 de diciembre de 2015 La cultura se encuentra en una trampa burocr\u00e1tica, asegur\u00f3 el titular de la SEP a diputados y senadores con quienes analiz\u00f3 la iniciativa que reforma, adiciona y deroga diversas disposiciones de la Ley Org\u00e1nica de la Administraci\u00f3n P\u00fablica Federal, as\u00ed como otras leyes para crear la Secretar\u00eda [&hellip;]<\/p>\n","protected":false},"author":1,"featured_media":41151,"comment_status":"open","ping_status":"open","sticky":false,"template":"","format":"standard","meta":{"_jetpack_memberships_contains_paid_content":false,"footnotes":""},"categories":[1588,18,32,10,24],"tags":[5388,1471,5387,5389,4987],"class_list":["post-41150","post","type-post","status-publish","format-standard","has-post-thumbnail","hentry","category-comunicados-y-boletines","category-educacion-y-cultura","category-entradas","category-lo-mas-reciente","category-mexico-y-el-mundo","tag-aurelio-nuno-y-la-cultura","tag-conaculta","tag-nueva-dependencia","tag-rafael-tovar","tag-secretaria-de-cultura"],"jetpack_featured_media_url":"http:\/\/www.eloriente.net\/home\/wp-content\/uploads\/2015\/12\/NU\u00d1O-COMPARECENCIA-NUEVA-SECRETARIA-DE-CULTURA.jpg","jetpack_sharing_enabled":true,"_links":{"self":[{"href":"http:\/\/www.eloriente.net\/home\/wp-json\/wp\/v2\/posts\/41150"}],"collection":[{"href":"http:\/\/www.eloriente.net\/home\/wp-json\/wp\/v2\/posts"}],"about":[{"href":"http:\/\/www.eloriente.net\/home\/wp-json\/wp\/v2\/types\/post"}],"author":[{"embeddable":true,"href":"http:\/\/www.eloriente.net\/home\/wp-json\/wp\/v2\/users\/1"}],"replies":[{"embeddable":true,"href":"http:\/\/www.eloriente.net\/home\/wp-json\/wp\/v2\/comments?post=41150"}],"version-history":[{"count":1,"href":"http:\/\/www.eloriente.net\/home\/wp-json\/wp\/v2\/posts\/41150\/revisions"}],"predecessor-version":[{"id":41152,"href":"http:\/\/www.eloriente.net\/home\/wp-json\/wp\/v2\/posts\/41150\/revisions\/41152"}],"wp:featuredmedia":[{"embeddable":true,"href":"http:\/\/www.eloriente.net\/home\/wp-json\/wp\/v2\/media\/41151"}],"wp:attachment":[{"href":"http:\/\/www.eloriente.net\/home\/wp-json\/wp\/v2\/media?parent=41150"}],"wp:term":[{"taxonomy":"category","embeddable":true,"href":"http:\/\/www.eloriente.net\/home\/wp-json\/wp\/v2\/categories?post=41150"},{"taxonomy":"post_tag","embeddable":true,"href":"http:\/\/www.eloriente.net\/home\/wp-json\/wp\/v2\/tags?post=41150"}],"curies":[{"name":"wp","href":"https:\/\/api.w.org\/{rel}","templated":true}]}}