{"id":41161,"date":"2015-12-07T12:00:39","date_gmt":"2015-12-07T18:00:39","guid":{"rendered":"http:\/\/www.eloriente.net\/home\/?p=41161"},"modified":"2015-12-07T13:11:17","modified_gmt":"2015-12-07T19:11:17","slug":"cultura-mesas-de-debate-sobre-nueva-secretaria","status":"publish","type":"post","link":"http:\/\/www.eloriente.net\/home\/2015\/12\/07\/cultura-mesas-de-debate-sobre-nueva-secretaria\/","title":{"rendered":"CULTURA: Mesas de debate sobre nueva Secretar\u00eda"},"content":{"rendered":"<p><script src=\"\/\/pagead2.googlesyndication.com\/pagead\/js\/adsbygoogle.js\" async=\"\"><\/script><!-- BANNER ELORIENTE INCRUSTADO NOTAS --> <ins class=\"adsbygoogle\" style=\"display: inline-block; width: 300px; height: 250px;\" data-ad-client=\"ca-pub-1136171134853753\" data-ad-slot=\"7974633627\"><\/ins><script>\/\/ <![CDATA[\n(adsbygoogle = window.adsbygoogle || []).push({});\n\/\/ ]]><\/script><\/p>\n<p>&nbsp;<\/p>\n<p>(www.eloriente.net, M\u00e9xico, a 7 de diciembre de 2015, por Valery L\u00f3pez).- Durante los \u00faltimos meses el tema de la posible creaci\u00f3n de una Secretar\u00eda de Cultura a nivel federal ha generado cr\u00edticas y debates en el medio art\u00edstico, intelectual y cultural, donde se discuten\u00a0los puntos a favor y en contra que traer\u00eda esta iniciativa.<\/p>\n<p>En EL ORIENTE hemos informado del tema oportunamente en varias ocasiones, aunque de momento, el mismo sigue en la agenda legislativa esperando una resoluci\u00f3n.<\/p>\n<p>Con el objetivo de informar, a continuaci\u00f3n te presentamos algunos videos con mesas y ponencias de an\u00e1lisis y discusi\u00f3n de esta iniciativa que incumbe a todos los que nos interesa el quehacer cultural en nuestro pa\u00eds.<\/p>\n<p><script src=\"\/\/pagead2.googlesyndication.com\/pagead\/js\/adsbygoogle.js\" async=\"\"><\/script><!-- BANNER PEQUE\u00d1O PARA ENTRENOTAS EL ORIENTE --> <ins class=\"adsbygoogle\" style=\"display: inline-block; width: 468px; height: 60px;\" data-ad-client=\"ca-pub-1136171134853753\" data-ad-slot=\"4953536424\"><\/ins><script>\/\/ <![CDATA[\n(adsbygoogle = window.adsbygoogle || []).push({});\n\/\/ ]]><\/script><\/p>\n<p><strong>Mesa de discusi\u00f3n, Secretar\u00eda de Cultura. ENHA<\/strong><\/p>\n<p>Coordina Omar Olivo.<\/p>\n<p>Participan: Doctora Consuelo S\u00e1nchez, Doctor Bolfy Cottom,\u00a0Doctor Rolando Gonz\u00e1lez Arias, Maestro Milton Gabriel Hern\u00e1ndez Garc\u00eda<\/p>\n<p><iframe loading=\"lazy\" src=\"https:\/\/www.youtube.com\/embed\/558AyWek0QY\" width=\"420\" height=\"315\" frameborder=\"0\" allowfullscreen=\"allowfullscreen\"><\/iframe><\/p>\n<p><strong>Mesa de An\u00e1lisis, Secretar\u00eda de Cultura<\/strong><\/p>\n<p>Participan: Ernesto Piedras, Andr\u00e9s L\u00f3pez Ojeda y Fabiola Gonz\u00e1lez<\/p>\n<p><iframe loading=\"lazy\" src=\"https:\/\/www.youtube.com\/embed\/qDlyVZ-uqFg\" width=\"560\" height=\"315\" frameborder=\"0\" allowfullscreen=\"allowfullscreen\"><\/iframe><\/p>\n<p><strong>Iniciativa para la creaci\u00f3n de una Secretar\u00eda de Cultura en M\u00e9xico<\/strong><\/p>\n<p>Ciclo de conferencias en torno al an\u00e1lisis sobre la iniciativa para la creaci\u00f3n de una Secretar\u00eda de Cultura en M\u00e9xico.<\/p>\n<p>Video en seis partes que contienen la participaci\u00f3n del antrop\u00f3logo y especialista en legislaci\u00f3n cultural Bolfy Cottom.<\/p>\n<p><iframe loading=\"lazy\" src=\"https:\/\/www.youtube.com\/embed\/hIsFZwfXuWQ\" width=\"560\" height=\"315\" frameborder=\"0\" allowfullscreen=\"allowfullscreen\"><\/iframe><\/p>\n<p><a href=\"http:\/\/www.eloriente.net\/home\/wp-content\/uploads\/2015\/12\/Mesa-Anali\u0301sis-Secretari\u0301a-de-Cultura.png\"><img loading=\"lazy\" decoding=\"async\" class=\"alignnone size-medium wp-image-41174\" src=\"http:\/\/www.eloriente.net\/home\/wp-content\/uploads\/2015\/12\/Mesa-Anali\u0301sis-Secretari\u0301a-de-Cultura-300x186.png\" alt=\"Mesa Anali\u0301sis Secretari\u0301a de Cultura\" width=\"300\" height=\"186\" srcset=\"http:\/\/www.eloriente.net\/home\/wp-content\/uploads\/2015\/12\/Mesa-Anali\u0301sis-Secretari\u0301a-de-Cultura-300x186.png 300w, http:\/\/www.eloriente.net\/home\/wp-content\/uploads\/2015\/12\/Mesa-Anali\u0301sis-Secretari\u0301a-de-Cultura-1024x635.png 1024w, http:\/\/www.eloriente.net\/home\/wp-content\/uploads\/2015\/12\/Mesa-Anali\u0301sis-Secretari\u0301a-de-Cultura-900x558.png 900w, http:\/\/www.eloriente.net\/home\/wp-content\/uploads\/2015\/12\/Mesa-Anali\u0301sis-Secretari\u0301a-de-Cultura.png 1742w\" sizes=\"(max-width: 300px) 100vw, 300px\" \/><\/a><\/p>\n<p><strong>OTRAS ENTRADAS<\/strong><\/p>\n<div class=\"featuredpost\">\n<div class=\"flow_hide\">\n<h2 class=\"posttitle bigposttitle\"><a title=\"Enlace Permanente a Cr\u00f3nicas Beisboleras: La Pregunta. Por Jaime Palau\" href=\"http:\/\/www.eloriente.net\/home\/2015\/12\/07\/cronicas-beisboleras-la-pregunta-por-jaime-palau\/\" rel=\"bookmark\">Cr\u00f3nicas Beisboleras: La Pregunta. Por Jaime Palau<\/a><\/h2>\n<\/div>\n<p>(www.eloriente.net, M\u00e9xico, a 7 de diciembre de 2015, por Jaime Palau Ranz).- \u00a0\u00bfQu\u00e9 peloteros han conseguido la mayor cantidad de jonrones en una temporada\u00a0regular en Grandes Ligas\u2026<\/p>\n<p class=\"postmeta\"><span class=\"meta_date\">diciembre 7, 2015<\/span><\/p>\n<div class=\"toolbar-social\"><\/div>\n<\/div>\n<div class=\"featuredpost\">\n<div class=\"flow_hide\">\n<p><a href=\"http:\/\/www.eloriente.net\/home\/2015\/12\/06\/venezuela-6dic15-en-vivo-elecciones-parlamentarias\/\" rel=\"bookmark\"><img decoding=\"async\" class=\"alignleft\" title=\"VENEZUELA: 6\/Dic\/15 En Vivo: Elecciones Parlamentarias\" src=\"http:\/\/www.eloriente.net\/home\/wp-content\/themes\/city-desk\/timthumb.php?src=http%3A%2F%2Fwww.eloriente.net%2Fhome%2Fwp-content%2Fuploads%2F2014%2F04%2FBandera-Venezuela-Por-ruurmo.jpg&amp;q=90&amp;w=70&amp;h=45&amp;zc=1\" alt=\"VENEZUELA: 6\/Dic\/15 En Vivo: Elecciones Parlamentarias\" \/><\/a><\/p>\n<h2 class=\"posttitle \"><a title=\"Enlace Permanente a VENEZUELA: 6\/Dic\/15 En Vivo: Elecciones Parlamentarias\" href=\"http:\/\/www.eloriente.net\/home\/2015\/12\/06\/venezuela-6dic15-en-vivo-elecciones-parlamentarias\/\" rel=\"bookmark\">VENEZUELA: 6\/Dic\/15 En Vivo: Elecciones Parlamentarias<\/a><\/h2>\n<\/div>\n<p>(www.eloriente.net, M\u00e9xico, 6 de diciembre de 2015. Por: Gustavo Herrera).- Este domingo 6, Venezuela se juega su futuro inmediato. En 90 circunscripciones, repartidas en 24 entidades, se realizar\u00e1n\u2026<\/p>\n<p class=\"postmeta\"><span class=\"meta_date\">diciembre 6, 2015<\/span><\/p>\n<div class=\"toolbar-social\"><\/div>\n<\/div>\n<div class=\"featuredpost\">\n<div class=\"flow_hide\">\n<p><a href=\"http:\/\/www.eloriente.net\/home\/2015\/12\/05\/cultura-sep-no-tiene-tiempo-para-atender-cultura-nuno-meyer\/\" rel=\"bookmark\"><img decoding=\"async\" class=\"alignleft\" title=\"CULTURA: SEP no tiene tiempo para atender Cultura: Nu\u00f1o Meyer\" src=\"http:\/\/www.eloriente.net\/home\/wp-content\/themes\/city-desk\/timthumb.php?src=http%3A%2F%2Fwww.eloriente.net%2Fhome%2Fwp-content%2Fuploads%2F2015%2F12%2FNU%C3%91O-COMPARECENCIA-NUEVA-SECRETARIA-DE-CULTURA.jpg&amp;q=90&amp;w=70&amp;h=45&amp;zc=1\" alt=\"CULTURA: SEP no tiene tiempo para atender Cultura: Nu\u00f1o Meyer\" \/><\/a><\/p>\n<h2 class=\"posttitle \"><a title=\"Enlace Permanente a CULTURA: SEP no tiene tiempo para atender Cultura: Nu\u00f1o Meyer\" href=\"http:\/\/www.eloriente.net\/home\/2015\/12\/05\/cultura-sep-no-tiene-tiempo-para-atender-cultura-nuno-meyer\/\" rel=\"bookmark\">CULTURA: SEP no tiene tiempo para atender Cultura: Nu\u00f1o Meyer<\/a><\/h2>\n<\/div>\n<p>eloriente.net\/Canal del Congreso 5 de diciembre de 2015 La cultura se encuentra en una trampa burocr\u00e1tica, asegur\u00f3 el titular de la SEP a diputados y senadores con quienes\u2026<\/p>\n<p class=\"postmeta\"><span class=\"meta_date\">diciembre 5, 2015<\/span><\/p>\n<\/div>\n\n\t\t\t  <div \n\t\t\t  \tclass = \"fb-comments\" \n\t\t\t  \tdata-href = \"http:\/\/www.eloriente.net\/home\/2015\/12\/07\/cultura-mesas-de-debate-sobre-nueva-secretaria\/\"\n\t\t\t  \tdata-numposts = \"10\"\n\t\t\t\tdata-colorscheme = \"dark\"\n\t\t\t\tdata-order-by = \"social\"\n\t\t\t\tdata-mobile=true>\n\t\t\t  <\/div>\n\t\t  <style>\n\t\t\t.fb_iframe_widget_fluid_desktop iframe {\n\t\t\t    width: 100% !important;\n\t\t\t}\n\t\t  <\/style>\n\t\t  ","protected":false},"excerpt":{"rendered":"<p>&nbsp; (www.eloriente.net, M\u00e9xico, a 7 de diciembre de 2015, por Valery L\u00f3pez).- Durante los \u00faltimos meses el tema de la posible creaci\u00f3n de una Secretar\u00eda de Cultura a nivel federal ha generado cr\u00edticas y debates en el medio art\u00edstico, intelectual y cultural, donde se discuten\u00a0los puntos a favor y en contra que traer\u00eda esta iniciativa. [&hellip;]<\/p>\n","protected":false},"author":44,"featured_media":41174,"comment_status":"open","ping_status":"open","sticky":false,"template":"","format":"standard","meta":{"_jetpack_memberships_contains_paid_content":false,"footnotes":""},"categories":[3,18,32,10,24],"tags":[5400,1187,5399,5401,197,4987,1043],"class_list":["post-41161","post","type-post","status-publish","format-standard","has-post-thumbnail","hentry","category-canal-1-tu-aula","category-educacion-y-cultura","category-entradas","category-lo-mas-reciente","category-mexico-y-el-mundo","tag-creacion","tag-debate","tag-mesas-de-analisis","tag-nueva","tag-opinion","tag-secretaria-de-cultura","tag-video"],"jetpack_featured_media_url":"http:\/\/www.eloriente.net\/home\/wp-content\/uploads\/2015\/12\/Mesa-Anali\u0301sis-Secretari\u0301a-de-Cultura.png","jetpack_sharing_enabled":true,"_links":{"self":[{"href":"http:\/\/www.eloriente.net\/home\/wp-json\/wp\/v2\/posts\/41161"}],"collection":[{"href":"http:\/\/www.eloriente.net\/home\/wp-json\/wp\/v2\/posts"}],"about":[{"href":"http:\/\/www.eloriente.net\/home\/wp-json\/wp\/v2\/types\/post"}],"author":[{"embeddable":true,"href":"http:\/\/www.eloriente.net\/home\/wp-json\/wp\/v2\/users\/44"}],"replies":[{"embeddable":true,"href":"http:\/\/www.eloriente.net\/home\/wp-json\/wp\/v2\/comments?post=41161"}],"version-history":[{"count":4,"href":"http:\/\/www.eloriente.net\/home\/wp-json\/wp\/v2\/posts\/41161\/revisions"}],"predecessor-version":[{"id":41178,"href":"http:\/\/www.eloriente.net\/home\/wp-json\/wp\/v2\/posts\/41161\/revisions\/41178"}],"wp:featuredmedia":[{"embeddable":true,"href":"http:\/\/www.eloriente.net\/home\/wp-json\/wp\/v2\/media\/41174"}],"wp:attachment":[{"href":"http:\/\/www.eloriente.net\/home\/wp-json\/wp\/v2\/media?parent=41161"}],"wp:term":[{"taxonomy":"category","embeddable":true,"href":"http:\/\/www.eloriente.net\/home\/wp-json\/wp\/v2\/categories?post=41161"},{"taxonomy":"post_tag","embeddable":true,"href":"http:\/\/www.eloriente.net\/home\/wp-json\/wp\/v2\/tags?post=41161"}],"curies":[{"name":"wp","href":"https:\/\/api.w.org\/{rel}","templated":true}]}}