{"id":41219,"date":"2015-12-10T14:18:35","date_gmt":"2015-12-10T20:18:35","guid":{"rendered":"http:\/\/www.eloriente.net\/home\/?p=41219"},"modified":"2015-12-11T12:31:38","modified_gmt":"2015-12-11T18:31:38","slug":"5-actividades-culturales-en-oaxaca-que-no-te-puedes-perder-11-13-de-diciembre","status":"publish","type":"post","link":"http:\/\/www.eloriente.net\/home\/2015\/12\/10\/5-actividades-culturales-en-oaxaca-que-no-te-puedes-perder-11-13-de-diciembre\/","title":{"rendered":"5 actividades culturales en Oaxaca que no te puedes perder (11\u201313 de diciembre)"},"content":{"rendered":"<p><script src=\"\/\/pagead2.googlesyndication.com\/pagead\/js\/adsbygoogle.js\" async=\"\"><\/script><!-- BANNER ELORIENTE INCRUSTADO NOTAS --> <ins class=\"adsbygoogle\" style=\"display: inline-block; width: 300px; height: 250px;\" data-ad-client=\"ca-pub-1136171134853753\" data-ad-slot=\"7974633627\"><\/ins><script>\/\/ <![CDATA[\n(adsbygoogle = window.adsbygoogle || []).push({});\n\/\/ ]]><\/script><\/p>\n<p>&nbsp;<\/p>\n<p>(www.eloriente.net, M\u00e9xico, a 10 de diciembre de 2015, por Valery L\u00f3pez).-\u00a0Como cada semana, en EL ORIENTE nos dimos a la tarea de buscar las actividades culturales que no puedes dejar pasar en los pr\u00f3ximos d\u00edas. En esta ocasi\u00f3n te presentamos festivales, proyecciones, conferencias, talleres, exposiciones y un encuentro de maestros del mezcal.<\/p>\n<p><strong><a href=\"https:\/\/www.facebook.com\/casanagustin\/?fref=ts\" target=\"_blank\">1.- AFINIDADES INSOSPECHADAS<\/a><\/strong><\/p>\n<p>Afinidades Insospechadas es un proyecto lanzado por la compositora y productora Ana Lara en colaboraci\u00f3n con Jean-Paul Bernard,\u00a0director art\u00edstico del sexteto Percusionistas de Estrasburgo. Dicha iniciativa tiene como finalidad ofrecer a j\u00f3venes artistas y a creadores con renombre internacional una plataforma para la ense\u00f1anza, la experimentaci\u00f3n y la creaci\u00f3n interdisciplinaria, teniendo como hilo conductor a la m\u00fasica.<\/p>\n<p>Como parte de ese evento se proyectar\u00e1 \u00abEl Perro Andaluz\u00bb de Luis Bu\u00f1uel, la cual ser\u00e1 musicalizada en vivo por el Ars Nova Ensemble Instrumental de Francia y el Ensamble Cepromusic.<\/p>\n<p>La cita es el viernes 11 de diciembre a las 20:00 horas en\u00a0Centro de las Artes de San Agust\u00edn (CaSa), el cual proporcionar\u00e1 transporte gratuito desde el centro de la ciudad. Para m\u00e1s informaci\u00f3n se puede marca al tel\u00e9fono\u00a0(951) 521 3042.<\/p>\n<p><a href=\"http:\/\/www.eloriente.net\/home\/wp-content\/uploads\/2015\/12\/Proyeccio\u0301n-perro-andaluzjpg.jpg\"><img loading=\"lazy\" decoding=\"async\" class=\"alignnone size-large wp-image-41225\" src=\"http:\/\/www.eloriente.net\/home\/wp-content\/uploads\/2015\/12\/Proyeccio\u0301n-perro-andaluzjpg-663x1024.jpg\" alt=\"Proyeccio\u0301n perro andaluzjpg\" width=\"663\" height=\"1024\" srcset=\"http:\/\/www.eloriente.net\/home\/wp-content\/uploads\/2015\/12\/Proyeccio\u0301n-perro-andaluzjpg-663x1024.jpg 663w, http:\/\/www.eloriente.net\/home\/wp-content\/uploads\/2015\/12\/Proyeccio\u0301n-perro-andaluzjpg-194x300.jpg 194w, http:\/\/www.eloriente.net\/home\/wp-content\/uploads\/2015\/12\/Proyeccio\u0301n-perro-andaluzjpg-1024x1583.jpg 1024w, http:\/\/www.eloriente.net\/home\/wp-content\/uploads\/2015\/12\/Proyeccio\u0301n-perro-andaluzjpg-900x1391.jpg 900w, http:\/\/www.eloriente.net\/home\/wp-content\/uploads\/2015\/12\/Proyeccio\u0301n-perro-andaluzjpg.jpg 1325w\" sizes=\"(max-width: 663px) 100vw, 663px\" \/><\/a><\/p>\n<p><strong><a href=\"https:\/\/www.facebook.com\/MaestrosdelMezcal\/?fref=ts\" target=\"_blank\">2.- SEGUNDO ENCUENTRO ARTESANAL \u00abMAESTROS DEL MEZCAL\u00bb<\/a><\/strong><\/p>\n<p>El pr\u00f3ximo 11 y 12 de diciembre se estar\u00e1 llevando a cabo el segundo encuentro artesanal \u00abMaestros del Mezcal\u00bb, un evento que m\u00e1s all\u00e1 de buscar la comercializaci\u00f3n pretende ser un foro para la reflexi\u00f3n y para la reivindicaci\u00f3n de los productores.<\/p>\n<p>En el Encuentro habr\u00e1 venta directa de productores, degustaciones y conferencias.\u00a0La cita es a partir de las 12:00 horas en el Jard\u00edn El Pa\u00f1uelito los d\u00edas 11 y 12 de diciembre.<\/p>\n<p><a href=\"http:\/\/www.eloriente.net\/home\/wp-content\/uploads\/2015\/12\/Mestros-del-mezcal.jpg\"><img loading=\"lazy\" decoding=\"async\" class=\"alignnone size-full wp-image-41224\" src=\"http:\/\/www.eloriente.net\/home\/wp-content\/uploads\/2015\/12\/Mestros-del-mezcal.jpg\" alt=\"Mestros del mezcal\" width=\"617\" height=\"960\" srcset=\"http:\/\/www.eloriente.net\/home\/wp-content\/uploads\/2015\/12\/Mestros-del-mezcal.jpg 617w, http:\/\/www.eloriente.net\/home\/wp-content\/uploads\/2015\/12\/Mestros-del-mezcal-193x300.jpg 193w\" sizes=\"(max-width: 617px) 100vw, 617px\" \/><\/a><\/p>\n<p><script src=\"\/\/pagead2.googlesyndication.com\/pagead\/js\/adsbygoogle.js\" async=\"\"><\/script><!-- BANNER PEQUE\u00d1O PARA ENTRENOTAS EL ORIENTE --> <ins class=\"adsbygoogle\" style=\"display: inline-block; width: 468px; height: 60px;\" data-ad-client=\"ca-pub-1136171134853753\" data-ad-slot=\"4953536424\"><\/ins><script>\/\/ <![CDATA[\n(adsbygoogle = window.adsbygoogle || []).push({});\n\/\/ ]]><\/script><\/p>\n<p><strong><a href=\"https:\/\/www.facebook.com\/events\/745485472262999\/\" target=\"_blank\">3.- PINCELADAS LITERARIAS POR LA PRIMER INFANCIA\u00a0<\/a><\/strong><\/p>\n<p>La BS Biblioteca infantil de Oaxaca invita a su jornada de literatura infantil titulada \u00abPinceladas literarias por la primer infancia\u00bb, que se llevar\u00e1 a cabo del 11 al 13 de diciembre y en la cual se realizar\u00e1n talleres, una conferencia y la presentaci\u00f3n de un libro.<\/p>\n<p>El viernes 11 se inaugurar\u00e1 la exposici\u00f3n \u00abPersonajes chiquitos en libros grandotes (y viceversa)\u00bb en la cual se expondr\u00e1 la obra de la ilustradora Margarita Sada.<\/p>\n<p>El s\u00e1bado 12 de diciembre se llevar\u00e1n a cabo los talleres\u00a0\u201cEl cuento cl\u00e1sico infantil: su historia y significado afectivo\u00bb,\u201cCuentos para jugar y arrullar\u201d y \u00abLeer, cantar, arrullar\u2026 envolver afectivamente desde la primera infancia\u201d \u00e9ste \u00faltimo dirigido a gestores y promotores culturales, profesores, bibliotecarios o cualquier persona interesada en la promoci\u00f3n de la lectura en primera infancia.<\/p>\n<p>Ese mismo d\u00eda pero a las 12:00 horas, se realizar\u00e1 la presentaci\u00f3n del libro \u00abHIC\u00bb de Mercedes Garc\u00eda, el cual obtuvo galardones como ser elegido por la Fundaci\u00f3n Cuatrogatos 2015 como finalista para el premio de la misma. Menci\u00f3n honor\u00edfica XX Premio Internacional del Libro Ilustrado Infantil y Juvenil de la Feria Internacional del Libro Infantil y Juvenil 2015.<\/p>\n<p>Para conocer los horarios de cada una de las actividades se puede consultar el <strong><a href=\"https:\/\/www.facebook.com\/events\/745485472262999\/\" target=\"_blank\">evento<\/a><\/strong> en Facebook, donde se encontrar\u00e1 informaci\u00f3n adicional.<\/p>\n<p><a href=\"http:\/\/www.eloriente.net\/home\/wp-content\/uploads\/2015\/12\/Pinceladas-literarias.jpg\"><img loading=\"lazy\" decoding=\"async\" class=\"alignnone size-large wp-image-41223\" src=\"http:\/\/www.eloriente.net\/home\/wp-content\/uploads\/2015\/12\/Pinceladas-literarias-662x1024.jpg\" alt=\"Pinceladas literarias\" width=\"662\" height=\"1024\" srcset=\"http:\/\/www.eloriente.net\/home\/wp-content\/uploads\/2015\/12\/Pinceladas-literarias-662x1024.jpg 662w, http:\/\/www.eloriente.net\/home\/wp-content\/uploads\/2015\/12\/Pinceladas-literarias-194x300.jpg 194w, http:\/\/www.eloriente.net\/home\/wp-content\/uploads\/2015\/12\/Pinceladas-literarias-1024x1584.jpg 1024w, http:\/\/www.eloriente.net\/home\/wp-content\/uploads\/2015\/12\/Pinceladas-literarias-900x1392.jpg 900w, http:\/\/www.eloriente.net\/home\/wp-content\/uploads\/2015\/12\/Pinceladas-literarias.jpg 1324w\" sizes=\"(max-width: 662px) 100vw, 662px\" \/><\/a><\/p>\n<p><strong><a href=\"https:\/\/www.facebook.com\/IAGOmx\/?fref=ts\" target=\"_blank\">4.- EL ROSTRO EN EL TINTERO<\/a><\/strong><\/p>\n<p>El Instituto de Artes Gr\u00e1ficas de Oaxaca (IAGO) invita a la mesa de debate \u00abRiesgos y retos en el ejercicio de la libertad de expresi\u00f3n\u00bb, en la que participar\u00e1n\u00a0el artista Dar\u00edo Castillejos, Xavier Bonilla, Noe Almada (La dama), Fernando G\u00e1lvez y Jorge Flores Manjarrez.<\/p>\n<p>Al finalizar la misma el IAGO invita a disfrutar de la exposici\u00f3n de Dar\u00edo \u00abEl rostro en el tintero\u00bb la cual se presentar\u00e1 en la cafeter\u00eda El Alacr\u00e1n ubicada al interior del instituto.<\/p>\n<p><a href=\"http:\/\/www.eloriente.net\/home\/wp-content\/uploads\/2015\/12\/el-rostro-en-el-tintero.jpg\"><img loading=\"lazy\" decoding=\"async\" class=\"alignnone size-full wp-image-41221\" src=\"http:\/\/www.eloriente.net\/home\/wp-content\/uploads\/2015\/12\/el-rostro-en-el-tintero.jpg\" alt=\"el rostro en el tintero\" width=\"584\" height=\"960\" srcset=\"http:\/\/www.eloriente.net\/home\/wp-content\/uploads\/2015\/12\/el-rostro-en-el-tintero.jpg 584w, http:\/\/www.eloriente.net\/home\/wp-content\/uploads\/2015\/12\/el-rostro-en-el-tintero-183x300.jpg 183w\" sizes=\"(max-width: 584px) 100vw, 584px\" \/><\/a><\/p>\n<p><strong><a href=\"https:\/\/www.facebook.com\/events\/532769683567411\/\" target=\"_blank\">5.- FUYU MATSURI<\/a><\/strong><\/p>\n<p>El pr\u00f3ximo 13 de diciembre se llevar\u00e1 a cabo la onceava edici\u00f3n del festival Fuyu Matsuri, que en esta ocasi\u00f3n se centra en las festividades de invierno de Jap\u00f3n.<\/p>\n<p>Matsuri es un evento para personas de todas las edades, cuya finalidad es dar a conocer la cultura pop y tradiciones del pa\u00eds del sol naciente.<\/p>\n<p>En esta edici\u00f3n tendr\u00e1n exposici\u00f3n y venta de art\u00edculos relacionados al anime, manga y comida japonesa, concurso de karaoke, concurso Selectivo de Cosplay rumbo a la Copa Cosplay Sur Sureste 2016, relatos Japoneses celebrando a\u00f1o nuevo y representaci\u00f3n de A\u00f1o nuevo por Japoneses.<\/p>\n<p>El evento se realizar\u00e1 el pr\u00f3ximo domingo 13 de diciembre\u00a0a partir de las 10:30 horas\u00a0en el sal\u00f3n de fiestas \u00abFantas\u00eda\u00bb, ubicado en la calle de Jacobo Dalevuelta #105-A, la entrada es totalmente gratuita.<\/p>\n<p><a href=\"http:\/\/www.eloriente.net\/home\/wp-content\/uploads\/2015\/12\/Matsuri-e1449777877329.jpg\"><img loading=\"lazy\" decoding=\"async\" class=\"alignnone size-full wp-image-41220\" src=\"http:\/\/www.eloriente.net\/home\/wp-content\/uploads\/2015\/12\/Matsuri-e1449777877329.jpg\" alt=\"Matsuri\" width=\"770\" height=\"257\" \/><\/a><\/p>\n<p>&nbsp;<\/p>\n<p>&nbsp;<\/p>\n<p>&nbsp;<\/p>\n<p>&nbsp;<\/p>\n<p>&nbsp;<\/p>\n<p><strong>OTRAS ENTRADAS<\/strong><\/p>\n<div class=\"featuredpost\">\n<div class=\"flow_hide\">\n<h2 class=\"posttitle bigposttitle\"><a title=\"Enlace Permanente a ELECCIONES: Calendario Electoral 2016\" href=\"http:\/\/www.eloriente.net\/home\/2015\/12\/10\/elecciones-calendario-electoral-2016\/\" rel=\"bookmark\">ELECCIONES: Calendario Electoral 2016<\/a><\/h2>\n<\/div>\n<p>(www.eloriente.net, M\u00e9xico, 10 de diciembre de 2015).- Estados fundamentales para el sureste mexicano cambiar\u00e1n gobernador en 2016: Puebla, Oaxaca y Veracruz. Adem\u00e1s, estados emblem\u00e1ticos de la pol\u00edtica mexicana\u2026<\/p>\n<p class=\"postmeta\"><span class=\"meta_date\">diciembre 10, 2015<\/span><\/p>\n<div class=\"toolbar-social\"><\/div>\n<\/div>\n<div class=\"featuredpost\">\n<div class=\"flow_hide\">\n<p><a href=\"http:\/\/www.eloriente.net\/home\/2015\/12\/09\/la-reforma-educativa-y-la-ensenanza-del-ingles-en-mexico-por-diego-gonzalez-algara\/\" rel=\"bookmark\"><img decoding=\"async\" class=\"alignleft\" title=\"EDUCACI\u00d3N: Reforma educativa y ense\u00f1anza del ingl\u00e9s en M\u00e9xico, por Diego Gonz\u00e1lez Algara\" src=\"http:\/\/www.eloriente.net\/home\/wp-content\/themes\/city-desk\/timthumb.php?src=http%3A%2F%2Fwww.eloriente.net%2Fhome%2Fwp-content%2Fuploads%2F2015%2F12%2FEnsen%CC%83anza-ingle%CC%81s.jpeg&amp;q=90&amp;w=70&amp;h=45&amp;zc=1\" alt=\"EDUCACI\u00d3N: Reforma educativa y ense\u00f1anza del ingl\u00e9s en M\u00e9xico, por Diego Gonz\u00e1lez Algara\" \/><\/a><\/p>\n<h2 class=\"posttitle \"><a title=\"Enlace Permanente a EDUCACI\u00d3N: Reforma educativa y ense\u00f1anza del ingl\u00e9s en M\u00e9xico, por Diego Gonz\u00e1lez Algara\" href=\"http:\/\/www.eloriente.net\/home\/2015\/12\/09\/la-reforma-educativa-y-la-ensenanza-del-ingles-en-mexico-por-diego-gonzalez-algara\/\" rel=\"bookmark\">EDUCACI\u00d3N: Reforma educativa y ense\u00f1anza del ingl\u00e9s en M\u00e9xico, por Diego Gonz\u00e1lez Algara<\/a><\/h2>\n<\/div>\n<p>(www.eloriente.net, M\u00e9xico, a 9 de diciembre de 2015, por Diego Gonz\u00e1lez Algara).- Este texto, es el primero de cuatro, que tiene el objetivo de acercar a los\u2026<\/p>\n<p class=\"postmeta\"><span class=\"meta_date\">diciembre 9, 2015<\/span><\/p>\n<div class=\"toolbar-social\"><\/div>\n<\/div>\n<div class=\"featuredpost\">\n<div class=\"flow_hide\">\n<p><a href=\"http:\/\/www.eloriente.net\/home\/2015\/12\/08\/08dic15-1200-pm-est-conferencia-por-el-dia-internacional-para-la-conmemoracion-y-dignificacion-de-las-victimas-del-crimen-de-genocidio\/\" rel=\"bookmark\"><img decoding=\"async\" class=\"alignleft\" title=\"EN VIVO: Conferencia de Adama Dieng, Asesor Especial para la Prevenci\u00f3n del Genocidio\" src=\"http:\/\/www.eloriente.net\/home\/wp-content\/themes\/city-desk\/timthumb.php?src=http%3A%2F%2Fwww.eloriente.net%2Fhome%2Fwp-content%2Fuploads%2F2015%2F12%2FMr-Dineg.jpg&amp;q=90&amp;w=70&amp;h=45&amp;zc=1\" alt=\"EN VIVO: Conferencia de Adama Dieng, Asesor Especial para la Prevenci\u00f3n del Genocidio\" \/><\/a><\/p>\n<h2 class=\"posttitle \"><a title=\"Enlace Permanente a EN VIVO: Conferencia de Adama Dieng, Asesor Especial para la Prevenci\u00f3n del Genocidio\" href=\"http:\/\/www.eloriente.net\/home\/2015\/12\/08\/08dic15-1200-pm-est-conferencia-por-el-dia-internacional-para-la-conmemoracion-y-dignificacion-de-las-victimas-del-crimen-de-genocidio\/\" rel=\"bookmark\">EN VIVO: Conferencia de Adama Dieng, Asesor Especial para la Prevenci\u00f3n del Genocidio<\/a><\/h2>\n<\/div>\n<p>eloriente.net\/UN 8 de diciembre de 2015 El Asesor Especial para la Prevenci\u00f3n del Genocidio, Adama Dieng, ofrecer\u00e1 una conferencia especial con motivo del D\u00eda Internacional para la\u2026<\/p>\n<p class=\"postmeta\"><span class=\"meta_date\">diciembre 8, 2015<\/span><\/p>\n<\/div>\n\n\t\t\t  <div \n\t\t\t  \tclass = \"fb-comments\" \n\t\t\t  \tdata-href = \"http:\/\/www.eloriente.net\/home\/2015\/12\/10\/5-actividades-culturales-en-oaxaca-que-no-te-puedes-perder-11-13-de-diciembre\/\"\n\t\t\t  \tdata-numposts = \"10\"\n\t\t\t\tdata-colorscheme = \"dark\"\n\t\t\t\tdata-order-by = \"social\"\n\t\t\t\tdata-mobile=true>\n\t\t\t  <\/div>\n\t\t  <style>\n\t\t\t.fb_iframe_widget_fluid_desktop iframe {\n\t\t\t    width: 100% !important;\n\t\t\t}\n\t\t  <\/style>\n\t\t  ","protected":false},"excerpt":{"rendered":"<p>&nbsp; (www.eloriente.net, M\u00e9xico, a 10 de diciembre de 2015, por Valery L\u00f3pez).-\u00a0Como cada semana, en EL ORIENTE nos dimos a la tarea de buscar las actividades culturales que no puedes dejar pasar en los pr\u00f3ximos d\u00edas. En esta ocasi\u00f3n te presentamos festivales, proyecciones, conferencias, talleres, exposiciones y un encuentro de maestros del mezcal. 1.- AFINIDADES [&hellip;]<\/p>\n","protected":false},"author":44,"featured_media":41226,"comment_status":"open","ping_status":"open","sticky":false,"template":"","format":"standard","meta":{"_jetpack_memberships_contains_paid_content":false,"footnotes":""},"categories":[8,32,63,23,464,19],"tags":[5434,5433,1203,241,4439,5435,5432,1241,4265,354,5436,5431,306,5437],"class_list":["post-41219","post","type-post","status-publish","format-standard","has-post-thumbnail","hentry","category-agenda","category-entradas","category-estados","category-municipios","category-oaxaca-estados","category-turismo-y-negocios","tag-afinidades-insospechadas","tag-bs-biblioteca-infantil-literatura","tag-casa","tag-cultura","tag-diciembre","tag-el-perro-andaluz","tag-fuyu-matsuri","tag-iago","tag-instituto-de-artes-graficas-de-oaxaca","tag-japon","tag-maestros-del-mezcal","tag-matsuri-oaxaca","tag-mezcal","tag-segundo-encuentro"],"jetpack_featured_media_url":"http:\/\/www.eloriente.net\/home\/wp-content\/uploads\/2015\/12\/Mezcal.jpg","jetpack_sharing_enabled":true,"_links":{"self":[{"href":"http:\/\/www.eloriente.net\/home\/wp-json\/wp\/v2\/posts\/41219"}],"collection":[{"href":"http:\/\/www.eloriente.net\/home\/wp-json\/wp\/v2\/posts"}],"about":[{"href":"http:\/\/www.eloriente.net\/home\/wp-json\/wp\/v2\/types\/post"}],"author":[{"embeddable":true,"href":"http:\/\/www.eloriente.net\/home\/wp-json\/wp\/v2\/users\/44"}],"replies":[{"embeddable":true,"href":"http:\/\/www.eloriente.net\/home\/wp-json\/wp\/v2\/comments?post=41219"}],"version-history":[{"count":3,"href":"http:\/\/www.eloriente.net\/home\/wp-json\/wp\/v2\/posts\/41219\/revisions"}],"predecessor-version":[{"id":41236,"href":"http:\/\/www.eloriente.net\/home\/wp-json\/wp\/v2\/posts\/41219\/revisions\/41236"}],"wp:featuredmedia":[{"embeddable":true,"href":"http:\/\/www.eloriente.net\/home\/wp-json\/wp\/v2\/media\/41226"}],"wp:attachment":[{"href":"http:\/\/www.eloriente.net\/home\/wp-json\/wp\/v2\/media?parent=41219"}],"wp:term":[{"taxonomy":"category","embeddable":true,"href":"http:\/\/www.eloriente.net\/home\/wp-json\/wp\/v2\/categories?post=41219"},{"taxonomy":"post_tag","embeddable":true,"href":"http:\/\/www.eloriente.net\/home\/wp-json\/wp\/v2\/tags?post=41219"}],"curies":[{"name":"wp","href":"https:\/\/api.w.org\/{rel}","templated":true}]}}