{"id":41358,"date":"2015-12-16T17:12:23","date_gmt":"2015-12-16T23:12:23","guid":{"rendered":"http:\/\/www.eloriente.net\/home\/?p=41358"},"modified":"2015-12-17T09:28:54","modified_gmt":"2015-12-17T15:28:54","slug":"cultura-director-de-pasatono-orquesta-platica-sobre-nano-conciertos","status":"publish","type":"post","link":"http:\/\/www.eloriente.net\/home\/2015\/12\/16\/cultura-director-de-pasatono-orquesta-platica-sobre-nano-conciertos\/","title":{"rendered":"CULTURA: Con Nano Conciertos, la gente sentir\u00e1 la m\u00fasica: Ruben Luengas para El Oriente"},"content":{"rendered":"<p><script src=\"\/\/pagead2.googlesyndication.com\/pagead\/js\/adsbygoogle.js\" async=\"\"><\/script><!-- BANNER ELORIENTE INCRUSTADO NOTAS --> <ins class=\"adsbygoogle\" style=\"display: inline-block; width: 300px; height: 250px;\" data-ad-client=\"ca-pub-1136171134853753\" data-ad-slot=\"7974633627\"><\/ins><script>\/\/ <![CDATA[\n(adsbygoogle = window.adsbygoogle || []).push({});\n\/\/ ]]><\/script><\/p>\n<p>&nbsp;<\/p>\n<p>(www.eloriente.net, M\u00e9xico, a 16 de diciembre de 2015, por Valery L\u00f3pez).- El Instituto de Artes Gr\u00e1ficas de Oaxaca (IAGO) en coordinaci\u00f3n con la Orquesta Pasatono organizan una serie de peque\u00f1os conciertos cuyo mayor atractivo es la interesante din\u00e1mica con la que se desarrollar\u00e1n. En EL ORIENTE platicamos con Rub\u00e9n Luengas, director de la Pasatono Orquesta, quien nos habl\u00f3 sobre los \u00abNano conciertos\u00bb.<\/p>\n<p>En entrevista telef\u00f3nica, Rub\u00e9n nos comenta que Nano Conciertos<em>\u00a0<\/em>es una idea que desarrollaron conjuntamente con el IAGO<em><strong>, <\/strong><\/em>la cual <em><strong>\u00abes una din\u00e1mica que busca ser muy \u00e1gil, muy liviana y muy activa\u00bb.<\/strong><\/em><\/p>\n<p>El Director de Pasatono Orquesta nos explic\u00f3 que <strong><em>\u00abla din\u00e1mica consiste en\u00a0en que a las 20 horas de este jueves, en los tres lugares simult\u00e1neamente va a haber 3 conciertos de 20 minutos para 20 personas y tendr\u00e1n un costo de entrada de 20 pesos. Son producciones peque\u00f1as, son conciertos muy \u00edntimos pero que van a tener una gran din\u00e1mica porque permiten al p\u00fablico estar muy cerca, sentir realmente cerca la m\u00fasica, por un breve instante que s\u00f3lo son 20 minutos y a un costo muy accesible\u00bb.<\/em><\/strong><\/p>\n<p>A\u00f1adi\u00f3 que, <em><strong>\u00abla idea es que,\u00a0por ejemplo, el p\u00fablico que escuche el concierto en el IAGO, al terminar se pueda mover a la otra sede y pueda escuchar el otro concierto y despu\u00e9s a la otra sede, entonces a lo largo de una hora y 20 minutos, t\u00fa con 20 pesos en cada concierto pudiste escuchar 3 g\u00e9neros y propuestas musicales distintas y muy buenos.\u00bb<\/strong><\/em><\/p>\n<p><script src=\"\/\/pagead2.googlesyndication.com\/pagead\/js\/adsbygoogle.js\" async=\"\"><\/script><!-- BANNER PEQUE\u00d1O PARA ENTRENOTAS EL ORIENTE --> <ins class=\"adsbygoogle\" style=\"display: inline-block; width: 468px; height: 60px;\" data-ad-client=\"ca-pub-1136171134853753\" data-ad-slot=\"4953536424\"><\/ins><script>\/\/ <![CDATA[\n(adsbygoogle = window.adsbygoogle || []).push({});\n\/\/ ]]><\/script><\/p>\n<p>En cuanto al repertorio musical de los \u00abNano Conciertos\u00bb, el director de Pasatono explic\u00f3 que ser\u00e1n conciertos completamente ac\u00fasticos y de m\u00fasica muy variada, entre la que podremos encontrar m\u00fasica tradicional oaxaque\u00f1a, que ser\u00e1 interpretada por Tavo y Bibi del Ensamble de Son Jarocho; m\u00fasica barroca interpretada por Alberto Revilla de La\u00fad Barroco y m\u00fasica tradicional de los Estados Unidos que estar\u00e1 a cargo de Rorick Baker de North American Folk Songs.<\/p>\n<p>Finaliz\u00f3 dejando unas palabras para nuestros lectores: <em><strong>\u00abInvitamos a todo el p\u00fablico a que asista a estos Nano Conciertos, son conciertos muy din\u00e1micos, muy a la mano y que bueno es un regalo finalmente, con 60 pesos puedes escuchar en la noche de este jueves tres distintos g\u00e9neros, 3 distintas formas de hacer la m\u00fasica en un circuito muy din\u00e1mico y divertido.\u00bb<\/strong><\/em><\/p>\n<p><a href=\"http:\/\/www.eloriente.net\/home\/wp-content\/uploads\/2015\/12\/Nano-Conciertos.jpg\"><img loading=\"lazy\" decoding=\"async\" class=\"alignnone  wp-image-41359\" src=\"http:\/\/www.eloriente.net\/home\/wp-content\/uploads\/2015\/12\/Nano-Conciertos.jpg\" alt=\"Nano Conciertos\" width=\"701\" height=\"539\" srcset=\"http:\/\/www.eloriente.net\/home\/wp-content\/uploads\/2015\/12\/Nano-Conciertos.jpg 936w, http:\/\/www.eloriente.net\/home\/wp-content\/uploads\/2015\/12\/Nano-Conciertos-300x231.jpg 300w, http:\/\/www.eloriente.net\/home\/wp-content\/uploads\/2015\/12\/Nano-Conciertos-900x692.jpg 900w\" sizes=\"(max-width: 701px) 100vw, 701px\" \/><\/a><\/p>\n<p><strong>OTRAS ENTRADAS<\/strong><\/p>\n<div class=\"featuredpost\">\n<div class=\"flow_hide\">\n<h2 class=\"posttitle bigposttitle\"><a title=\"Enlace Permanente a CULTURA: Crean Secretar\u00eda de Cultura; consulta aqu\u00ed dictamen \u00edntegro\" href=\"http:\/\/www.eloriente.net\/home\/2015\/12\/16\/cultura-crean-secretaria-de-cultura-consulta-aqui-dictamen-integro\/\" rel=\"bookmark\">CULTURA: Crean Secretar\u00eda de Cultura; consulta aqu\u00ed dictamen \u00edntegro<\/a><\/h2>\n<\/div>\n<p>(www.eloriente.net, M\u00e9xico, a 16 de diciembre de 2015, por Valery L\u00f3pez).- Durante el \u00faltimo d\u00eda del periodo ordinario de sesiones, el Senado de la Rep\u00fablica aprob\u00f3 de\u2026<\/p>\n<p class=\"postmeta\"><span class=\"meta_date\">diciembre 16, 2015<\/span><\/p>\n<div class=\"toolbar-social\"><\/div>\n<\/div>\n<div class=\"featuredpost\">\n<div class=\"flow_hide\">\n<p><a href=\"http:\/\/www.eloriente.net\/home\/2015\/12\/16\/venezuela-despues-del-6d-por-leopoldo-lopez\/\" rel=\"bookmark\"><img decoding=\"async\" class=\"alignleft\" title=\"VENEZUELA despu\u00e9s del 6D, por Leopoldo L\u00f3pez\" src=\"http:\/\/www.eloriente.net\/home\/wp-content\/themes\/city-desk\/timthumb.php?src=http%3A%2F%2Fwww.eloriente.net%2Fhome%2Fwp-content%2Fuploads%2F2015%2F12%2F%40LEOPOLDO-LOPEZ.jpg&amp;q=90&amp;w=70&amp;h=45&amp;zc=1\" alt=\"VENEZUELA despu\u00e9s del 6D, por Leopoldo L\u00f3pez\" \/><\/a><\/p>\n<h2 class=\"posttitle \"><a title=\"Enlace Permanente a VENEZUELA despu\u00e9s del 6D, por Leopoldo L\u00f3pez\" href=\"http:\/\/www.eloriente.net\/home\/2015\/12\/16\/venezuela-despues-del-6d-por-leopoldo-lopez\/\" rel=\"bookmark\">VENEZUELA despu\u00e9s del 6D, por Leopoldo L\u00f3pez<\/a><\/h2>\n<\/div>\n<p>eloriente.net\/Leopoldo L\u00f3pez 16 de diciembre de 2015 Ese d\u00eda, luego de dos semanas exigiendo mi derecho a votar, pude hacerlo en horas de la tarde. Pese al\u2026<\/p>\n<p class=\"postmeta\"><span class=\"meta_date\">diciembre 16, 2015<\/span><\/p>\n<div class=\"toolbar-social\"><\/div>\n<\/div>\n<div class=\"featuredpost\">\n<div class=\"flow_hide\">\n<p><a href=\"http:\/\/www.eloriente.net\/home\/2015\/12\/15\/5-vacantes-para-comunicologos-en-puebla-martesdevacantes\/\" rel=\"bookmark\"><img decoding=\"async\" class=\"alignleft\" title=\"5 Vacantes para comunic\u00f3logos en Puebla #MartesdeVacantes\" src=\"http:\/\/www.eloriente.net\/home\/wp-content\/themes\/city-desk\/timthumb.php?src=http%3A%2F%2Fwww.eloriente.net%2Fhome%2Fwp-content%2Fuploads%2F2014%2F05%2Fmartes-de-vacantes.jpg&amp;q=90&amp;w=70&amp;h=45&amp;zc=1\" alt=\"5 Vacantes para comunic\u00f3logos en Puebla #MartesdeVacantes\" \/><\/a><\/p>\n<h2 class=\"posttitle \"><a title=\"Enlace Permanente a 5 Vacantes para comunic\u00f3logos en Puebla #MartesdeVacantes\" href=\"http:\/\/www.eloriente.net\/home\/2015\/12\/15\/5-vacantes-para-comunicologos-en-puebla-martesdevacantes\/\" rel=\"bookmark\">5 Vacantes para comunic\u00f3logos en Puebla #MartesdeVacantes<\/a><\/h2>\n<\/div>\n<p>(www.eloriente.net, M\u00e9xico, a 15 de diciembre de 2015, por Valery L\u00f3pez).-\u00a0Conscientes de la importancia para la ciudadan\u00eda en general de la b\u00fasqueda de nuevas oportunidades de crecimiento\u2026<\/p>\n<p class=\"postmeta\"><span class=\"meta_date\">diciembre 15, 2015<\/span><\/p>\n<\/div>\n\n\t\t\t  <div \n\t\t\t  \tclass = \"fb-comments\" \n\t\t\t  \tdata-href = \"http:\/\/www.eloriente.net\/home\/2015\/12\/16\/cultura-director-de-pasatono-orquesta-platica-sobre-nano-conciertos\/\"\n\t\t\t  \tdata-numposts = \"10\"\n\t\t\t\tdata-colorscheme = \"dark\"\n\t\t\t\tdata-order-by = \"social\"\n\t\t\t\tdata-mobile=true>\n\t\t\t  <\/div>\n\t\t  <style>\n\t\t\t.fb_iframe_widget_fluid_desktop iframe {\n\t\t\t    width: 100% !important;\n\t\t\t}\n\t\t  <\/style>\n\t\t  ","protected":false},"excerpt":{"rendered":"<p>&nbsp; (www.eloriente.net, M\u00e9xico, a 16 de diciembre de 2015, por Valery L\u00f3pez).- El Instituto de Artes Gr\u00e1ficas de Oaxaca (IAGO) en coordinaci\u00f3n con la Orquesta Pasatono organizan una serie de peque\u00f1os conciertos cuyo mayor atractivo es la interesante din\u00e1mica con la que se desarrollar\u00e1n. En EL ORIENTE platicamos con Rub\u00e9n Luengas, director de la Pasatono [&hellip;]<\/p>\n","protected":false},"author":44,"featured_media":41359,"comment_status":"open","ping_status":"open","sticky":false,"template":"","format":"standard","meta":{"_jetpack_memberships_contains_paid_content":false,"footnotes":""},"categories":[8,18,63,83,464],"tags":[1241,4265,5497,5495,5496],"class_list":["post-41358","post","type-post","status-publish","format-standard","has-post-thumbnail","hentry","category-agenda","category-educacion-y-cultura","category-estados","category-musica-de-oaxaca","category-oaxaca-estados","tag-iago","tag-instituto-de-artes-graficas-de-oaxaca","tag-nano-conciertos","tag-pasatono-orquesta","tag-ruben-luengas"],"jetpack_featured_media_url":"http:\/\/www.eloriente.net\/home\/wp-content\/uploads\/2015\/12\/Nano-Conciertos.jpg","jetpack_sharing_enabled":true,"_links":{"self":[{"href":"http:\/\/www.eloriente.net\/home\/wp-json\/wp\/v2\/posts\/41358"}],"collection":[{"href":"http:\/\/www.eloriente.net\/home\/wp-json\/wp\/v2\/posts"}],"about":[{"href":"http:\/\/www.eloriente.net\/home\/wp-json\/wp\/v2\/types\/post"}],"author":[{"embeddable":true,"href":"http:\/\/www.eloriente.net\/home\/wp-json\/wp\/v2\/users\/44"}],"replies":[{"embeddable":true,"href":"http:\/\/www.eloriente.net\/home\/wp-json\/wp\/v2\/comments?post=41358"}],"version-history":[{"count":3,"href":"http:\/\/www.eloriente.net\/home\/wp-json\/wp\/v2\/posts\/41358\/revisions"}],"predecessor-version":[{"id":41371,"href":"http:\/\/www.eloriente.net\/home\/wp-json\/wp\/v2\/posts\/41358\/revisions\/41371"}],"wp:featuredmedia":[{"embeddable":true,"href":"http:\/\/www.eloriente.net\/home\/wp-json\/wp\/v2\/media\/41359"}],"wp:attachment":[{"href":"http:\/\/www.eloriente.net\/home\/wp-json\/wp\/v2\/media?parent=41358"}],"wp:term":[{"taxonomy":"category","embeddable":true,"href":"http:\/\/www.eloriente.net\/home\/wp-json\/wp\/v2\/categories?post=41358"},{"taxonomy":"post_tag","embeddable":true,"href":"http:\/\/www.eloriente.net\/home\/wp-json\/wp\/v2\/tags?post=41358"}],"curies":[{"name":"wp","href":"https:\/\/api.w.org\/{rel}","templated":true}]}}