{"id":41410,"date":"2015-12-18T16:58:00","date_gmt":"2015-12-18T22:58:00","guid":{"rendered":"http:\/\/www.eloriente.net\/home\/?p=41410"},"modified":"2016-01-05T14:27:57","modified_gmt":"2016-01-05T20:27:57","slug":"top-las-7-notas-de-cultura-mas-vistas-de-el-oriente-en-2015","status":"publish","type":"post","link":"http:\/\/www.eloriente.net\/home\/2015\/12\/18\/top-las-7-notas-de-cultura-mas-vistas-de-el-oriente-en-2015\/","title":{"rendered":"TOP: Las 7 notas de cultura m\u00e1s vistas de EL ORIENTE en 2015"},"content":{"rendered":"<p><script src=\"\/\/pagead2.googlesyndication.com\/pagead\/js\/adsbygoogle.js\" async=\"\"><\/script><!-- BANNER ELORIENTE INCRUSTADO NOTAS --> <ins class=\"adsbygoogle\" style=\"display: inline-block; width: 300px; height: 250px;\" data-ad-client=\"ca-pub-1136171134853753\" data-ad-slot=\"7974633627\"><\/ins><script>\/\/ <![CDATA[\n(adsbygoogle = window.adsbygoogle || []).push({});\n\/\/ ]]><\/script><\/p>\n<p>&nbsp;<\/p>\n<p>(www.eloriente.net, M\u00e9xico, a 18 de diciembre de 2015, por Valery L\u00f3pez).- En EL ORIENTE nos gusta mirar atr\u00e1s para recordar los logros alcanzados, entre los cuales se encuentra la satisfacci\u00f3n de nuestros lectores. Por ello, a continuaci\u00f3n presentamos las 7 notas relacionadas con la cultura que fueron m\u00e1s visitadas por nuestros lectores en el 2015.<\/p>\n<p>Cabe hacer la aclaraci\u00f3n que no todas fueron publicadas en el a\u00f1o 2015, sin embargo, por alguna raz\u00f3n fueron de las m\u00e1s vistas durante el a\u00f1o que est\u00e1 por concluir.<\/p>\n<p><strong><a href=\"http:\/\/www.eloriente.net\/home\/2013\/07\/29\/san-jose-del-pacifico-entre-la-magia-de-la-montana\/\" target=\"_blank\">7.-\u00a0\u201cSan Jos\u00e9 del Pac\u00edfico\u201d, entre la magia de la monta\u00f1a<\/a><\/strong><\/p>\n<p>Aqu\u00ed hacemos una rese\u00f1a de la comunidad de San Jos\u00e9 del Pac\u00edfico, una localidad que se encuentra en el Municipio\u00a0San Mateo R\u00edo Hondo y que cuenta con una poblaci\u00f3n aproximada de\u00a0370 personas.<\/p>\n<p>En esta entrada te presentamos datos de inter\u00e9s, atractivos tur\u00edsticos y por supuesto, opciones para el alojamiento.<\/p>\n<p><a href=\"http:\/\/www.eloriente.net\/home\/wp-content\/uploads\/2013\/07\/Algunos-derechos-reservados-por-Scott-Emily-www.wegoslow.com-san-jose-del-pacifico.jpg\"><img loading=\"lazy\" decoding=\"async\" class=\"alignnone size-medium wp-image-15250\" src=\"http:\/\/www.eloriente.net\/home\/wp-content\/uploads\/2013\/07\/Algunos-derechos-reservados-por-Scott-Emily-www.wegoslow.com-san-jose-del-pacifico-300x225.jpg\" alt=\"Algunos derechos reservados por Scott &amp; Emily www.wegoslow.com-san jose del pacifico\" width=\"300\" height=\"225\" srcset=\"http:\/\/www.eloriente.net\/home\/wp-content\/uploads\/2013\/07\/Algunos-derechos-reservados-por-Scott-Emily-www.wegoslow.com-san-jose-del-pacifico-300x225.jpg 300w, http:\/\/www.eloriente.net\/home\/wp-content\/uploads\/2013\/07\/Algunos-derechos-reservados-por-Scott-Emily-www.wegoslow.com-san-jose-del-pacifico.jpg 1024w\" sizes=\"(max-width: 300px) 100vw, 300px\" \/><\/a><\/p>\n<p><strong><a href=\"http:\/\/www.eloriente.net\/home\/2015\/07\/27\/27jul15-915-en-vivo-la-guelaguetza-de-oaxaca\/\" target=\"_blank\">6.-\u00a027\/Jul\/15 17:00 En Vivo: La Guelaguetza de Oaxaca<\/a><\/strong><\/p>\n<p>Por supuesto, no pod\u00eda faltar en este top la fiesta grande de los oaxaque\u00f1os, una celebraci\u00f3n que sucede una vez al a\u00f1o y que atrae la atenci\u00f3n de las personas de todo el mundo.<\/p>\n<p>Gracias a los avances de la tecnolog\u00eda, pudimos compartir un enlace oficial donde se pod\u00eda ver el evento completo de la Guelaguetza, una gran opci\u00f3n para aquellos que tienen el inter\u00e9s pero que por alguna raz\u00f3n no pueden acudir a Oaxaca a vivir esta experiencia en vivo.<\/p>\n<p><strong><a href=\"http:\/\/www.eloriente.net\/home\/2015\/04\/13\/abre-inscripciones-gratuitas-reto-21-dias-de-meditacion-con-deepak-chopra-e-ismael-cala\/\" target=\"_blank\">5.-\u00a0Abre inscripciones gratuitas Reto 21 d\u00edas de meditaci\u00f3n con Deepak Chopra e Ismael Cala<\/a><\/strong><\/p>\n<p>En esta nota anunci\u00e1bamos que ya se encontraban disponibles las inscripciones gratuitas para el Reto de 21 d\u00edas de meditaci\u00f3n con Deepak Chopra e Ismael Cala.<\/p>\n<p>\u00abSalud Perfecta\u00bb es como se llamaba esta experiencia en lo que Chopra y Cala ofrec\u00edan meditaciones diarias en audio y consejos pr\u00e1cticos para crear un bienestar duradero.<\/p>\n<p><strong><a href=\"http:\/\/www.eloriente.net\/home\/2014\/10\/09\/los-5-mejores-cafes-de-oaxaca-turismoenjueves\/\" target=\"_blank\">4.-\u00a0Los 5 mejores caf\u00e9s de Oaxaca #TurismoenJueves<\/a><\/strong><\/p>\n<p>En esta nota de inter\u00e9s para locales y visitantes, tomamos datos de la plataforma Trip Advisor y buscamos entre las opiniones de los usuarios para conocer cu\u00e1les eran los caf\u00e9s de Oaxaca que ten\u00edan una mejor aprobaci\u00f3n. Visita la nota para saber el resultado.<\/p>\n<p><script src=\"\/\/pagead2.googlesyndication.com\/pagead\/js\/adsbygoogle.js\" async=\"\"><\/script><!-- BANNER PEQUE\u00d1O PARA ENTRENOTAS EL ORIENTE --> <ins class=\"adsbygoogle\" style=\"display: inline-block; width: 468px; height: 60px;\" data-ad-client=\"ca-pub-1136171134853753\" data-ad-slot=\"4953536424\"><\/ins><script>\/\/ <![CDATA[\n(adsbygoogle = window.adsbygoogle || []).push({});\n\/\/ ]]><\/script><\/p>\n<p><strong><a href=\"http:\/\/www.eloriente.net\/home\/2015\/07\/21\/aqui-periodico-oficial-con-decreto-nuevo-instituto-de-educacion-de-oaxaca\/\" target=\"_blank\">3.-\u00a0Aqu\u00ed Peri\u00f3dico Oficial con Decreto nuevo Instituto de Educaci\u00f3n de Oaxaca<\/a><\/strong><\/p>\n<p>El Peri\u00f3dico Oficial de Oaxaca publicaba el decreto de lo que se convirti\u00f3 en uno de los sucesos que marcaron al estado en este 2015: La creaci\u00f3n del nuevo IEEPO.<\/p>\n<p>Dicho documento lo pudiste ver de manera \u00edntegra aqu\u00ed en EL ORIENTE.<\/p>\n<p><strong><a href=\"http:\/\/www.eloriente.net\/home\/2014\/03\/18\/5-peliculas-sobre-vih-sida-que-no-te-puedes-perder\/\" target=\"_blank\">2.-5 pel\u00edculas sobre VIH-Sida que no te puedes perder<\/a><\/strong><\/p>\n<p>El VIH-Sida es un tema muy sensible que muy pocas veces se quiere abordar, sin embargo, existen producciones cinematogr\u00e1ficas que lo han hecho de manera correcta, y no s\u00f3lo eso, sino que han generado piezas que realmente vale la pena observar, en EL ORIENTE te presentamos una selecci\u00f3n de 5 que son imperdibles.<\/p>\n<p><strong><a href=\"http:\/\/www.eloriente.net\/home\/2013\/03\/07\/historia-detras-de-la-cancion-y-como-es-el-de-jose-luis-perales-por-canal-3\/\" target=\"_blank\">1.-\u00a0Historia detr\u00e1s de la canci\u00f3n: \u00bfY c\u00f3mo es \u00e9l? de Jos\u00e9 Luis Perales, por canal 3<\/a><\/strong><\/p>\n<p>En una entrevista ofrecida a Milenio el cantautor y compositor espa\u00f1ol Jos\u00e9 Luis Perales revela la historia que lo llevo a escribir \u00ab\u00bfY c\u00f3mo es \u00e9l?\u00bb, un tema muy popular en nuestro pa\u00eds y que ha generado un sin numero de debates alrededor del origen de su letra. Algunos dicen que la escribi\u00f3 para su hijo, otros tantos defienden que fue escrita para alg\u00fan amor del pasado, \u00bfcu\u00e1l de las dos es verdad? \u00bfO ninguna lo es? desc\u00fabrelo en la nota.<\/p>\n<p>&nbsp;<\/p>\n<p><a href=\"http:\/\/www.eloriente.net\/home\/wp-content\/uploads\/2013\/06\/Guelaguetza-Miguel-Bautista.jpeg\"><img loading=\"lazy\" decoding=\"async\" class=\"alignnone size-medium wp-image-13856\" src=\"http:\/\/www.eloriente.net\/home\/wp-content\/uploads\/2013\/06\/Guelaguetza-Miguel-Bautista-300x199.jpeg\" alt=\"Guelaguetza-Miguel Bautista\" width=\"300\" height=\"199\" srcset=\"http:\/\/www.eloriente.net\/home\/wp-content\/uploads\/2013\/06\/Guelaguetza-Miguel-Bautista-300x199.jpeg 300w, http:\/\/www.eloriente.net\/home\/wp-content\/uploads\/2013\/06\/Guelaguetza-Miguel-Bautista.jpeg 634w\" sizes=\"(max-width: 300px) 100vw, 300px\" \/><\/a><\/p>\n<p><strong>OTRAS ENTRADAS<\/strong><\/p>\n<div class=\"featuredpost\">\n<div class=\"flow_hide\">\n<h2 class=\"posttitle bigposttitle\"><a title=\"Enlace Permanente a ESPA\u00d1A: Mira los \u00faltimos spost de los partidos contendientes a elecci\u00f3n\" href=\"http:\/\/www.eloriente.net\/home\/2015\/12\/18\/espana-mira-los-ultimos-spost-de-los-partidos-contendientes-a-eleccion\/\" rel=\"bookmark\">ESPA\u00d1A: Mira los \u00faltimos spost de los partidos contendientes a elecci\u00f3n<\/a><\/h2>\n<\/div>\n<p>(www.eloriente.net, M\u00e9xico, a 18 de diciembre de 2015, por Valery L\u00f3pez).- El pr\u00f3ximo 20 de diciembre ser\u00e1 un d\u00eda hist\u00f3rico para la vida pol\u00edtica de Espa\u00f1a pues\u2026<\/p>\n<p class=\"postmeta\"><span class=\"meta_date\">diciembre 18, 2015<\/span><\/p>\n<div class=\"toolbar-social\"><\/div>\n<\/div>\n<div class=\"featuredpost\">\n<div class=\"flow_hide\">\n<p><a href=\"http:\/\/www.eloriente.net\/home\/2015\/12\/18\/cultura-consulta-integro-el-decreto-que-crea-la-secretaria-de-cultura\/\" rel=\"bookmark\"><img decoding=\"async\" class=\"alignleft\" title=\"CULTURA: Consulta \u00edntegro el decreto que crea la Secretar\u00eda de Cultura\" src=\"http:\/\/www.eloriente.net\/home\/wp-content\/themes\/city-desk\/timthumb.php?src=http%3A%2F%2Fwww.eloriente.net%2Fhome%2Fwp-content%2Fuploads%2F2015%2F12%2FPen%CC%83a-Nieto-firmando-por-%40Gobierno-de-la-Repu%CC%81blica.jpg&amp;q=90&amp;w=70&amp;h=45&amp;zc=1\" alt=\"CULTURA: Consulta \u00edntegro el decreto que crea la Secretar\u00eda de Cultura\" \/><\/a><\/p>\n<h2 class=\"posttitle \"><a title=\"Enlace Permanente a CULTURA: Consulta \u00edntegro el decreto que crea la Secretar\u00eda de Cultura\" href=\"http:\/\/www.eloriente.net\/home\/2015\/12\/18\/cultura-consulta-integro-el-decreto-que-crea-la-secretaria-de-cultura\/\" rel=\"bookmark\">CULTURA: Consulta \u00edntegro el decreto que crea la Secretar\u00eda de Cultura<\/a><\/h2>\n<\/div>\n<p>(www.eloriente.net, M\u00e9xico, a 18 de diciembre de 2015, por Valery L\u00f3pez).- El 17 de diciembre el Diario Oficial de la Federaci\u00f3n public\u00f3 el decreto con el cual\u2026<\/p>\n<p class=\"postmeta\"><span class=\"meta_date\">diciembre 18, 2015<\/span><\/p>\n<div class=\"toolbar-social\"><\/div>\n<\/div>\n<div class=\"featuredpost\">\n<div class=\"flow_hide\">\n<p><a href=\"http:\/\/www.eloriente.net\/home\/2015\/12\/17\/elecciones-oaxaca-encuesta-da-a-benjamin-robles-17-puntos-de-ventaja-sobre-coalicionistas\/\" rel=\"bookmark\"><img decoding=\"async\" class=\"alignleft\" title=\"ELECCIONES OAXACA: Encuesta da a Benjam\u00edn Robles 17 puntos de ventaja sobre coalicionistas\" src=\"http:\/\/www.eloriente.net\/home\/wp-content\/themes\/city-desk\/timthumb.php?src=http%3A%2F%2Fwww.eloriente.net%2Fhome%2Fwp-content%2Fuploads%2F2015%2F12%2FPortada-cronica-17dic15.png&amp;q=90&amp;w=70&amp;h=45&amp;zc=1\" alt=\"ELECCIONES OAXACA: Encuesta da a Benjam\u00edn Robles 17 puntos de ventaja sobre coalicionistas\" \/><\/a><\/p>\n<h2 class=\"posttitle \"><a title=\"Enlace Permanente a ELECCIONES OAXACA: Encuesta da a Benjam\u00edn Robles 17 puntos de ventaja sobre coalicionistas\" href=\"http:\/\/www.eloriente.net\/home\/2015\/12\/17\/elecciones-oaxaca-encuesta-da-a-benjamin-robles-17-puntos-de-ventaja-sobre-coalicionistas\/\" rel=\"bookmark\">ELECCIONES OAXACA: Encuesta da a Benjam\u00edn Robles 17 puntos de ventaja sobre coalicionistas<\/a><\/h2>\n<\/div>\n<p>(www.eloriente.net, M\u00e9xico, 17 de diciembre de 2015).- Con una ventaja de 17 puntos sobre otros aspirantes del Partido de la Revoluci\u00f3n Democr\u00e1tica, se ubicar\u00eda el senador Benjam\u00edn Robles\u2026<\/p>\n<p class=\"postmeta\"><span class=\"meta_date\">diciembre 17, 2015<\/span><\/p>\n<\/div>\n\n\t\t\t  <div \n\t\t\t  \tclass = \"fb-comments\" \n\t\t\t  \tdata-href = \"http:\/\/www.eloriente.net\/home\/2015\/12\/18\/top-las-7-notas-de-cultura-mas-vistas-de-el-oriente-en-2015\/\"\n\t\t\t  \tdata-numposts = \"10\"\n\t\t\t\tdata-colorscheme = \"dark\"\n\t\t\t\tdata-order-by = \"social\"\n\t\t\t\tdata-mobile=true>\n\t\t\t  <\/div>\n\t\t  <style>\n\t\t\t.fb_iframe_widget_fluid_desktop iframe {\n\t\t\t    width: 100% !important;\n\t\t\t}\n\t\t  <\/style>\n\t\t  ","protected":false},"excerpt":{"rendered":"<p>&nbsp; (www.eloriente.net, M\u00e9xico, a 18 de diciembre de 2015, por Valery L\u00f3pez).- En EL ORIENTE nos gusta mirar atr\u00e1s para recordar los logros alcanzados, entre los cuales se encuentra la satisfacci\u00f3n de nuestros lectores. Por ello, a continuaci\u00f3n presentamos las 7 notas relacionadas con la cultura que fueron m\u00e1s visitadas por nuestros lectores en el [&hellip;]<\/p>\n","protected":false},"author":44,"featured_media":15250,"comment_status":"open","ping_status":"open","sticky":false,"template":"","format":"standard","meta":{"_jetpack_memberships_contains_paid_content":false,"footnotes":""},"categories":[3195,4300,49,32,83,31,19],"tags":[5511,5505,4137,2713,4076,477,1250,5510,5507,475,602,5506,3883,73,1297,5509,5508,5176,3089],"class_list":["post-41410","post","type-post","status-publish","format-standard","has-post-thumbnail","hentry","category-comunicacion-educacion-y-cultura","category-comunicacion","category-destacadas","category-entradas","category-musica-de-oaxaca","category-principal","category-turismo-y-negocios","tag-y-como-es-el","tag-5505","tag-cafe","tag-cafes","tag-cine","tag-el-oriente","tag-guelaguetza","tag-jose-luis-perales","tag-mas-visitadas","tag-mas-vistas","tag-meditacion","tag-notas","tag-nuevo-ieepo","tag-oaxaca","tag-peliculas","tag-periodico-oficial","tag-san-jose-del-pacifico","tag-top","tag-vih-sida"],"jetpack_featured_media_url":"http:\/\/www.eloriente.net\/home\/wp-content\/uploads\/2013\/07\/Algunos-derechos-reservados-por-Scott-Emily-www.wegoslow.com-san-jose-del-pacifico.jpg","jetpack_sharing_enabled":true,"_links":{"self":[{"href":"http:\/\/www.eloriente.net\/home\/wp-json\/wp\/v2\/posts\/41410"}],"collection":[{"href":"http:\/\/www.eloriente.net\/home\/wp-json\/wp\/v2\/posts"}],"about":[{"href":"http:\/\/www.eloriente.net\/home\/wp-json\/wp\/v2\/types\/post"}],"author":[{"embeddable":true,"href":"http:\/\/www.eloriente.net\/home\/wp-json\/wp\/v2\/users\/44"}],"replies":[{"embeddable":true,"href":"http:\/\/www.eloriente.net\/home\/wp-json\/wp\/v2\/comments?post=41410"}],"version-history":[{"count":2,"href":"http:\/\/www.eloriente.net\/home\/wp-json\/wp\/v2\/posts\/41410\/revisions"}],"predecessor-version":[{"id":41414,"href":"http:\/\/www.eloriente.net\/home\/wp-json\/wp\/v2\/posts\/41410\/revisions\/41414"}],"wp:featuredmedia":[{"embeddable":true,"href":"http:\/\/www.eloriente.net\/home\/wp-json\/wp\/v2\/media\/15250"}],"wp:attachment":[{"href":"http:\/\/www.eloriente.net\/home\/wp-json\/wp\/v2\/media?parent=41410"}],"wp:term":[{"taxonomy":"category","embeddable":true,"href":"http:\/\/www.eloriente.net\/home\/wp-json\/wp\/v2\/categories?post=41410"},{"taxonomy":"post_tag","embeddable":true,"href":"http:\/\/www.eloriente.net\/home\/wp-json\/wp\/v2\/tags?post=41410"}],"curies":[{"name":"wp","href":"https:\/\/api.w.org\/{rel}","templated":true}]}}