{"id":41416,"date":"2015-12-18T17:22:38","date_gmt":"2015-12-18T23:22:38","guid":{"rendered":"http:\/\/www.eloriente.net\/home\/?p=41416"},"modified":"2015-12-20T11:30:03","modified_gmt":"2015-12-20T17:30:03","slug":"innovacion-e-historia-desarrollo-economico-en-oaxaca-por-rodrigo-pacheco","status":"publish","type":"post","link":"http:\/\/www.eloriente.net\/home\/2015\/12\/18\/innovacion-e-historia-desarrollo-economico-en-oaxaca-por-rodrigo-pacheco\/","title":{"rendered":"Innovaci\u00f3n e historia: Desarrollo Econ\u00f3mico en Oaxaca por Rodrigo Pacheco"},"content":{"rendered":"<p><script src=\"\/\/pagead2.googlesyndication.com\/pagead\/js\/adsbygoogle.js\" async=\"\"><\/script><!-- BANNER ELORIENTE INCRUSTADO NOTAS --> <ins class=\"adsbygoogle\" style=\"display: inline-block; width: 300px; height: 250px;\" data-ad-client=\"ca-pub-1136171134853753\" data-ad-slot=\"7974633627\"><\/ins><script>\/\/ <![CDATA[\n(adsbygoogle = window.adsbygoogle || []).push({});\n\/\/ ]]><\/script><\/p>\n<p>&nbsp;<\/p>\n<p>eloriente.net\/<a href=\"http:\/\/intencionpolitica.com\/\" target=\"_blank\">Intenci\u00f3n Pol\u00edtica<\/a><\/p>\n<p>18 de diciembre de 2015<\/p>\n<p>Por Rodrigo Pacheco Peral<\/p>\n<p style=\"text-align: right;\"><em>\u201cToda frase breve acerca de la econom\u00eda es intr\u00ednsecamente falsa\u201d<\/em><\/p>\n<p style=\"text-align: right;\"><em>-Alfred Marshall<\/em><\/p>\n<p>Para lograr el bienestar en cualquier sociedad, la estabilidad y el desarrollo econ\u00f3mico son\u00a0fundamentales. En nuestro estado de Oaxaca, la verdad es que muy pocas veces la discusi\u00f3n\u00a0p\u00fabica se centra en el tema econ\u00f3mico y se presenta en la agenda p\u00fablica no como una prioridad.<\/p>\n<p>Esto es entendible, al conocer las grandes necesidades y retos con los que se enfrentan los\u00a0oaxaque\u00f1os d\u00eda con d\u00eda: Pobreza, injusticia social, carencia en los servicios de salud,\u00a0analfabetismo, corrupci\u00f3n y un largo etc\u00e9tera que podr\u00eda llenar esta y muchas otras p\u00e1ginas antes\u00a0de que llegaremos a hablar de crecimiento econ\u00f3mico.<\/p>\n<p>Como solo algunos ejemplos encontramos que seg\u00fan el colectivo COMO VAMOS en su estudio de\u00a02015, los estados con mayor crecimiento econ\u00f3mico del pa\u00eds son: Aguascalientes, Quer\u00e9taro,\u00a0Nuevo Le\u00f3n y Coahuila. En contraste, si volteamos al sur-sureste del pa\u00eds, encontramos las\u00a0entidades con menor crecimiento econ\u00f3mico: Veracruz, Morelos, y si, Oaxaca. As\u00ed mismo, el\u00a0n\u00famero de municipios con menor \u00edndice de desarrollo humano seg\u00fan el gobierno federal, se\u00a0encuentran en los estados de Chiapas, Guerrero y Oaxaca.<\/p>\n<p>Aun as\u00ed, es innegable que la generaci\u00f3n de empleos y de empresas, en donde los ciudadanos de un\u00a0pa\u00eds o estado desarrollen al m\u00e1ximo sus capacidades y talentos, es una necesidad imperante para\u00a0lograr el bienestar social. Para abordar este tema de manera coherente, lo primero que se debe\u00a0preguntar es: \u00bfCu\u00e1l es en verdad la vocaci\u00f3n Econ\u00f3mica del Estado de Oaxaca?<\/p>\n<p>Y muchos responder\u00e1n de bote pronto: EL TURISMO. El d\u00eda de hoy, el Turismo se presenta como\u00a0el sector m\u00e1s consolidado del estado. Principalmente por el gran potencial cultural del cual somos\u00a0herederos los Oaxaque\u00f1os, as\u00ed como la diversidad natural y de ecosistemas con los que contamos.\u00a0Estas dos caracter\u00edsticas han hecho famoso a Oaxaca en todo el pa\u00eds, as\u00ed como en el extranjero. Las\u00a0turistas visitan Oaxaca por la Guelaguetza, por su fascinante comida, por su arte moderno y\u00a0popular, por la belleza de sus tradiciones, por lo incre\u00edble de sus bosques, por sus playas de\u00a0ensue\u00f1o, por su preciosa vegetaci\u00f3n.<\/p>\n<p>Seg\u00fan la Secretar\u00eda de Econom\u00eda, m\u00e1s de 12mil personas se dedican a la actividad tur\u00edstica. Pero\u00a0para sorpresa de muchos, no es el sector m\u00e1s consolidado. Las agroindustrias emplean a m\u00e1s del\u00a0doble de personas, m\u00e1s de 29 mil. Estos dos sectores son los que actualmente se consideran\u00a0\u201cestrat\u00e9gicos\u201d, por encima de algunos otros que han venido en ascenso como el Textil, Productos\u00a0de Madera, Energ\u00edas Renovables, etc. De esta manera en nuestro estado cuando se buscan los\u00a0esfuerzos por intentar construir soluciones a favor del crecimiento econ\u00f3mico, encontramos el\u00a0fomento al turismo con la l\u00f3gica que es el \u00fanico sector algo desarrollado. Es tanto as\u00ed, que la\u00a0administraci\u00f3n estatal actual no cuenta con una dependencia especializada en econom\u00eda ni\u00a0fomento industrial, ya que estas acciones las realiza la Secretaria de Turismo y Desarrollo\u00a0Econ\u00f3mico. Es decir, se tienen una visi\u00f3n donde el sector tur\u00edstico ser\u00e1 el eje para el desarrollo.\u00a0\u00bfPor qu\u00e9 enfocarse solo en el sector ya desarrollado? \u00bfPor qu\u00e9 no invertir y fomentar nuevos\u00a0sectores?<\/p>\n<p>La decisi\u00f3n, basado en el hecho de que el turismo sea un sector ya consolidado, una fortaleza del\u00a0estado, por lo que debemos impulsarlo, es por dem\u00e1s obvia. Pero al mismo tiempo eso quiere\u00a0decir que el turismo como sector llegar\u00e1 pronto a su m\u00e1ximo potencial, siendo b\u00e1sicamente el\u00a0\u00fanico que tendremos.<\/p>\n<p><script src=\"\/\/pagead2.googlesyndication.com\/pagead\/js\/adsbygoogle.js\" async=\"\"><\/script><!-- BANNER PEQUE\u00d1O PARA ENTRENOTAS EL ORIENTE --> <ins class=\"adsbygoogle\" style=\"display: inline-block; width: 468px; height: 60px;\" data-ad-client=\"ca-pub-1136171134853753\" data-ad-slot=\"4953536424\"><\/ins><script>\/\/ <![CDATA[\n(adsbygoogle = window.adsbygoogle || []).push({});\n\/\/ ]]><\/script><\/p>\n<p>La tendencia nacional y mundial apunta cada vez m\u00e1s a fomentar y consolidar la Cultura\u00a0Emprendedora en la sociedad, sobretodo en la poblaci\u00f3n joven. Otros estados han logrado revertir\u00a0el rezago econ\u00f3mico apostando por la educaci\u00f3n de sus j\u00f3venes y los incentivos para la\u00a0industrializaci\u00f3n de su estado El paradigma tradicional de estudiar, capacitarse o aprender alg\u00fan\u00a0oficio para poder aspirar a tener un empleo, sobretodo un empleo vitalicio si se puede y con\u00a0buenas prestaciones, ha comenzado a tambalearse. El atreverse a generar nuevos y diferentes\u00a0negocios, con innovadores productos y servicios ha ido creciendo en M\u00e9xico, obedeciendo a la\u00a0tendencia global. As\u00ed, el ser Emprendedor de alguna manera se ha puesto de moda.<\/p>\n<p>En este sentido, el Ecosistema Emprendedor en Oaxaca, a\u00fan est\u00e1 en una fase muy inicial; muy\u00a0lejos de lo que podemos ver en Estados como Jalisco, Distrito Federal o Puebla. Es verdad que\u00a0existen esfuerzos que promueven el emprendedurismo, a nivel Federal el INADEM (Instituto\u00a0Nacional Emprendedor), y a nivel local incubadoras de negocios como El Centro de Innovaci\u00f3n y\u00a0Desarrollo de Negocios de los Valles Centrales de Oaxaca (CIDEV) de la Universidad Tecnol\u00f3gica de\u00a0Valles Centrales o el Impact HUB Oaxaca, pero hace falta mucho por hacer.<\/p>\n<p>Si no cambiamos la manera en la que producimos, en que trabajamos, consumimos y ofrecemos\u00a0servicios y productos, ser\u00e1 muy dif\u00edcil que los ciudadanos de Oaxaca salgamos de esta\u00a0acostumbrada situaci\u00f3n de rezago. La inversi\u00f3n y las pol\u00edticas p\u00fablicas, planes de gobierno y\u00a0esfuerzos desde la ciudadan\u00eda y el sector privado deber\u00eda de apuntar hacia dos puntos\u00a0estrat\u00e9gicos:<\/p>\n<p>1.- FORTALECER LA CULTURA CREATIVA DE LOS OAXAQUE\u00d1OS. Fortalecer la cultura ya existente,\u00a0la tradici\u00f3n y la historia de los pueblos de Oaxaca, considerando que esa es el mayor activo que\u00a0tiene el Estado. Y cuando digo fortalecerla, no me refiero a solo impulsar la infraestructura y los\u00a0servicios tur\u00edsticos, sino tambi\u00e9n a la producci\u00f3n de artesan\u00edas, de m\u00fasica, de artes pl\u00e1sticas, de\u00a0artes esc\u00e9nicas, y todas aquellas expresiones creativas que generan que los turistas quieran\u00a0conocer Oaxaca.<\/p>\n<p>2.-INNOVACI\u00d3N. Atrevernos a hacer las cosas diferentes, desde nuestra empresa, dependencia\u00a0gubernamental, nuestro centro de trabajo, etc. La necesidad tremenda de incluir el elemento de\u00a0innovaci\u00f3n en todas las actividades econ\u00f3micas del estado crece d\u00eda con d\u00eda. No solo est\u00e1\u00a0comprobado que las sociedades y en los ecosistemas econ\u00f3micos que fomentan y se generan las\u00a0condiciones para que exista innovaci\u00f3n, es el factor predominante para el crecimiento y la\u00a0estabilidad econ\u00f3mica.[1]<\/p>\n<p>Estamos ante la posibilidad hist\u00f3rica de hacer las cosas diferentes en Oaxaca, sustentados en la\u00a0creatividad, historia y tradici\u00f3n que nos han caracterizados desde siempre. Es cuesti\u00f3n de ver si\u00a0nuestros liderazgos, ya sean pol\u00edticos, empresariales, estudiantiles, como sociedad, etc.; se\u00a0atreven y si estamos a la altura de los grandes problemas a los que nos enfrentamos como\u00a0ciudadanos Oaxaque\u00f1os.<\/p>\n<p>Por Rodrigo Pacheco Peral\/<a href=\"https:\/\/twitter.com\/pachecoperal\" target=\"_blank\">@pachecoperal<\/a><\/p>\n<figure id=\"attachment_41420\" aria-describedby=\"caption-attachment-41420\" style=\"width: 300px\" class=\"wp-caption alignnone\"><a href=\"http:\/\/www.eloriente.net\/home\/wp-content\/uploads\/2015\/12\/pig.jpg\"><img loading=\"lazy\" decoding=\"async\" class=\"size-medium wp-image-41420\" src=\"http:\/\/www.eloriente.net\/home\/wp-content\/uploads\/2015\/12\/pig-300x263.jpg\" alt=\"Fuente: Intenci\u00f3n Pol\u00edtica\" width=\"300\" height=\"263\" srcset=\"http:\/\/www.eloriente.net\/home\/wp-content\/uploads\/2015\/12\/pig-300x263.jpg 300w, http:\/\/www.eloriente.net\/home\/wp-content\/uploads\/2015\/12\/pig.jpg 747w\" sizes=\"(max-width: 300px) 100vw, 300px\" \/><\/a><figcaption id=\"caption-attachment-41420\" class=\"wp-caption-text\">Fuente: Intenci\u00f3n Pol\u00edtica<\/figcaption><\/figure>\n<p>[1]\u00a0\u201cPORQUE FRACASAN LOS PA\u00cdSES\u201d. James A. Robinson, Daron Acemo\u011flu. DEUSTO S.A. EDICIONES, 2012<\/p>\n<p><strong>OTRAS ENTRADAS<\/strong><\/p>\n<div class=\"featuredpost\">\n<div class=\"flow_hide\">\n<h2 class=\"posttitle bigposttitle\"><a title=\"Enlace Permanente a ESPA\u00d1A: Mira los \u00faltimos spots de los partidos contendientes a elecci\u00f3n\" href=\"http:\/\/www.eloriente.net\/home\/2015\/12\/18\/espana-mira-los-ultimos-spost-de-los-partidos-contendientes-a-eleccion\/\" rel=\"bookmark\">ESPA\u00d1A: Mira los \u00faltimos spots de los partidos contendientes a elecci\u00f3n<\/a><\/h2>\n<\/div>\n<p>(www.eloriente.net, M\u00e9xico, a 18 de diciembre de 2015, por Valery L\u00f3pez).- El pr\u00f3ximo 20 de diciembre ser\u00e1 un d\u00eda hist\u00f3rico para la vida pol\u00edtica de Espa\u00f1a pues\u2026<\/p>\n<p class=\"postmeta\"><span class=\"meta_date\">diciembre 18, 2015<\/span><\/p>\n<div class=\"toolbar-social\"><\/div>\n<\/div>\n<div class=\"featuredpost\">\n<div class=\"flow_hide\">\n<p><a href=\"http:\/\/www.eloriente.net\/home\/2015\/12\/18\/cultura-consulta-integro-el-decreto-que-crea-la-secretaria-de-cultura\/\" rel=\"bookmark\"><img decoding=\"async\" class=\"alignleft\" title=\"CULTURA: Consulta \u00edntegro el decreto que crea la Secretar\u00eda de Cultura\" src=\"http:\/\/www.eloriente.net\/home\/wp-content\/themes\/city-desk\/timthumb.php?src=http%3A%2F%2Fwww.eloriente.net%2Fhome%2Fwp-content%2Fuploads%2F2015%2F12%2FPen%CC%83a-Nieto-firmando-por-%40Gobierno-de-la-Repu%CC%81blica.jpg&amp;q=90&amp;w=70&amp;h=45&amp;zc=1\" alt=\"CULTURA: Consulta \u00edntegro el decreto que crea la Secretar\u00eda de Cultura\" \/><\/a><\/p>\n<h2 class=\"posttitle \"><a title=\"Enlace Permanente a CULTURA: Consulta \u00edntegro el decreto que crea la Secretar\u00eda de Cultura\" href=\"http:\/\/www.eloriente.net\/home\/2015\/12\/18\/cultura-consulta-integro-el-decreto-que-crea-la-secretaria-de-cultura\/\" rel=\"bookmark\">CULTURA: Consulta \u00edntegro el decreto que crea la Secretar\u00eda de Cultura<\/a><\/h2>\n<\/div>\n<p>(www.eloriente.net, M\u00e9xico, a 18 de diciembre de 2015, por Valery L\u00f3pez).- El 17 de diciembre el Diario Oficial de la Federaci\u00f3n public\u00f3 el decreto con el cual\u2026<\/p>\n<p class=\"postmeta\"><span class=\"meta_date\">diciembre 18, 2015<\/span><\/p>\n<div class=\"toolbar-social\"><\/div>\n<\/div>\n<div class=\"featuredpost\">\n<div class=\"flow_hide\">\n<p><a href=\"http:\/\/www.eloriente.net\/home\/2015\/12\/17\/elecciones-oaxaca-encuesta-da-a-benjamin-robles-17-puntos-de-ventaja-sobre-coalicionistas\/\" rel=\"bookmark\"><img decoding=\"async\" class=\"alignleft\" title=\"ELECCIONES OAXACA: Encuesta da a Benjam\u00edn Robles 17 puntos de ventaja sobre coalicionistas\" src=\"http:\/\/www.eloriente.net\/home\/wp-content\/themes\/city-desk\/timthumb.php?src=http%3A%2F%2Fwww.eloriente.net%2Fhome%2Fwp-content%2Fuploads%2F2015%2F12%2FPortada-cronica-17dic15.png&amp;q=90&amp;w=70&amp;h=45&amp;zc=1\" alt=\"ELECCIONES OAXACA: Encuesta da a Benjam\u00edn Robles 17 puntos de ventaja sobre coalicionistas\" \/><\/a><\/p>\n<h2 class=\"posttitle \"><a title=\"Enlace Permanente a ELECCIONES OAXACA: Encuesta da a Benjam\u00edn Robles 17 puntos de ventaja sobre coalicionistas\" href=\"http:\/\/www.eloriente.net\/home\/2015\/12\/17\/elecciones-oaxaca-encuesta-da-a-benjamin-robles-17-puntos-de-ventaja-sobre-coalicionistas\/\" rel=\"bookmark\">ELECCIONES OAXACA: Encuesta da a Benjam\u00edn Robles 17 puntos de ventaja sobre coalicionistas<\/a><\/h2>\n<\/div>\n<p>(www.eloriente.net, M\u00e9xico, 17 de diciembre de 2015).- Con una ventaja de 17 puntos sobre otros aspirantes del Partido de la Revoluci\u00f3n Democr\u00e1tica, se ubicar\u00eda el senador Benjam\u00edn Robles\u2026<\/p>\n<p class=\"postmeta\"><span class=\"meta_date\">diciembre 17, 2015<\/span><\/p>\n<\/div>\n\n\t\t\t  <div \n\t\t\t  \tclass = \"fb-comments\" \n\t\t\t  \tdata-href = \"http:\/\/www.eloriente.net\/home\/2015\/12\/18\/innovacion-e-historia-desarrollo-economico-en-oaxaca-por-rodrigo-pacheco\/\"\n\t\t\t  \tdata-numposts = \"10\"\n\t\t\t\tdata-colorscheme = \"dark\"\n\t\t\t\tdata-order-by = \"social\"\n\t\t\t\tdata-mobile=true>\n\t\t\t  <\/div>\n\t\t  <style>\n\t\t\t.fb_iframe_widget_fluid_desktop iframe {\n\t\t\t    width: 100% !important;\n\t\t\t}\n\t\t  <\/style>\n\t\t  ","protected":false},"excerpt":{"rendered":"<p>&nbsp; eloriente.net\/Intenci\u00f3n Pol\u00edtica 18 de diciembre de 2015 Por Rodrigo Pacheco Peral \u201cToda frase breve acerca de la econom\u00eda es intr\u00ednsecamente falsa\u201d -Alfred Marshall Para lograr el bienestar en cualquier sociedad, la estabilidad y el desarrollo econ\u00f3mico son\u00a0fundamentales. En nuestro estado de Oaxaca, la verdad es que muy pocas veces la discusi\u00f3n\u00a0p\u00fabica se centra en [&hellip;]<\/p>\n","protected":false},"author":44,"featured_media":41420,"comment_status":"open","ping_status":"open","sticky":false,"template":"","format":"standard","meta":{"_jetpack_memberships_contains_paid_content":false,"footnotes":""},"categories":[2435,624,32,63,464,5522,19],"tags":[4414,879,174,252,5512,2248,348,638,5513,73,5514,109],"class_list":["post-41416","post","type-post","status-publish","format-standard","has-post-thumbnail","hentry","category-miercolesdeeconomia","category-articulistas","category-entradas","category-estados","category-oaxaca-estados","category-rodrigo-pacheco-peral","category-turismo-y-negocios","tag-articulo","tag-columna","tag-desarrollo","tag-economia","tag-economico","tag-emprendedor","tag-emprendedores","tag-empresas","tag-inadem","tag-oaxaca","tag-opinion-rodrigo-pacheco","tag-turismo"],"jetpack_featured_media_url":"http:\/\/www.eloriente.net\/home\/wp-content\/uploads\/2015\/12\/pig.jpg","jetpack_sharing_enabled":true,"_links":{"self":[{"href":"http:\/\/www.eloriente.net\/home\/wp-json\/wp\/v2\/posts\/41416"}],"collection":[{"href":"http:\/\/www.eloriente.net\/home\/wp-json\/wp\/v2\/posts"}],"about":[{"href":"http:\/\/www.eloriente.net\/home\/wp-json\/wp\/v2\/types\/post"}],"author":[{"embeddable":true,"href":"http:\/\/www.eloriente.net\/home\/wp-json\/wp\/v2\/users\/44"}],"replies":[{"embeddable":true,"href":"http:\/\/www.eloriente.net\/home\/wp-json\/wp\/v2\/comments?post=41416"}],"version-history":[{"count":3,"href":"http:\/\/www.eloriente.net\/home\/wp-json\/wp\/v2\/posts\/41416\/revisions"}],"predecessor-version":[{"id":41429,"href":"http:\/\/www.eloriente.net\/home\/wp-json\/wp\/v2\/posts\/41416\/revisions\/41429"}],"wp:featuredmedia":[{"embeddable":true,"href":"http:\/\/www.eloriente.net\/home\/wp-json\/wp\/v2\/media\/41420"}],"wp:attachment":[{"href":"http:\/\/www.eloriente.net\/home\/wp-json\/wp\/v2\/media?parent=41416"}],"wp:term":[{"taxonomy":"category","embeddable":true,"href":"http:\/\/www.eloriente.net\/home\/wp-json\/wp\/v2\/categories?post=41416"},{"taxonomy":"post_tag","embeddable":true,"href":"http:\/\/www.eloriente.net\/home\/wp-json\/wp\/v2\/tags?post=41416"}],"curies":[{"name":"wp","href":"https:\/\/api.w.org\/{rel}","templated":true}]}}