{"id":41440,"date":"2015-12-21T15:34:33","date_gmt":"2015-12-21T21:34:33","guid":{"rendered":"http:\/\/www.eloriente.net\/home\/?p=41440"},"modified":"2015-12-22T13:41:41","modified_gmt":"2015-12-22T19:41:41","slug":"venezuela-leopoldo-lopez-personaje-latinoamericano-2015-entrevista-al-respecto","status":"publish","type":"post","link":"http:\/\/www.eloriente.net\/home\/2015\/12\/21\/venezuela-leopoldo-lopez-personaje-latinoamericano-2015-entrevista-al-respecto\/","title":{"rendered":"VENEZUELA: Leopoldo L\u00f3pez Personaje Latinoamericano 2015"},"content":{"rendered":"<p><script src=\"\/\/pagead2.googlesyndication.com\/pagead\/js\/adsbygoogle.js\" async=\"\"><\/script><!-- BANNER ELORIENTE INCRUSTADO NOTAS --> <ins class=\"adsbygoogle\" style=\"display: inline-block; width: 300px; height: 250px;\" data-ad-client=\"ca-pub-1136171134853753\" data-ad-slot=\"7974633627\"><\/ins><script>\/\/ <![CDATA[\n(adsbygoogle = window.adsbygoogle || []).push({});\n\/\/ ]]><\/script><\/p>\n<p>&nbsp;<\/p>\n<p>eloriente.net\/<a href=\"http:\/\/www.leopoldolopez.com\/\" target=\"_blank\">Leopoldolopez.com<\/a><\/p>\n<p>21 de diciembre de 2015<\/p>\n<p>El l\u00edder opositor venezolano y preso de consciencia, Leopoldo L\u00f3pez, fue elegido por el Grupo de Diarios Am\u00e9rica (GDA), que re\u00fane a 10 peri\u00f3dicos l\u00edderes en la regi\u00f3n, como el Personaje Latinoamericano 2015, por considerarlo el preso pol\u00edtico m\u00e1s emblem\u00e1tico y por su lucha democr\u00e1tica incansable contra el r\u00e9gimen venezolano. Comparte el reconocimiento con el Papa Francisco que por segunda vez es la figura mundial m\u00e1s destacada en este ranking, principalmente por su papel en el acercamiento de Estados Unidos y Cuba.<\/p>\n<p>Como se recordar\u00e1 L\u00f3pez dio la cara ante la justicia injusta venezolana en una multitudinaria manifestaci\u00f3n pac\u00edfica el 18 de febrero de 2013 con el objetivo de desenmascarar mundialmente a la dictadura venezolana e impulsar el despertar de su pueblo frente a un r\u00e9gimen corrupto y opresor. Desde entonces enfrent\u00f3 un juicio injusto y viciado donde se le conden\u00f3 a casi 14 a\u00f1os de prisi\u00f3n, ha sido objeto de la violaci\u00f3n de sus derechos humanos y fundamentales y encabez\u00f3 una huelga de hambre para presionar la fecha de las elecciones parlamentarias venezolanas que se llevaron a cabo el pasado 6 de diciembre, con el triunfo contundente de la oposici\u00f3n, lo que representa el despertar del pueblo venezolano como se lo propuso el l\u00edder de Voluntad Popular.<\/p>\n<p>Durante estos 22 meses transcurridos desde su apresamiento voluntario, el Papa Francisco, la ONU, la OEA, Presidentes, expresidentes y parlamentos de todo el mundo, organizaciones mundiales defensoras de derechos humanos y el pueblo venezolano se han sumado a la campa\u00f1a de la esposa de L\u00f3pez, Lilian Tintori, de exigir la liberaci\u00f3n inmediata del hoy l\u00edder pol\u00edtico latinoamericano preso en la c\u00e1rcel militar de Ramo Verde, cuya lucha ha sido equiparada por la comunidad internacional con la del l\u00edder pacifista y expresidente sudafricano Nelson Mandela.<\/p>\n<p>A continuaci\u00f3n de reproduce la entrevista a L\u00f3pez que publica el GDA con motivo del anuncio, en la que plasma su visi\u00f3n sobre la transici\u00f3n pol\u00edtica en Venezuela:<\/p>\n<p>Leopoldo L\u00f3pez: La dictadura est\u00e1 debilitada y es nuestro deber no darle respiro<\/p>\n<p>GDA \/ \u00c9dgar L\u00f3pez<\/p>\n<p>Lograr responder a las preguntas del Grupo de Diarios Am\u00e9rica (GDA) sobre la coyuntura pol\u00edtica econ\u00f3mica y social de Venezuela y las posibilidades de cambio que se abren con el triunfo opositor en las elecciones parlamentarias del 6 de diciembre, es otra victoria que Leopoldo L\u00f3pez comparte con sus allegados frente a los esfuerzos del Gobierno para silenciarlo y aniquilarlo pol\u00edticamente.<\/p>\n<p>Todos sus movimientos est\u00e1n vigilados segundo a segundo; las pocas personas que pueden visitarlo (madre, hermanas, esposa, hijos y abogados) son sometidas a rigurosas y a veces humillantes requisas en la prisi\u00f3n militar de Ramo Verde, y tiene prohibido comunicarse directamente con la prensa.<\/p>\n<p>Existe el riesgo de que esta entrevista le cueste alg\u00fan castigo de sus carceleros porque hasta excremento han lanzado a su celda.<\/p>\n<p>Ning\u00fan otro proceso judicial ha llamado la atenci\u00f3n nacional e internacional tanto y tan sostenidamente como el de Leopoldo L\u00f3pez. La comunidad internacional aboga por la libertad del preso pol\u00edtico m\u00e1s emblem\u00e1tico del pa\u00eds, condenado a casi 14 a\u00f1os de prisi\u00f3n por \u201cusar el arte de la palabra\u201d, seg\u00fan el texto del fallo de la jueza Susana Barreiros.<\/p>\n<p>Y quiz\u00e1s sea el preso pol\u00edtico m\u00e1s importante de Am\u00e9rica Latina, pues los 10 principales peri\u00f3dicos de la regi\u00f3n, aglutinados en el GDA, lo escogieron como el Personaje Latinoamericano del A\u00f1o.<\/p>\n<p>L\u00f3pez, que hoy (20 de diciembre) cumple 669 d\u00edas preso, considera que la transformaci\u00f3n necesaria e impostergable en Venezuela no se limita a la alternancia en el poder, sino que debe orientarse a garantizar la plena vigencia de los derechos consagrados en la Constituci\u00f3n.<\/p>\n<p><strong>\u00bfC\u00f3mo transcurri\u00f3 la noche del 6 de diciembre, es decir, c\u00f3mo logr\u00f3 conciliar el sue\u00f1o?<\/strong><\/p>\n<p>Esa noche me acost\u00e9 m\u00e1s comprometido que nunca con la lucha democr\u00e1tica. Me dije: ha valido la pena, vale la pena cualquier sacrificio por la libertad de nuestro pueblo.<\/p>\n<p>\u201cPens\u00e9 en el sufrimiento que han tenido que pasar los venezolanos por un modelo equivocado, importado, que no se parece en nada a nosotros y que ha tratado de ser impuesto por la fuerza.<\/p>\n<p>\u201cReflexion\u00e9 mucho acerca de los venezolanos que en el pasado confiaron en ese proyecto y, defraudados, apuestan por un cambio. Es una obligaci\u00f3n de toda la Unidad comunicarles y hacerlos sentir que ese triunfo es de ellos, para ellos y por ellos.<\/p>\n<p>\u201cAl d\u00eda siguiente ya pude enterarme, por medio de mi abogado, de los detalles y de la magnitud de la victoria. Fue un plebiscito. No entre opositores y oficialistas, no. Un plebiscito entre todo un pueblo unido y una \u00e9lite corrupta, ineficiente y antidemocr\u00e1tica encabezada por Nicol\u00e1s Maduro y Diosdado Cabello.<\/p>\n<p>\u201cEse domingo los venezolanos escribimos un nuevo cap\u00edtulo glorioso en nuestra historia al doblegar a una dictadura a trav\u00e9s de los votos. El pueblo, consciente de toda su fuerza, se expres\u00f3 por el cambio de forma arrolladora y no solo vot\u00f3; defendi\u00f3 su voto hasta el final. Los venezolanos le pusimos la mano en el pecho a una \u00e9lite que busca hacernos creer que un pa\u00eds distinto no es posible y demostramos que s\u00ed es posible\u201d.<\/p>\n<p><strong>Solo ha cambiado el Legislativo. El resto de los poderes p\u00fablicos sigue bajo el control del sector oficialista.<\/strong><\/p>\n<p>Haber ganado representa la conquista para la lucha democr\u00e1tica de una instituci\u00f3n fundamental y representa un debilitamiento de la dictadura, en la b\u00fasqueda de su quiebre definitivo.<\/p>\n<p>\u201cPero tambi\u00e9n queda claro que para que Venezuela cambie debemos recuperar todas las instituciones. Hoy el TSJ (Tribunal Supremo de Justicia) nombrado inconstitucionalmente y que se pretende \u2018renovar\u2019 para incorporar m\u00e1s incondicionales al r\u00e9gimen antes de que se instale la nueva Asamblea, sigue secuestrado, imposibilitando que haya verdadera justicia en Venezuela.<\/p>\n<p>\u201cEl \u00b4defensor del Pueblo solo defiende a la dictadura. La fiscala general de la Rep\u00fablica protege a los poderosos y en Venezuela las v\u00edctimas que se atreven a denunciar son los que terminan acusados y encarcelados.<\/p>\n<p>\u201cLa Contralor\u00eda General de la Rep\u00fablica solo funciona en \u00e9pocas electorales para inhabilitar a todo el que piensa distinto, mientras de forma c\u00f3mplice observa el mayor robo y saqueo que se ha hecho al pueblo venezolano.<\/p>\n<p>\u201cEl CNE (Consejo Nacional Electoral) nuevamente desempe\u00f1\u00f3 un triste papel en este proceso, permitiendo la campa\u00f1a m\u00e1s abusiva de la historia y extendi\u00f3 de manera ilegal la votaci\u00f3n en un acto desesperado de la dictadura. Con la victoria popular del 6 de diciembre, la dictadura est\u00e1 debilitada s\u00ed, pero a\u00fan mantiene secuestrados a los otros poderes del Estado, y como ya anunci\u00f3 Maduro los usar\u00e1 para desconocer la voluntad del pueblo.<\/p>\n<p>\u201cLa dictadura est\u00e1 debilitada, pero a\u00fan vivimos en ella y nuestro pueblo vot\u00f3 para cambiar un sistema que lo oprime, que lo humilla y que imposibilita que pueda encontrar las soluciones a sus problemas m\u00e1s sentidos. La dictadura est\u00e1 debilitada y es nuestro deber no darle respiro. Si Maduro y el resto de las cabezas de los poderes secuestrados por una \u00e9lite corrupta torpedean el cambio, pues hay que cambiarlos\u201d.<\/p>\n<p><script src=\"\/\/pagead2.googlesyndication.com\/pagead\/js\/adsbygoogle.js\" async=\"\"><\/script><!-- BANNER PEQUE\u00d1O PARA ENTRENOTAS EL ORIENTE --> <ins class=\"adsbygoogle\" style=\"display: inline-block; width: 468px; height: 60px;\" data-ad-client=\"ca-pub-1136171134853753\" data-ad-slot=\"4953536424\"><\/ins><script>\/\/ <![CDATA[\n(adsbygoogle = window.adsbygoogle || []).push({});\n\/\/ ]]><\/script><\/p>\n<p><strong>\u00bfCu\u00e1les son las tareas prioritarias de la nueva legislatura?<\/strong><\/p>\n<p>Estoy convencido que la nueva Asamblea Nacional no solo tiene como tarea dictar leyes democr\u00e1ticas; tambi\u00e9n debe impulsar el cambio pol\u00edtico que tanto anhela nuestro pueblo. Estamos obligados al reimpulso econ\u00f3mico y a establecer una nueva agenda social para todos los venezolanos.<\/p>\n<p>\u201cHay que ser responsable con nuestro pueblo, habl\u00e1ndole con la verdad. No habr\u00e1 soluci\u00f3n a los problemas que sufrimos sin que antes hayamos podido lograr el cambio pol\u00edtico de la c\u00fapula corrupta que hoy usurpa el poder.<\/p>\n<p>\u201c\u00bfAcaso es posible reactivar la producci\u00f3n y por tanto vencer la escasez y la inflaci\u00f3n, dos grandes sufrimientos de nuestro pueblo, mientras contin\u00fae en el poder un r\u00e9gimen que explica la paliza electoral que recibi\u00f3 con una ficticia \u201cguerra econ\u00f3mica\u201d?<\/p>\n<p>\u201c\u00bfEs posible solucionar la inseguridad mientras contin\u00fae en el poder una dictadura que no es solo c\u00f3mplice de la delincuencia sino que mantiene secuestrado el poder judicial y por tanto la esperanza de que exista justicia?<\/p>\n<p>\u201cHay que salir por la v\u00eda constitucional de este desastre lo m\u00e1s pronto posible. Frente a las inmensas injusticias que hoy sufre el pueblo venezolano, no hay espacio para el c\u00e1lculo pol\u00edtico ni para las conveniencias personales. Ante las injusticias, los atropellos y las violaciones a los derechos se reacciona. A las injusticias se les combate. A las injusticias se les planta la cara con decisi\u00f3n, sin miramientos ni recelos.<\/p>\n<p>\u201cYo he decidido enfrentar a esta dictadura en todos los terrenos, tanto en la calle protestando leg\u00edtimamente, en lo electoral y en lo moral y estoy convencido de que vale la pena. Se trata de reaccionar frente a la urgencia. \u00bfEs que la situaci\u00f3n del pa\u00eds, la destrucci\u00f3n del pa\u00eds, el sufrimiento de nuestro pueblo no lo amerita?<\/p>\n<p>\u201cVenezuela se cae a pedazos ante nuestros ojos. \u00bfC\u00f3mo le decimos a los venezolanos que viven angustiados en las calles con el temor de perder su vidas que debemos esperar hasta el 2019 para cambiar este sistema?; \u00bfqu\u00e9 le decimos a los venezolanos que hacen colas todos los d\u00edas y cuya situaci\u00f3n econ\u00f3mica empeora al mismo tiempo? C\u00f3mo hemos dicho: all\u00ed est\u00e1n los mecanismos constitucionales.<\/p>\n<p>\u201cRatifico el compromiso con mis compa\u00f1eros de la Unidad para que tal como acordamos en julio de 2015, discutamos sobre cu\u00e1l mecanismo activar para lograr el cambio pol\u00edtico: si el revocatorio, la enmienda, la renuncia o la constituyente\u201d.<\/p>\n<p><strong>\u00bfC\u00f3mo recibe el reconocimiento del GDA?<\/strong><\/p>\n<p>Con sorpresa porque no me lo esperaba. Con agradecimiento a quienes nos seleccionaron porque no se trata solo de mi persona sino de una causa, la causa de la libertad y la democracia para Venezuela, que hoy abrazamos millones de venezolanos y en especial los que hemos sido perseguidos, atropellados y encarcelados.<\/p>\n<p>\u201cY con responsabilidad, porque nos queda un camino por recorrer que debemos visualizar y materializar con un alto nivel de compromiso. El apoyo internacional y los pronunciamientos que nuestra causa ha recibido de los m\u00e1s amplios sectores, que incluyen organizaciones mundiales, regionales, gobiernos, parlamentos, organismos no gubernamentales, activistas, artistas y personalidades, han permitido que se levante el velo de oscuridad y se disipe cierta confusi\u00f3n sobre lo que ocurre en Venezuela.<\/p>\n<p>\u201cEllo ha hecho posible que se perciba con nitidez que el problema en lo social, lo econ\u00f3mico y lo pol\u00edtico tiene un mismo origen: la instalaci\u00f3n de un sistema de gobierno autoritario, antidemocr\u00e1tico, corrupto, ineficaz y represor que persigue como \u00fanico objetivo mantenerse en el poder para beneficiar a una peque\u00f1a \u00e9lite que se ha enriquecido de manera exorbitante y ha dejado al resto del pa\u00eds, a las grandes mayor\u00edas, a la deriva en una crisis sin precedentes en Venezuela, la cual se manifiesta en una incontrolable escasez de alimentos y medicinas, la mayor inflaci\u00f3n del mundo, los m\u00e1s altos \u00edndices de violencia del planeta y el colapso de los servicios p\u00fablicos.<\/p>\n<p>\u201cEl pa\u00eds ha debido disfrutar de altos niveles de bienestar general, puesto que acabamos de salir del ciclo de 10 a\u00f1os de mayores ingresos a la naci\u00f3n como consecuencia del boom petrolero por altos precios del crudo. Esta nueva percepci\u00f3n de la realidad venezolana por la comunidad internacional ser\u00e1 fundamental para el proceso de transici\u00f3n hacia una Venezuela libre y democr\u00e1tica, transici\u00f3n que ha comenzado de manera definitiva el 6 de diciembre con las elecciones parlamentarias y el respaldo democr\u00e1tico y pac\u00edfico a un cambio profundo.<\/p>\n<p><strong>En el panorama que describe \u00bfqu\u00e9 papel le atribuye a los medios de comunicaci\u00f3n?<\/strong><\/p>\n<p>Es necesario recordar que aqu\u00ed, en nuestro pa\u00eds, el r\u00e9gimen ha utilizado un alicate de asfixia a la libertad de expresi\u00f3n: una tenaza es el control y los abundantes medios del Estado y la otra la autocensura y la compra de medios privados por \u201cdue\u00f1os desconocidos\u201d, con capitales de dudosa procedencia.<\/p>\n<p>\u201cHay que reconocer las excepciones que han marcado distancia con la l\u00ednea oficial y que representan un dique de resistencia democr\u00e1tica. En ese sentido, destaco la labor de El Nacional , El Nuevo Pa\u00eds , Tal Cual , La Patilla , as\u00ed como de CNN, NTN24 y ABC. Tambi\u00e9n debo destacar y reconocer la labor de periodistas independientes que no han callado su voz y se manifiestan mediante las redes sociales y nuevas tecnolog\u00edas. La atenci\u00f3n prestada al caso venezolano por medios internacionales ha sido muy importante para la audiencia mundial y tambi\u00e9n para los venezolanos que muchas veces encuentran m\u00e1s informaci\u00f3n sobre la problem\u00e1tica nacional en estos medios que en los locales.<\/p>\n<p><strong>\u00bfC\u00f3mo debe afrontar el liderazgo pol\u00edtico y la sociedad civil la violencia promovida desde el gobierno?<\/strong><\/p>\n<p>Enfrentar la violencia del r\u00e9gimen en todas sus manifestaciones, f\u00edsica, institucional y comunicacional, comienza por exponerla, por denunciarla en toda su dimensi\u00f3n. Es un error enfrentar la violencia del Estado con el silencio; por eso, hay que denunciarla ante todas las instancias nacionales e internacionales.<\/p>\n<p>\u201cA pesar de que la denuncia formal ante instancias nacionales pareciera ser un esfuerzo vano, por el secuestro y la impunidad de las instituciones, es necesario hacerlo para que quede registro de qui\u00e9nes son los promotores de la violencia.<\/p>\n<p>\u201cPor otra parte, y es algo en lo que he insistido, no debemos caer en provocaciones respondiendo a la violencia con violencia, pero tampoco con pasividad y sumisi\u00f3n. Por eso, los m\u00e9todos de la lucha no violenta tienen tanta vigencia en la Venezuela de hoy\u201d.<\/p>\n<p>\u201cDebemos continuar y profundizar la organizaci\u00f3n de la protesta pac\u00edfica, una herramienta v\u00e1lida de lucha democr\u00e1tica que constituye un derecho constitucional y universal. Yo estoy preso y condenado ilegalmente a 14 a\u00f1os de prisi\u00f3n por haber denunciado la violencia del Estado y a la \u00e9lite que gobierna como antidemocr\u00e1tica, corrupta, represora y con presuntos v\u00ednculos con el narcotr\u00e1fico. Estoy preso, pero jam\u00e1s arrepentido de haber denunciado a los responsables de la crisis, y de promover el cambio popular, democr\u00e1tico y constitucional para Venezuela.<\/p>\n<p><strong>\u00bfPor qu\u00e9 la oposici\u00f3n venezolana, m\u00e1s all\u00e1 de la MUD, no ha podido todav\u00eda unirse en un solo bloque?<\/strong><\/p>\n<p>Con respecto a la unidad, debemos reconocer que se ha avanzado, pero queda camino por recorrer. En mi opini\u00f3n, la unidad m\u00e1s s\u00f3lida, amplia e incluyente la lograremos mediante la ejecuci\u00f3n del acuerdo firmado por la Mesa de Unidad Democr\u00e1tica (MUD) en julio, en el que todos nos comprometimos a que en los pr\u00f3ximos procesos todas las candidaturas ser\u00e1n seleccionadas por primarias de base, con la participaci\u00f3n de todos, una unidad construida de abajo hacia arriba.<\/p>\n<p>Vinculado con este proceso, estoy convencido de la importancia de democratizar la estructura de los partidos pol\u00edticos. Un partido que promueva la democracia debe practicarla a todos los niveles de su organizaci\u00f3n interna.<\/p>\n<p><strong>\u00bfCu\u00e1l debe ser la estrategia de la oposici\u00f3n para vencer la resistencia de los l\u00edderes del chavismo a perder el poder?<\/strong><\/p>\n<p>Lo primero es identificar d\u00f3nde est\u00e1 la resistencia. La resistencia al cambio no est\u00e1 en el pueblo, ni siquiera en los que votan por el PSUV (partido oficial), la resistencia al cambio est\u00e1 en su peque\u00f1a pero poderosa \u00e9lite, que ha secuestrado la democracia venezolana mediante el control abusivo, c\u00f3mplice y contrario a la Constituci\u00f3n de todos los poderes p\u00fablicos. Segundo: comunicar con serenidad a los venezolanos que el cambio que proponemos ser\u00e1 en beneficio de las grandes mayor\u00edas y que se har\u00e1 con respeto a la Constituci\u00f3n y a la convivencia democr\u00e1tica. Tercero: presentar, de manera clara y sencilla, la ruta constitucional para el cambio. Y cuarto: dar se\u00f1ales muy claras a los que todav\u00eda apoyan al r\u00e9gimen de que perder no es el fin del mundo, que es normal que en democracia se gane y se pierda, que luego de 16 a\u00f1os en el poder y por aclamaci\u00f3n popular toca un cambio para Venezuela.<\/p>\n<p><strong>\u00bfQu\u00e9 consecuencias pueden tener para el gobierno de Nicol\u00e1s Maduro los supuestos v\u00ednculos oficiales con el narcotr\u00e1fico?<\/strong><\/p>\n<p>Lo primero que debe ocurrir es una explicaci\u00f3n de Maduro. El silencio que ha mantenido hasta ahora solo abona su presunta complicidad con el narcotr\u00e1fico. De ser cierto que los m\u00e1s altos niveles del r\u00e9gimen amparan el narcotr\u00e1fico, lo pol\u00edtico y moralmente correcto ser\u00eda que Maduro renunciara o al menos se separara del cargo, y que se inicie una investigaci\u00f3n sobre estos hechos.<\/p>\n<p>\u201cDe no hacerlo por iniciativa propia, corresponder\u00e1 a la Asamblea Nacional comenzar un proceso con la finalidad de investigar y desmantelar las redes de corrupci\u00f3n y narcotr\u00e1fico que han penetrado el Estado venezolano al m\u00e1s alto nivel.<\/p>\n<p>\u201cHace 22 a\u00f1os a Carlos Andr\u00e9s P\u00e9rez se le oblig\u00f3 a someterse a juicio y a abandonar la Presidencia por una investigaci\u00f3n judicial relacionada con el destino de una partida secreta utilizada en apoyo a la seguridad de Violeta Chamorro en Nicaragua. Los delitos a los que estar\u00eda vinculado Maduro y su \u00e9lite gubernamental son infinitamente m\u00e1s graves, raz\u00f3n por la cual debe renunciar y someterse a una investigaci\u00f3n sobre su presunta responsabilidad en estos hechos de corrupci\u00f3n y narcotr\u00e1fico.<\/p>\n<p><strong>\u00bfC\u00f3mo imagina la transici\u00f3n pol\u00edtica en Venezuela en t\u00e9rminos de mecanismos y plazos?<\/strong><\/p>\n<p>El primer paso que debemos dar es consolidar el compromiso del liderazgo opositor en cuanto a que Maduro debe salir antes de 2019 y que para lograrlo existen mecanismos constitucionales que podr\u00e1n ser aplicados de acuerdo con las circunstancias.<\/p>\n<p>\u201cEl mensaje de cambio expresado en la votaci\u00f3n del 6 de diciembre debe convertirse en mandato popular para el liderazgo pol\u00edtico. Si los venezolanos mayoritariamente piden cambio, le tocar\u00e1 al liderazgo definir una ruta pac\u00edfica, constitucional y oportuna para lograrlo. Dependiendo de las circunstancias se tendr\u00e1 que asumir una de las alternativas de cambio en los poderes p\u00fablicos: adelanto de elecciones, refer\u00e9ndum revocatorio o la convocatoria a una asamblea constituyente.<\/p>\n<p>\u201cUna vez definida la ruta constitucional para el cambio pol\u00edtico, ser\u00e1 necesario trabajar en paralelo y de forma simult\u00e1nea en dos terrenos: el institucional, mediante la Asamblea Nacional, y el pol\u00edtico-social para lograr un gran acuerdo nacional sobre los temas m\u00e1s importantes. Este proceso de acuerdo nacional debe incluir al menos cinco grandes temas: 1.- convivencia democr\u00e1tica: composici\u00f3n de los poderes p\u00fablicos, reelecci\u00f3n y fortalecimiento de la federaci\u00f3n; 2.- de la crisis al bienestar social: los cambios en el modelo econ\u00f3mico que permitan erradicar la escasez, la inflaci\u00f3n y el desempleo, teniendo como prioridad el fortalecimiento de las capacidades de producci\u00f3n nacional; 3.- seguridad ciudadana: fortalecimiento de los cuerpos de seguridad y disminuci\u00f3n de la impunidad como prioridades; 4.- democratizaci\u00f3n del petr\u00f3leo: c\u00f3mo aprovechar al m\u00e1ximo y de manera m\u00e1s democr\u00e1tica la fortaleza de tener las m\u00e1s grandes reservas de petr\u00f3leo del mundo, y 5.- soberan\u00eda y convivencia c\u00edvico-militar.<\/p>\n<p>\u201cCon respecto a la transici\u00f3n pol\u00edtica, estamos en la obligaci\u00f3n de trabajar de manera simult\u00e1nea el c\u00f3mo (las v\u00edas constitucionales) y el para qu\u00e9 (el destino, la orientaci\u00f3n) del cambio. Sobre los plazos, en julio la Mesa de la Unidad Democr\u00e1tica firm\u00f3 un acuerdo en el que nos comprometimos a consolidar este proceso de cambio durante los primeros seis meses de 2016.<\/p>\n<p><strong>\u00bfQu\u00e9 har\u00e1 usted desde la c\u00e1rcel para llevar adelante el cambio pol\u00edtico que propone?<\/strong><\/p>\n<p>No dejar\u00e9 de comunicar mi opini\u00f3n y de buscar el mayor nivel de entendimiento entre el liderazgo pol\u00edtico y el pueblo venezolano para avanzar en un camino constitucional y democr\u00e1tico hacia el cambio que merecemos los venezolanos.<\/p>\n<p><strong>\u00bfCu\u00e1l cree que ser\u00e1 el impacto para Am\u00e9rica Latina a ra\u00edz de la victoria de Mauricio Macri en Argentina?<\/strong><\/p>\n<p>La victoria de Macri abre una nueva etapa para las relaciones y la integraci\u00f3n de los pa\u00edses de Am\u00e9rica Latina. Una de las primeras declaraciones como presidente electo fue ratificar su compromiso de invocar la Carta Democr\u00e1tica en el caso de Venezuela. Este es un paso muy importante, puesto que pone en el primer nivel de prioridad la salud democr\u00e1tica y el respeto de los derechos humanos en los pa\u00edses de la regi\u00f3n.<\/p>\n<p>\u201cLa Carta Democr\u00e1tica que invoca Macri ha sido firmada por los pa\u00edses del continente en setiembre de 2001. Sin embargo, debido a los ataques a las torres gemelas y la respuesta estadounidense que desemboc\u00f3 en la cuestionada guerra de Irak, la salud democr\u00e1tica y el respeto de los derechos humanos pasaron a un segundo nivel en la regi\u00f3n y en el mundo. Con la victoria de Macri, podemos hablar de un nuevo ciclo en el contexto, del cual, estoy seguro, veremos cambios similares en Brasil y Venezuela, entre otros pa\u00edses de la regi\u00f3n.<\/p>\n<figure id=\"attachment_41441\" aria-describedby=\"caption-attachment-41441\" style=\"width: 300px\" class=\"wp-caption alignnone\"><a href=\"http:\/\/www.eloriente.net\/home\/wp-content\/uploads\/2015\/12\/Leopoldo-Lo\u0301pez-Personaje-Latinoamericano-2015.jpg\"><img loading=\"lazy\" decoding=\"async\" class=\"size-medium wp-image-41441\" src=\"http:\/\/www.eloriente.net\/home\/wp-content\/uploads\/2015\/12\/Leopoldo-Lo\u0301pez-Personaje-Latinoamericano-2015-300x225.jpg\" alt=\"Fuente: Leopoldolopoez.com\" width=\"300\" height=\"225\" srcset=\"http:\/\/www.eloriente.net\/home\/wp-content\/uploads\/2015\/12\/Leopoldo-Lo\u0301pez-Personaje-Latinoamericano-2015-300x225.jpg 300w, http:\/\/www.eloriente.net\/home\/wp-content\/uploads\/2015\/12\/Leopoldo-Lo\u0301pez-Personaje-Latinoamericano-2015.jpg 580w\" sizes=\"(max-width: 300px) 100vw, 300px\" \/><\/a><figcaption id=\"caption-attachment-41441\" class=\"wp-caption-text\">Fuente: Leopoldolopoez.com<\/figcaption><\/figure>\n<p>&nbsp;<\/p>\n<p><strong>OTRAS ENTRADAS<\/strong><\/p>\n<div class=\"featuredpost\">\n<div class=\"flow_hide\">\n<h2 class=\"posttitle bigposttitle\"><a title=\"Enlace Permanente a DEPORTES: Cr\u00f3nicas Beisboleras: \u00bfCu\u00e1l liga es mejor?. Por Jaime Palau\" href=\"http:\/\/www.eloriente.net\/home\/2015\/12\/21\/deportes-cronicas-beisboleras-cual-liga-es-mejor-por-jaime-palau\/\" rel=\"bookmark\">DEPORTES: Cr\u00f3nicas Beisboleras: \u00bfCu\u00e1l liga es mejor?. Por Jaime Palau<\/a><\/h2>\n<\/div>\n<p>(www.eloriente.net, M\u00e9xico, a 21 de diciembre de 2015, por Jaime Palau Ranz).-\u00a0Hace tres semanas vino a Oaxaca con motivo de una boda mi amigo y paisano\u00a0Ricardo Noriega\u2026<\/p>\n<p class=\"postmeta\"><span class=\"meta_date\">diciembre 21, 2015<\/span><\/p>\n<div class=\"toolbar-social\"><\/div>\n<\/div>\n<div class=\"featuredpost\">\n<div class=\"flow_hide\">\n<p><a href=\"http:\/\/www.eloriente.net\/home\/2015\/12\/18\/musica-las-canciones-mas-virales-de-spotify-hello-de-karen-rodriguez\/\" rel=\"bookmark\"><img decoding=\"async\" class=\"alignleft\" title=\"M\u00daSICA: Las canciones m\u00e1s virales de Spotify: \u201cHello\u201d de Karen Rodriguez\" src=\"http:\/\/www.eloriente.net\/home\/wp-content\/themes\/city-desk\/timthumb.php?src=http%3A%2F%2Fwww.eloriente.net%2Fhome%2Fwp-content%2Fuploads%2F2015%2F12%2FKaren-Rodriguez.png&amp;q=90&amp;w=70&amp;h=45&amp;zc=1\" alt=\"M\u00daSICA: Las canciones m\u00e1s virales de Spotify: \u201cHello\u201d de Karen Rodriguez\" \/><\/a><\/p>\n<h2 class=\"posttitle \"><a title=\"Enlace Permanente a M\u00daSICA: Las canciones m\u00e1s virales de Spotify: \u201cHello\u201d de Karen Rodriguez\" href=\"http:\/\/www.eloriente.net\/home\/2015\/12\/18\/musica-las-canciones-mas-virales-de-spotify-hello-de-karen-rodriguez\/\" rel=\"bookmark\">M\u00daSICA: Las canciones m\u00e1s virales de Spotify: \u201cHello\u201d de Karen Rodriguez<\/a><\/h2>\n<\/div>\n<p>(www.eloriente.net, M\u00e9xico, a 19 de diciembre de 2015, por Valery L\u00f3pez).-\u00a0Spotify cuenta con un gran n\u00famero de listas dise\u00f1adas para ayudar a que sus usuarios conozcan m\u00fasica\u2026<\/p>\n<p class=\"postmeta\"><span class=\"meta_date\">diciembre 18, 2015<\/span><\/p>\n<div class=\"toolbar-social\"><\/div>\n<\/div>\n<div class=\"featuredpost\">\n<div class=\"flow_hide\">\n<p><a href=\"http:\/\/www.eloriente.net\/home\/2015\/12\/18\/espana-mira-los-ultimos-spost-de-los-partidos-contendientes-a-eleccion\/\" rel=\"bookmark\"><img decoding=\"async\" class=\"alignleft\" title=\"ESPA\u00d1A: Mira los \u00faltimos spots de los partidos contendientes a elecci\u00f3n\" src=\"http:\/\/www.eloriente.net\/home\/wp-content\/themes\/city-desk\/timthumb.php?src=http%3A%2F%2Fwww.eloriente.net%2Fhome%2Fwp-content%2Fuploads%2F2015%2F12%2FPSOE-Pedro-Sa%CC%81nchez.jpg&amp;q=90&amp;w=70&amp;h=45&amp;zc=1\" alt=\"ESPA\u00d1A: Mira los \u00faltimos spots de los partidos contendientes a elecci\u00f3n\" \/><\/a><\/p>\n<h2 class=\"posttitle \"><a title=\"Enlace Permanente a ESPA\u00d1A: Mira los \u00faltimos spots de los partidos contendientes a elecci\u00f3n\" href=\"http:\/\/www.eloriente.net\/home\/2015\/12\/18\/espana-mira-los-ultimos-spost-de-los-partidos-contendientes-a-eleccion\/\" rel=\"bookmark\">ESPA\u00d1A: Mira los \u00faltimos spots de los partidos contendientes a elecci\u00f3n<\/a><\/h2>\n<\/div>\n<p>(www.eloriente.net, M\u00e9xico, a 18 de diciembre de 2015, por Valery L\u00f3pez).- El pr\u00f3ximo 20 de diciembre ser\u00e1 un d\u00eda hist\u00f3rico para la vida pol\u00edtica de Espa\u00f1a pues\u2026<\/p>\n<p class=\"postmeta\"><span class=\"meta_date\">diciembre 18, 2015<\/span><\/p>\n<\/div>\n\n\t\t\t  <div \n\t\t\t  \tclass = \"fb-comments\" \n\t\t\t  \tdata-href = \"http:\/\/www.eloriente.net\/home\/2015\/12\/21\/venezuela-leopoldo-lopez-personaje-latinoamericano-2015-entrevista-al-respecto\/\"\n\t\t\t  \tdata-numposts = \"10\"\n\t\t\t\tdata-colorscheme = \"dark\"\n\t\t\t\tdata-order-by = \"social\"\n\t\t\t\tdata-mobile=true>\n\t\t\t  <\/div>\n\t\t  <style>\n\t\t\t.fb_iframe_widget_fluid_desktop iframe {\n\t\t\t    width: 100% !important;\n\t\t\t}\n\t\t  <\/style>\n\t\t  ","protected":false},"excerpt":{"rendered":"<p>&nbsp; eloriente.net\/Leopoldolopez.com 21 de diciembre de 2015 El l\u00edder opositor venezolano y preso de consciencia, Leopoldo L\u00f3pez, fue elegido por el Grupo de Diarios Am\u00e9rica (GDA), que re\u00fane a 10 peri\u00f3dicos l\u00edderes en la regi\u00f3n, como el Personaje Latinoamericano 2015, por considerarlo el preso pol\u00edtico m\u00e1s emblem\u00e1tico y por su lucha democr\u00e1tica incansable contra el [&hellip;]<\/p>\n","protected":false},"author":44,"featured_media":41441,"comment_status":"open","ping_status":"open","sticky":false,"template":"","format":"standard","meta":{"_jetpack_memberships_contains_paid_content":false,"footnotes":""},"categories":[22,32,10,24,21],"tags":[3257,788,1122,3556,5527,5528,5526,479],"class_list":["post-41440","post","type-post","status-publish","format-standard","has-post-thumbnail","hentry","category-derechos-humanos","category-entradas","category-lo-mas-reciente","category-mexico-y-el-mundo","category-politica-y-gobierno","tag-3257","tag-distincion","tag-entrevista","tag-leopoldo-lopez","tag-personaje-latinoamericano-2015","tag-personaje-latinoamericano-del-ano","tag-preso-politico","tag-venezuela"],"jetpack_featured_media_url":"http:\/\/www.eloriente.net\/home\/wp-content\/uploads\/2015\/12\/Leopoldo-Lo\u0301pez-Personaje-Latinoamericano-2015.jpg","jetpack_sharing_enabled":true,"_links":{"self":[{"href":"http:\/\/www.eloriente.net\/home\/wp-json\/wp\/v2\/posts\/41440"}],"collection":[{"href":"http:\/\/www.eloriente.net\/home\/wp-json\/wp\/v2\/posts"}],"about":[{"href":"http:\/\/www.eloriente.net\/home\/wp-json\/wp\/v2\/types\/post"}],"author":[{"embeddable":true,"href":"http:\/\/www.eloriente.net\/home\/wp-json\/wp\/v2\/users\/44"}],"replies":[{"embeddable":true,"href":"http:\/\/www.eloriente.net\/home\/wp-json\/wp\/v2\/comments?post=41440"}],"version-history":[{"count":2,"href":"http:\/\/www.eloriente.net\/home\/wp-json\/wp\/v2\/posts\/41440\/revisions"}],"predecessor-version":[{"id":41446,"href":"http:\/\/www.eloriente.net\/home\/wp-json\/wp\/v2\/posts\/41440\/revisions\/41446"}],"wp:featuredmedia":[{"embeddable":true,"href":"http:\/\/www.eloriente.net\/home\/wp-json\/wp\/v2\/media\/41441"}],"wp:attachment":[{"href":"http:\/\/www.eloriente.net\/home\/wp-json\/wp\/v2\/media?parent=41440"}],"wp:term":[{"taxonomy":"category","embeddable":true,"href":"http:\/\/www.eloriente.net\/home\/wp-json\/wp\/v2\/categories?post=41440"},{"taxonomy":"post_tag","embeddable":true,"href":"http:\/\/www.eloriente.net\/home\/wp-json\/wp\/v2\/tags?post=41440"}],"curies":[{"name":"wp","href":"https:\/\/api.w.org\/{rel}","templated":true}]}}