{"id":41529,"date":"2016-01-02T12:40:10","date_gmt":"2016-01-02T18:40:10","guid":{"rendered":"http:\/\/www.eloriente.net\/home\/?p=41529"},"modified":"2016-01-02T18:40:34","modified_gmt":"2016-01-03T00:40:34","slug":"seguridad-en-oaxaca-205-mas-homicidios-que-en-2014","status":"publish","type":"post","link":"http:\/\/www.eloriente.net\/home\/2016\/01\/02\/seguridad-en-oaxaca-205-mas-homicidios-que-en-2014\/","title":{"rendered":"SEGURIDAD: En Oaxaca, 205 m\u00e1s homicidios que en 2014"},"content":{"rendered":"<p><script src=\"\/\/pagead2.googlesyndication.com\/pagead\/js\/adsbygoogle.js\" async=\"\"><\/script><!-- BANNER ELORIENTE INCRUSTADO NOTAS --> <ins class=\"adsbygoogle\" style=\"display: inline-block; width: 300px; height: 250px;\" data-ad-client=\"ca-pub-1136171134853753\" data-ad-slot=\"7974633627\"><\/ins><script>\/\/ <![CDATA[\n(adsbygoogle = window.adsbygoogle || []).push({});\n\/\/ ]]><\/script><\/p>\n<p>&nbsp;<\/p>\n<p>(www.eloriente.net, M\u00e9xico, a 02 de enero de 2016, por Valery L\u00f3pez).-De enero a noviembre de 2015, Oaxaca present\u00f3 un menor \u00edndice delictivo que en los doce meses del 2014, sin embargo, se muestra un aumento en delitos como el homicidio.<\/p>\n<p>De acuerdo con informaci\u00f3n publicada por el <strong><a href=\"http:\/\/secretariadoejecutivo.gob.mx\/docs\/pdfs\/estadisticas%20del%20fuero%20comun\/Cieisp2015_112015.pdf\" target=\"_blank\">Secretariado Ejecutivo del Sistema Nacional de Seguridad P\u00fablica<\/a><\/strong>, de enero a diciembre de 2014 se presentaron en la entidad oaxaque\u00f1a un total de 34,626 denuncias por delitos de distinta \u00edndole. En contraste, de enero a noviembre de este a\u00f1o se han contabilizado 31,566 denuncias, 3,060 menos que el a\u00f1o pasado, sin embargo, a\u00fan faltan por sumar los que se acumulen en diciembre.<\/p>\n<p><script src=\"\/\/pagead2.googlesyndication.com\/pagead\/js\/adsbygoogle.js\" async=\"\"><\/script><!-- BANNER PEQUE\u00d1O PARA ENTRENOTAS EL ORIENTE --> <ins class=\"adsbygoogle\" style=\"display: inline-block; width: 468px; height: 60px;\" data-ad-client=\"ca-pub-1136171134853753\" data-ad-slot=\"4953536424\"><\/ins><script>\/\/ <![CDATA[\n(adsbygoogle = window.adsbygoogle || []).push({});\n\/\/ ]]><\/script><\/p>\n<p>A pesar de que Oaxaca podr\u00eda terminar con un\u00a0\u00edndice delictivo\u00a0igual o menor al del a\u00f1o pasado, hay apartados espec\u00edficos en los que se muestran cifras nada agradables. Tal es el caso de homicidios, donde se ve\u00a0un aumento de 205 en comparaci\u00f3n con el a\u00f1o anterior. As\u00ed mismo se presentaron 87 denuncias m\u00e1s por violaci\u00f3n que en 2014.<\/p>\n<p><a href=\"http:\/\/www.eloriente.net\/home\/wp-content\/uploads\/2016\/01\/Captura-de-pantalla-2016-01-02-a-las-12.18.03-e1451758782763.png\"><img loading=\"lazy\" decoding=\"async\" class=\"alignnone size-full wp-image-41531\" src=\"http:\/\/www.eloriente.net\/home\/wp-content\/uploads\/2016\/01\/Captura-de-pantalla-2016-01-02-a-las-12.18.03-e1451758782763.png\" alt=\"Captura de pantalla 2016-01-02 a las 12.18.03\" width=\"780\" height=\"617\" \/><\/a><\/p>\n<p><a href=\"http:\/\/www.eloriente.net\/home\/wp-content\/uploads\/2016\/01\/Captura-de-pantalla-2016-01-02-a-las-12.18.50-e1451758793836.png\"><img loading=\"lazy\" decoding=\"async\" class=\"alignnone size-full wp-image-41532\" src=\"http:\/\/www.eloriente.net\/home\/wp-content\/uploads\/2016\/01\/Captura-de-pantalla-2016-01-02-a-las-12.18.50-e1451758793836.png\" alt=\"Captura de pantalla 2016-01-02 a las 12.18.50\" width=\"780\" height=\"413\" \/><\/a><\/p>\n<p>En este a\u00f1o fue marzo el mes que present\u00f3 una mayor actividad delictiva, pues en ese mes se registraron 3,388 denuncias, en comparaci\u00f3n, en 2014 el mes con m\u00e1s delitos fue mayo con 3,190. En ese sentido, en ambos a\u00f1os fue marzo el mes donde se presentaron m\u00e1s homicidios: 183 en 2015 por 149 en 2014.<\/p>\n<p>Cabe se\u00f1alar que de acuerdo a lo se\u00f1alado en el documento del Secretariado Ejecutivo, la incidencia delictiva se refiere a la presunta ocurrencia de delitos registrados en\u00a0averiguaciones previas iniciadas, o carpetas de investigaci\u00f3n, reportadas por las\u00a0Procuradur\u00edas Generales de Justicia y Fiscal\u00edas Generales de las 32 entidades federativas,\u00a0quienes son responsables de la veracidad y actualizaci\u00f3n de los datos.<br \/>\nRECURSOS DIGITALES:<\/p>\n<blockquote class=\"twitter-tweet\" lang=\"es\">\n<p dir=\"ltr\" lang=\"es\">Hoy <a href=\"https:\/\/twitter.com\/hashtag\/Oaxaca?src=hash\">#Oaxaca<\/a> en primera de <a href=\"https:\/\/twitter.com\/Reforma\">@Reforma<\/a>: violaciones sexuales aumentaron 175%; robo se triplic\u00f3 <a href=\"https:\/\/t.co\/tZp4oZdm88\">https:\/\/t.co\/tZp4oZdm88<\/a> <a href=\"https:\/\/t.co\/H3QRnLhsuM\">pic.twitter.com\/H3QRnLhsuM<\/a><\/p>\n<p>\u2014 El Oriente (@El_Oriente) <a href=\"https:\/\/twitter.com\/El_Oriente\/status\/683307160562831361\">enero 2, 2016<\/a><\/p><\/blockquote>\n<p><script src=\"\/\/platform.twitter.com\/widgets.js\" async=\"\" charset=\"utf-8\"><\/script><br \/>\n&nbsp;<\/p>\n<p><a href=\"http:\/\/www.eloriente.net\/home\/wp-content\/uploads\/2016\/01\/8629421110_bbd33e0207_h.jpg\"><img loading=\"lazy\" decoding=\"async\" class=\"alignnone size-medium wp-image-41534\" src=\"http:\/\/www.eloriente.net\/home\/wp-content\/uploads\/2016\/01\/8629421110_bbd33e0207_h-300x169.jpg\" alt=\"8629421110_bbd33e0207_h\" width=\"300\" height=\"169\" srcset=\"http:\/\/www.eloriente.net\/home\/wp-content\/uploads\/2016\/01\/8629421110_bbd33e0207_h-300x169.jpg 300w, http:\/\/www.eloriente.net\/home\/wp-content\/uploads\/2016\/01\/8629421110_bbd33e0207_h-1024x576.jpg 1024w, http:\/\/www.eloriente.net\/home\/wp-content\/uploads\/2016\/01\/8629421110_bbd33e0207_h-900x506.jpg 900w, http:\/\/www.eloriente.net\/home\/wp-content\/uploads\/2016\/01\/8629421110_bbd33e0207_h.jpg 1600w\" sizes=\"(max-width: 300px) 100vw, 300px\" \/><\/a><\/p>\n<p><strong>OTRAS ENTRADAS<\/strong><\/p>\n<div class=\"featuredpost\">\n<div class=\"flow_hide\">\n<h2 class=\"posttitle bigposttitle\"><a title=\"Enlace Permanente a EDUCACI\u00d3N: \u00bfQu\u00e9 perfil requiere un profesor de ingl\u00e9s en primarias y secundarias p\u00fablicas de M\u00e9xico? Por Diego Gonz\u00e1lez Algara\" href=\"http:\/\/www.eloriente.net\/home\/2015\/12\/31\/educacion-que-perfil-requiere-un-profesor-de-ingles-en-primarias-y-secundarias-publicas-de-mexico-por-diego-gonzalez-algara\/\" rel=\"bookmark\">EDUCACI\u00d3N: \u00bfQu\u00e9 perfil requiere un profesor de ingl\u00e9s en primarias y secundarias p\u00fablicas de M\u00e9xico? Por Diego Gonz\u00e1lez Algara<\/a><\/h2>\n<\/div>\n<p>(www.eloriente.net, M\u00e9xico, a 31 de diciembre de 2015, por ).- \u00a0En este art\u00edculo-3 de 4- se analiza, la situaci\u00f3n de los profesores de ingl\u00e9s con la reforma\u00a0educativa.\u2026<\/p>\n<p class=\"postmeta\"><span class=\"meta_date\">diciembre 31, 2015<\/span><\/p>\n<div class=\"toolbar-social\"><\/div>\n<\/div>\n<div class=\"featuredpost\">\n<div class=\"flow_hide\">\n<p><a href=\"http:\/\/www.eloriente.net\/home\/2015\/12\/31\/cultura-personajes-culturales-que-se-fueron-en-2015\/\" rel=\"bookmark\"><img decoding=\"async\" class=\"alignleft\" title=\"CULTURA: Personajes culturales que se fueron en 2015\" src=\"http:\/\/www.eloriente.net\/home\/wp-content\/themes\/city-desk\/timthumb.php?src=http%3A%2F%2Fwww.eloriente.net%2Fhome%2Fwp-content%2Fuploads%2F2015%2F12%2F17073210263_c0db8ec4cb_o.jpg&amp;q=90&amp;w=70&amp;h=45&amp;zc=1\" alt=\"CULTURA: Personajes culturales que se fueron en 2015\" \/><\/a><\/p>\n<h2 class=\"posttitle \"><a title=\"Enlace Permanente a CULTURA: Personajes culturales que se fueron en 2015\" href=\"http:\/\/www.eloriente.net\/home\/2015\/12\/31\/cultura-personajes-culturales-que-se-fueron-en-2015\/\" rel=\"bookmark\">CULTURA: Personajes culturales que se fueron en 2015<\/a><\/h2>\n<\/div>\n<p>(www.eloriente.net, M\u00e9xico, a 31 de diciembre de 2015, por Valery L\u00f3pez D\u00e1vila).- Hoy es el \u00faltimo d\u00eda del a\u00f1o, y en EL ORIENTE no quer\u00edamos despedir el\u2026<\/p>\n<p class=\"postmeta\"><span class=\"meta_date\">diciembre 31, 2015<\/span><\/p>\n<div class=\"toolbar-social\"><\/div>\n<\/div>\n<div class=\"featuredpost\">\n<div class=\"flow_hide\">\n<p><a href=\"http:\/\/www.eloriente.net\/home\/2015\/12\/28\/turismo-2016-sera-el-ano-para-la-gastronomia-mexicana\/\" rel=\"bookmark\"><img decoding=\"async\" class=\"alignleft\" title=\"TURISMO: 2016 ser\u00e1 el a\u00f1o para la gastronom\u00eda mexicana\" src=\"http:\/\/www.eloriente.net\/home\/wp-content\/themes\/city-desk\/timthumb.php?src=http%3A%2F%2Fwww.eloriente.net%2Fhome%2Fwp-content%2Fuploads%2F2015%2F12%2F9478938800_1186a3860f_k.jpg&amp;q=90&amp;w=70&amp;h=45&amp;zc=1\" alt=\"TURISMO: 2016 ser\u00e1 el a\u00f1o para la gastronom\u00eda mexicana\" \/><\/a><\/p>\n<h2 class=\"posttitle \"><a title=\"Enlace Permanente a TURISMO: 2016 ser\u00e1 el a\u00f1o para la gastronom\u00eda mexicana\" href=\"http:\/\/www.eloriente.net\/home\/2015\/12\/28\/turismo-2016-sera-el-ano-para-la-gastronomia-mexicana\/\" rel=\"bookmark\">TURISMO: 2016 ser\u00e1 el a\u00f1o para la gastronom\u00eda mexicana<\/a><\/h2>\n<\/div>\n<p>eloriente.net\/SECTUR 28 de diciembre de 2015 La Secretar\u00eda de Turismo que encabeza Enrique de la Madrid Cordero, reforzar\u00e1 el impulso de la Pol\u00edtica de Fomento a la\u2026<\/p>\n<p class=\"postmeta\"><span class=\"meta_date\">diciembre 28, 2015<\/span><\/p>\n<\/div>\n\n\t\t\t  <div \n\t\t\t  \tclass = \"fb-comments\" \n\t\t\t  \tdata-href = \"http:\/\/www.eloriente.net\/home\/2016\/01\/02\/seguridad-en-oaxaca-205-mas-homicidios-que-en-2014\/\"\n\t\t\t  \tdata-numposts = \"10\"\n\t\t\t\tdata-colorscheme = \"dark\"\n\t\t\t\tdata-order-by = \"social\"\n\t\t\t\tdata-mobile=true>\n\t\t\t  <\/div>\n\t\t  <style>\n\t\t\t.fb_iframe_widget_fluid_desktop iframe {\n\t\t\t    width: 100% !important;\n\t\t\t}\n\t\t  <\/style>\n\t\t  ","protected":false},"excerpt":{"rendered":"<p>&nbsp; (www.eloriente.net, M\u00e9xico, a 02 de enero de 2016, por Valery L\u00f3pez).-De enero a noviembre de 2015, Oaxaca present\u00f3 un menor \u00edndice delictivo que en los doce meses del 2014, sin embargo, se muestra un aumento en delitos como el homicidio. De acuerdo con informaci\u00f3n publicada por el Secretariado Ejecutivo del Sistema Nacional de Seguridad [&hellip;]<\/p>\n","protected":false},"author":44,"featured_media":41534,"comment_status":"open","ping_status":"open","sticky":false,"template":"","format":"standard","meta":{"_jetpack_memberships_contains_paid_content":false,"footnotes":""},"categories":[22,49,32,63,35,23,464,21],"tags":[4233,2418,2872,2867,73,5577,206],"class_list":["post-41529","post","type-post","status-publish","format-standard","has-post-thumbnail","hentry","category-derechos-humanos","category-destacadas","category-entradas","category-estados","category-secciones-oriente","category-municipios","category-oaxaca-estados","category-politica-y-gobierno","tag-datos","tag-estadistica","tag-homicidios","tag-indice-delictivo","tag-oaxaca","tag-secuestros","tag-seguridad"],"jetpack_featured_media_url":"http:\/\/www.eloriente.net\/home\/wp-content\/uploads\/2016\/01\/8629421110_bbd33e0207_h.jpg","jetpack_sharing_enabled":true,"_links":{"self":[{"href":"http:\/\/www.eloriente.net\/home\/wp-json\/wp\/v2\/posts\/41529"}],"collection":[{"href":"http:\/\/www.eloriente.net\/home\/wp-json\/wp\/v2\/posts"}],"about":[{"href":"http:\/\/www.eloriente.net\/home\/wp-json\/wp\/v2\/types\/post"}],"author":[{"embeddable":true,"href":"http:\/\/www.eloriente.net\/home\/wp-json\/wp\/v2\/users\/44"}],"replies":[{"embeddable":true,"href":"http:\/\/www.eloriente.net\/home\/wp-json\/wp\/v2\/comments?post=41529"}],"version-history":[{"count":5,"href":"http:\/\/www.eloriente.net\/home\/wp-json\/wp\/v2\/posts\/41529\/revisions"}],"predecessor-version":[{"id":41549,"href":"http:\/\/www.eloriente.net\/home\/wp-json\/wp\/v2\/posts\/41529\/revisions\/41549"}],"wp:featuredmedia":[{"embeddable":true,"href":"http:\/\/www.eloriente.net\/home\/wp-json\/wp\/v2\/media\/41534"}],"wp:attachment":[{"href":"http:\/\/www.eloriente.net\/home\/wp-json\/wp\/v2\/media?parent=41529"}],"wp:term":[{"taxonomy":"category","embeddable":true,"href":"http:\/\/www.eloriente.net\/home\/wp-json\/wp\/v2\/categories?post=41529"},{"taxonomy":"post_tag","embeddable":true,"href":"http:\/\/www.eloriente.net\/home\/wp-json\/wp\/v2\/tags?post=41529"}],"curies":[{"name":"wp","href":"https:\/\/api.w.org\/{rel}","templated":true}]}}