{"id":41877,"date":"2016-01-22T15:59:15","date_gmt":"2016-01-22T21:59:15","guid":{"rendered":"http:\/\/www.eloriente.net\/home\/?p=41877"},"modified":"2016-01-23T11:45:40","modified_gmt":"2016-01-23T17:45:40","slug":"oaxaca-uabjo-premiara-calidad-de-sus-docentes","status":"publish","type":"post","link":"http:\/\/www.eloriente.net\/home\/2016\/01\/22\/oaxaca-uabjo-premiara-calidad-de-sus-docentes\/","title":{"rendered":"OAXACA: UABJO abre convocatoria de est\u00edmulos a docentes"},"content":{"rendered":"<p><script src=\"\/\/pagead2.googlesyndication.com\/pagead\/js\/adsbygoogle.js\" async=\"\"><\/script><!-- BANNER ELORIENTE INCRUSTADO NOTAS --> <ins class=\"adsbygoogle\" style=\"display: inline-block; width: 300px; height: 250px;\" data-ad-client=\"ca-pub-1136171134853753\" data-ad-slot=\"7974633627\"><\/ins><script>\/\/ <![CDATA[\n(adsbygoogle = window.adsbygoogle || []).push({});\n\/\/ ]]><\/script><\/p>\n<p>(www.eloriente.net, M\u00e9xico, a 22 de enero de 2016, por Ricardo Tapia).-\u00a0La Universidad Aut\u00f3noma Benito Ju\u00e1rez de Oaxaca (UABJO) abri\u00f3 la convocatoria para el programa de est\u00edmulos al desempe\u00f1o del personal docente, esto con el fin de reconocer la labor de sus catedr\u00e1ticos.<\/p>\n<p>Podr\u00e1n participar en el proceso de evaluaci\u00f3n y aspirar al est\u00edmulo los docentes\u00a0de tiempo completo que cuenten con una especialidad en el \u00e1rea de las ciencias\u00a0m\u00e9dicas, grado de maestr\u00eda o doctorado en las otras \u00e1reas del conocimiento, que\u00a0en el per\u00edodo comprendido del 1 de diciembre de 2014 al 30 de noviembre de\u00a02015, hayan realizado trabajo docente frente a grupo en cursos que formen parte\u00a0de los Programas Educativos que ofrece la Instituci\u00f3n.<\/p>\n<p>Deber\u00e1n cubrir los rubros en calidad en el desempe\u00f1o\u00a0docente, investigaci\u00f3n, tutor\u00edas, participaci\u00f3n en cuerpos colegiados y\u00a0acad\u00e9micos.<\/p>\n<p>Es importante se\u00f1alar que la documentaci\u00f3n requerida ser\u00e1 revisada por la Comisi\u00f3n\u00a0Dictaminadora de cada Escuela, Facultad o Instituto, y la evaluaci\u00f3n\u00a0corresponder\u00e1 a la Comisi\u00f3n Evaluadora de la UABJO. Los lineamientos a calificar ser\u00e1n: Calidad\u00a0(desempe\u00f1o docente, investigaci\u00f3n, tutor\u00edas y participaci\u00f3n en cuerpos colegiados\u00a0y acad\u00e9micos), dedicaci\u00f3n (horas frente a grupo) y permanencia (experiencia\u00a0docente).<\/p>\n<p><script src=\"\/\/pagead2.googlesyndication.com\/pagead\/js\/adsbygoogle.js\" async=\"\"><\/script><!-- BANNER PEQUE\u00d1O PARA ENTRENOTAS EL ORIENTE --> <ins class=\"adsbygoogle\" style=\"display: inline-block; width: 468px; height: 60px;\" data-ad-client=\"ca-pub-1136171134853753\" data-ad-slot=\"4953536424\"><\/ins><script>\/\/ <![CDATA[\n(adsbygoogle = window.adsbygoogle || []).push({});\n\/\/ ]]><\/script><\/p>\n<p>Dicha convocatoria permanecer\u00e1 abierta a partir de la fecha y la recepci\u00f3n de\u00a0documentos se realizar\u00e1 del lunes 25 al viernes 29 de enero del presente, de\u00a0modo que los aspirantes deber\u00e1n acudir a las Comisiones Dictaminadoras de las\u00a0Facultades e Institutos a efectuar dicho tr\u00e1mite.<\/p>\n<p>Solo en el caso de las Escuelas, Facultades o Institutos, que no tengan\u00a0debidamente integrado su comisi\u00f3n dictaminadora la documentaci\u00f3n respectiva,\u00a0se recibir\u00e1 en la oficina de la Comisi\u00f3n Evaluadora de la UABJO, ubicada en la\u00a0planta baja del Edificio \u201cC\u201d de Rector\u00eda en Ciudad Universitaria.<\/p>\n<p>La comisi\u00f3n evaluadora se integra por un presidente que en este caso es el doctor\u00a0Gabriel Mayoral Andrade, secretaria, maestra Leticia Mendoza Toro, maestros\u00a0Alfonso Z\u00e1rate Mendoza, N\u00e9stor Montes Garc\u00eda, Esperanza Nohem\u00ed V\u00e1zquez\u00a0Mota.<\/p>\n<p>Los interesados podr\u00e1n consultar la convocatoria en la p\u00e1gina oficial de la\u00a0instituci\u00f3n www.uabjo.mx para conocer a detalle\u00a0cada una de las bases y\u00a0consideraciones.<\/p>\n<p><a href=\"http:\/\/www.eloriente.net\/home\/wp-content\/uploads\/2016\/01\/calidad-docente-UABJO.jpeg\"><img loading=\"lazy\" decoding=\"async\" class=\"alignnone size-medium wp-image-41881\" src=\"http:\/\/www.eloriente.net\/home\/wp-content\/uploads\/2016\/01\/calidad-docente-UABJO-300x200.jpeg\" alt=\"calidad docente UABJO\" width=\"300\" height=\"200\" srcset=\"http:\/\/www.eloriente.net\/home\/wp-content\/uploads\/2016\/01\/calidad-docente-UABJO-300x200.jpeg 300w, http:\/\/www.eloriente.net\/home\/wp-content\/uploads\/2016\/01\/calidad-docente-UABJO-1024x683.jpeg 1024w, http:\/\/www.eloriente.net\/home\/wp-content\/uploads\/2016\/01\/calidad-docente-UABJO-900x600.jpeg 900w\" sizes=\"(max-width: 300px) 100vw, 300px\" \/><\/a><\/p>\n<p><strong>OTRAS ENTRADAS<\/strong><\/p>\n<div class=\"featuredpost\">\n<div class=\"flow_hide\">\n<h2 class=\"posttitle \"><a title=\"Enlace Permanente a NACIONAL: Se generaron 644 mil 466 empleos formales en M\u00e9xico durante 2015\" href=\"http:\/\/www.eloriente.net\/home\/2016\/01\/21\/nacional-se-generaron-644-mil-466-empleos-formales-en-mexico-durante-2015\/\" rel=\"bookmark\">NACIONAL: Se generaron 644 mil 466 empleos formales en M\u00e9xico durante 2015<\/a><\/h2>\n<\/div>\n<p>(www.eloriente.net, M\u00e9xico, a 21 de enero de 2016).-\u00a0En M\u00e9xico se generaron 644 mil 466 empleos formales durante 2015, la mitad de la meta propuesta por el #Sem\u00e1foroEcon\u00f3mico,\u2026<\/p>\n<p class=\"postmeta\"><span class=\"meta_date\">enero 21, 2016<\/span><\/p>\n<div class=\"toolbar-social\"><\/div>\n<\/div>\n<div class=\"featuredpost\">\n<div class=\"flow_hide\">\n<p><a href=\"http:\/\/www.eloriente.net\/home\/2016\/01\/21\/educacion-ensenanza-del-ingles-que-es-el-ielts-por-diego-gonzalez-algara\/\" rel=\"bookmark\"><img decoding=\"async\" class=\"alignleft\" title=\"EDUCACI\u00d3N: Ense\u00f1anza del ingl\u00e9s: \u00bfQu\u00e9 es el IELTS?\" src=\"http:\/\/www.eloriente.net\/home\/wp-content\/themes\/city-desk\/timthumb.php?src=http%3A%2F%2Fwww.eloriente.net%2Fhome%2Fwp-content%2Fuploads%2F2016%2F01%2FTeaching.jpg&amp;q=90&amp;w=70&amp;h=45&amp;zc=1\" alt=\"EDUCACI\u00d3N: Ense\u00f1anza del ingl\u00e9s: \u00bfQu\u00e9 es el IELTS?\" \/><\/a><\/p>\n<h2 class=\"posttitle \"><a title=\"Enlace Permanente a EDUCACI\u00d3N: Ense\u00f1anza del ingl\u00e9s: \u00bfQu\u00e9 es el IELTS?\" href=\"http:\/\/www.eloriente.net\/home\/2016\/01\/21\/educacion-ensenanza-del-ingles-que-es-el-ielts-por-diego-gonzalez-algara\/\" rel=\"bookmark\">EDUCACI\u00d3N: Ense\u00f1anza del ingl\u00e9s: \u00bfQu\u00e9 es el IELTS?<\/a><\/h2>\n<\/div>\n<p>(www.eloriente.net, M\u00e9xico, a 21 de enero de 2016, por Diego Gonz\u00e1lez Algara).- Este \u00faltimo art\u00edculo -acerca de la reforma educativa y la ense\u00f1anza del ingl\u00e9s-\u00a0retoma el tema\u2026<\/p>\n<p class=\"postmeta\"><span class=\"meta_date\">enero 21, 2016<\/span><\/p>\n<\/div>\n\n\t\t\t  <div \n\t\t\t  \tclass = \"fb-comments\" \n\t\t\t  \tdata-href = \"http:\/\/www.eloriente.net\/home\/2016\/01\/22\/oaxaca-uabjo-premiara-calidad-de-sus-docentes\/\"\n\t\t\t  \tdata-numposts = \"10\"\n\t\t\t\tdata-colorscheme = \"dark\"\n\t\t\t\tdata-order-by = \"social\"\n\t\t\t\tdata-mobile=true>\n\t\t\t  <\/div>\n\t\t  <style>\n\t\t\t.fb_iframe_widget_fluid_desktop iframe {\n\t\t\t    width: 100% !important;\n\t\t\t}\n\t\t  <\/style>\n\t\t  ","protected":false},"excerpt":{"rendered":"<p>(www.eloriente.net, M\u00e9xico, a 22 de enero de 2016, por Ricardo Tapia).-\u00a0La Universidad Aut\u00f3noma Benito Ju\u00e1rez de Oaxaca (UABJO) abri\u00f3 la convocatoria para el programa de est\u00edmulos al desempe\u00f1o del personal docente, esto con el fin de reconocer la labor de sus catedr\u00e1ticos. Podr\u00e1n participar en el proceso de evaluaci\u00f3n y aspirar al est\u00edmulo los docentes\u00a0de [&hellip;]<\/p>\n","protected":false},"author":44,"featured_media":41881,"comment_status":"open","ping_status":"open","sticky":false,"template":"","format":"standard","meta":{"_jetpack_memberships_contains_paid_content":false,"footnotes":""},"categories":[1588,18,32,63,464,84],"tags":[4949,4374,997,184,5739,182,5738],"class_list":["post-41877","post","type-post","status-publish","format-standard","has-post-thumbnail","hentry","category-comunicados-y-boletines","category-educacion-y-cultura","category-entradas","category-estados","category-oaxaca-estados","category-universidades","tag-boletines","tag-comunicados","tag-convocatoria","tag-educacion","tag-personal-docente","tag-uabjo","tag-universidad-autonoma-benito-juarez-de-oaxaca"],"jetpack_featured_media_url":"http:\/\/www.eloriente.net\/home\/wp-content\/uploads\/2016\/01\/calidad-docente-UABJO.jpeg","jetpack_sharing_enabled":true,"_links":{"self":[{"href":"http:\/\/www.eloriente.net\/home\/wp-json\/wp\/v2\/posts\/41877"}],"collection":[{"href":"http:\/\/www.eloriente.net\/home\/wp-json\/wp\/v2\/posts"}],"about":[{"href":"http:\/\/www.eloriente.net\/home\/wp-json\/wp\/v2\/types\/post"}],"author":[{"embeddable":true,"href":"http:\/\/www.eloriente.net\/home\/wp-json\/wp\/v2\/users\/44"}],"replies":[{"embeddable":true,"href":"http:\/\/www.eloriente.net\/home\/wp-json\/wp\/v2\/comments?post=41877"}],"version-history":[{"count":2,"href":"http:\/\/www.eloriente.net\/home\/wp-json\/wp\/v2\/posts\/41877\/revisions"}],"predecessor-version":[{"id":41883,"href":"http:\/\/www.eloriente.net\/home\/wp-json\/wp\/v2\/posts\/41877\/revisions\/41883"}],"wp:featuredmedia":[{"embeddable":true,"href":"http:\/\/www.eloriente.net\/home\/wp-json\/wp\/v2\/media\/41881"}],"wp:attachment":[{"href":"http:\/\/www.eloriente.net\/home\/wp-json\/wp\/v2\/media?parent=41877"}],"wp:term":[{"taxonomy":"category","embeddable":true,"href":"http:\/\/www.eloriente.net\/home\/wp-json\/wp\/v2\/categories?post=41877"},{"taxonomy":"post_tag","embeddable":true,"href":"http:\/\/www.eloriente.net\/home\/wp-json\/wp\/v2\/tags?post=41877"}],"curies":[{"name":"wp","href":"https:\/\/api.w.org\/{rel}","templated":true}]}}