{"id":42014,"date":"2016-01-30T20:59:15","date_gmt":"2016-01-31T02:59:15","guid":{"rendered":"http:\/\/www.eloriente.net\/home\/?p=42014"},"modified":"2016-01-31T07:35:21","modified_gmt":"2016-01-31T13:35:21","slug":"educacion-las-lenguas-indigenas-de-mexico-en-el-siglo-xix","status":"publish","type":"post","link":"http:\/\/www.eloriente.net\/home\/2016\/01\/30\/educacion-las-lenguas-indigenas-de-mexico-en-el-siglo-xix\/","title":{"rendered":"EDUCACI\u00d3N: Las Lenguas Ind\u00edgenas de M\u00e9xico en el Siglo XIX"},"content":{"rendered":"<p><script src=\"\/\/pagead2.googlesyndication.com\/pagead\/js\/adsbygoogle.js\" async=\"\"><\/script><!-- BANNER ELORIENTE INCRUSTADO NOTAS --> <ins class=\"adsbygoogle\" style=\"display: inline-block; width: 300px; height: 250px;\" data-ad-client=\"ca-pub-1136171134853753\" data-ad-slot=\"7974633627\"><\/ins><script>\/\/ <![CDATA[\n(adsbygoogle = window.adsbygoogle || []).push({});\n\/\/ ]]><\/script><\/p>\n<p>&nbsp;<\/p>\n<p>(www.eloriente.net, M\u00e9xico, a 30 de enero de 2016. Por. Valery L\u00f3pez).- En EL ORIENTE estamos conscientes de que existen t\u00f3picos que requieren m\u00e1s atenci\u00f3n y difusi\u00f3n en el pa\u00eds, tal es el caso de las Lenguas Ind\u00edgenas, un tema de mucha importancia debido a lo trascendente que es para nuestra identidad nacional y para la conservaci\u00f3n de nuestra cultura.<\/p>\n<p>Es por eso que a continuaci\u00f3n compartimos con nuestros lectores el texto titulado \u00abLas Lenguas Ind\u00edgenas de M\u00e9xico en el Siglo XIX\u00bb escrito por el doctor N. Le\u00f3n y publicado por el Instituto Nacional de Antropolog\u00eda e Historia (INAH). En \u00e9l se habla, sobre todo, acerca de la pureza que guardan las lenguas ind\u00edgenas en M\u00e9xico, la influencia del castellano en estas y los estados de la rep\u00fablica que m\u00e1s hablantes viven en sus l\u00edmites.<\/p>\n<p><script src=\"\/\/pagead2.googlesyndication.com\/pagead\/js\/adsbygoogle.js\" async=\"\"><\/script><!-- BANNER PEQUE\u00d1O PARA ENTRENOTAS EL ORIENTE --> <ins class=\"adsbygoogle\" style=\"display: inline-block; width: 468px; height: 60px;\" data-ad-client=\"ca-pub-1136171134853753\" data-ad-slot=\"4953536424\"><\/ins><script>\/\/ <![CDATA[\n(adsbygoogle = window.adsbygoogle || []).push({});\n\/\/ ]]><\/script><\/p>\n<p><iframe loading=\"lazy\" src=\"\/\/e.issuu.com\/embed.html#5422719\/33142070\" width=\"525\" height=\"372\" frameborder=\"0\" allowfullscreen=\"allowfullscreen\"><\/iframe><\/p>\n<p><a href=\"http:\/\/www.eloriente.net\/home\/wp-content\/uploads\/2012\/08\/ind\u00edgenas.jpeg\" rel=\"attachment wp-att-1606\"><img loading=\"lazy\" decoding=\"async\" class=\"alignnone size-medium wp-image-1606\" src=\"http:\/\/www.eloriente.net\/home\/wp-content\/uploads\/2012\/08\/ind\u00edgenas-300x225.jpeg\" alt=\"ind\u00edgenas\" width=\"300\" height=\"225\" srcset=\"http:\/\/www.eloriente.net\/home\/wp-content\/uploads\/2012\/08\/ind\u00edgenas-300x225.jpeg 300w, http:\/\/www.eloriente.net\/home\/wp-content\/uploads\/2012\/08\/ind\u00edgenas-1024x768.jpeg 1024w\" sizes=\"(max-width: 300px) 100vw, 300px\" \/><\/a><\/p>\n<p><strong>OTRAS ENTRADAS<\/strong><\/p>\n<div class=\"featuredpost\">\n<div class=\"flow_hide\">\n<h2 class=\"posttitle bigposttitle\"><a title=\"Enlace Permanente a \u201cHappier\u201d el libro del Dr. Tal Ben-Shahar #ViernesdeFelicidad\" href=\"http:\/\/www.eloriente.net\/home\/2016\/01\/29\/happier-el-libro-del-dr-tal-ben-shahar-viernesdefelicidad-2\/\" rel=\"bookmark\">\u201cHappier\u201d el libro del Dr. Tal Ben-Shahar #ViernesdeFelicidad<\/a><\/h2>\n<\/div>\n<p>eloriente.net Publicada originalmente el 29 de agosto de 2014 El viernes pasado, le dedicamos un art\u00edculo al Dr. Tal Ben-Shahar, seguidor de la psicolog\u00eda positiva, y titular del\u2026<\/p>\n<p class=\"postmeta\"><span class=\"meta_date\">enero 29, 2016<\/span><\/p>\n<div class=\"toolbar-social\"><\/div>\n<\/div>\n<div class=\"featuredpost\">\n<div class=\"flow_hide\">\n<p><a href=\"http:\/\/www.eloriente.net\/home\/2016\/01\/28\/gobierno-si-a-uso-medicinal-de-mariguana-no-a-mando-unico-policial-pan\/\" rel=\"bookmark\"><img decoding=\"async\" class=\"alignleft\" title=\"GOBIERNO: \u201cS\u00ed a uso medicinal de mariguana; No a mando \u00fanico policial\u201d: PAN\" src=\"http:\/\/www.eloriente.net\/home\/wp-content\/themes\/city-desk\/timthumb.php?src=http%3A%2F%2Fwww.eloriente.net%2Fhome%2Fwp-content%2Fuploads%2F2016%2F01%2F%40SENADORES-DEL-PAN.jpg&amp;q=90&amp;w=70&amp;h=45&amp;zc=1\" alt=\"GOBIERNO: \u201cS\u00ed a uso medicinal de mariguana; No a mando \u00fanico policial\u201d: PAN\" \/><\/a><\/p>\n<h2 class=\"posttitle \"><a title=\"Enlace Permanente a GOBIERNO: \u201cS\u00ed a uso medicinal de mariguana; No a mando \u00fanico policial\u201d: PAN\" href=\"http:\/\/www.eloriente.net\/home\/2016\/01\/28\/gobierno-si-a-uso-medicinal-de-mariguana-no-a-mando-unico-policial-pan\/\" rel=\"bookmark\">GOBIERNO: \u201cS\u00ed a uso medicinal de mariguana; No a mando \u00fanico policial\u201d: PAN<\/a><\/h2>\n<\/div>\n<p>eloriente.net\/PAN 28 de enero de 2016 El Sistema Nacional Anticorrupci\u00f3n ser\u00e1 la m\u00e1s alta prioridad y condici\u00f3n indispensable de Acci\u00f3n Nacional para avanzar en el resto de la\u2026<\/p>\n<p class=\"postmeta\"><span class=\"meta_date\">enero 28, 2016<\/span><\/p>\n<div class=\"toolbar-social\"><\/div>\n<\/div>\n<div class=\"featuredpost\">\n<div class=\"flow_hide\">\n<p><a href=\"http:\/\/www.eloriente.net\/home\/2016\/01\/28\/educacion-aulas-felices-es-posible-por-diego-gonzalez-algara\/\" rel=\"bookmark\"><img decoding=\"async\" class=\"alignleft\" title=\"EDUCACI\u00d3N: Aulas felices\u2026 es posible. Por Diego Gonz\u00e1lez Algara\" src=\"http:\/\/www.eloriente.net\/home\/wp-content\/themes\/city-desk\/timthumb.php?src=http%3A%2F%2Fwww.eloriente.net%2Fhome%2Fwp-content%2Fuploads%2F2016%2F01%2FMaestrosJun14.jpg&amp;q=90&amp;w=70&amp;h=45&amp;zc=1\" alt=\"EDUCACI\u00d3N: Aulas felices\u2026 es posible. Por Diego Gonz\u00e1lez Algara\" \/><\/a><\/p>\n<h2 class=\"posttitle \"><a title=\"Enlace Permanente a EDUCACI\u00d3N: Aulas felices\u2026 es posible. Por Diego Gonz\u00e1lez Algara\" href=\"http:\/\/www.eloriente.net\/home\/2016\/01\/28\/educacion-aulas-felices-es-posible-por-diego-gonzalez-algara\/\" rel=\"bookmark\">EDUCACI\u00d3N: Aulas felices\u2026 es posible. Por Diego Gonz\u00e1lez Algara<\/a><\/h2>\n<\/div>\n<p>(www.eloriente.net, M\u00e9xico, a 28 de enero de 2016, por Diego Gonz\u00e1lez Algara).-\u00a0La educaci\u00f3n es el arma m\u00e1s poderosa para poder cambiar el mundo. Nelson Mandela. En esta\u2026<\/p>\n<p class=\"postmeta\"><span class=\"meta_date\">enero 28, 2016<\/span><\/p>\n<\/div>\n\n\t\t\t  <div \n\t\t\t  \tclass = \"fb-comments\" \n\t\t\t  \tdata-href = \"http:\/\/www.eloriente.net\/home\/2016\/01\/30\/educacion-las-lenguas-indigenas-de-mexico-en-el-siglo-xix\/\"\n\t\t\t  \tdata-numposts = \"10\"\n\t\t\t\tdata-colorscheme = \"dark\"\n\t\t\t\tdata-order-by = \"social\"\n\t\t\t\tdata-mobile=true>\n\t\t\t  <\/div>\n\t\t  <style>\n\t\t\t.fb_iframe_widget_fluid_desktop iframe {\n\t\t\t    width: 100% !important;\n\t\t\t}\n\t\t  <\/style>\n\t\t  ","protected":false},"excerpt":{"rendered":"<p>&nbsp; (www.eloriente.net, M\u00e9xico, a 30 de enero de 2016. Por. Valery L\u00f3pez).- En EL ORIENTE estamos conscientes de que existen t\u00f3picos que requieren m\u00e1s atenci\u00f3n y difusi\u00f3n en el pa\u00eds, tal es el caso de las Lenguas Ind\u00edgenas, un tema de mucha importancia debido a lo trascendente que es para nuestra identidad nacional y para [&hellip;]<\/p>\n","protected":false},"author":44,"featured_media":1606,"comment_status":"open","ping_status":"open","sticky":false,"template":"","format":"standard","meta":{"_jetpack_memberships_contains_paid_content":false,"footnotes":""},"categories":[18,32,35,10,24],"tags":[463,181,4489,2531,141],"class_list":["post-42014","post","type-post","status-publish","format-standard","has-post-thumbnail","hentry","category-educacion-y-cultura","category-entradas","category-secciones-oriente","category-lo-mas-reciente","category-mexico-y-el-mundo","tag-estudios","tag-inah","tag-instituto-nacional-de-antropologia-e-historia","tag-lenguas-indigenas","tag-mexico"],"jetpack_featured_media_url":"http:\/\/www.eloriente.net\/home\/wp-content\/uploads\/2012\/08\/ind\u00edgenas.jpeg","jetpack_sharing_enabled":true,"_links":{"self":[{"href":"http:\/\/www.eloriente.net\/home\/wp-json\/wp\/v2\/posts\/42014"}],"collection":[{"href":"http:\/\/www.eloriente.net\/home\/wp-json\/wp\/v2\/posts"}],"about":[{"href":"http:\/\/www.eloriente.net\/home\/wp-json\/wp\/v2\/types\/post"}],"author":[{"embeddable":true,"href":"http:\/\/www.eloriente.net\/home\/wp-json\/wp\/v2\/users\/44"}],"replies":[{"embeddable":true,"href":"http:\/\/www.eloriente.net\/home\/wp-json\/wp\/v2\/comments?post=42014"}],"version-history":[{"count":4,"href":"http:\/\/www.eloriente.net\/home\/wp-json\/wp\/v2\/posts\/42014\/revisions"}],"predecessor-version":[{"id":42018,"href":"http:\/\/www.eloriente.net\/home\/wp-json\/wp\/v2\/posts\/42014\/revisions\/42018"}],"wp:featuredmedia":[{"embeddable":true,"href":"http:\/\/www.eloriente.net\/home\/wp-json\/wp\/v2\/media\/1606"}],"wp:attachment":[{"href":"http:\/\/www.eloriente.net\/home\/wp-json\/wp\/v2\/media?parent=42014"}],"wp:term":[{"taxonomy":"category","embeddable":true,"href":"http:\/\/www.eloriente.net\/home\/wp-json\/wp\/v2\/categories?post=42014"},{"taxonomy":"post_tag","embeddable":true,"href":"http:\/\/www.eloriente.net\/home\/wp-json\/wp\/v2\/tags?post=42014"}],"curies":[{"name":"wp","href":"https:\/\/api.w.org\/{rel}","templated":true}]}}