{"id":42104,"date":"2016-02-05T11:49:08","date_gmt":"2016-02-05T17:49:08","guid":{"rendered":"http:\/\/www.eloriente.net\/home\/?p=42104"},"modified":"2016-02-05T13:36:27","modified_gmt":"2016-02-05T19:36:27","slug":"elecciones-posibles-aspirantes-del-pan-al-municipio-de-oaxaca-de-juarez","status":"publish","type":"post","link":"http:\/\/www.eloriente.net\/home\/2016\/02\/05\/elecciones-posibles-aspirantes-del-pan-al-municipio-de-oaxaca-de-juarez\/","title":{"rendered":"ELECCIONES: Posibles aspirantes del PAN al municipio de Oaxaca de Ju\u00e1rez"},"content":{"rendered":"<p><script src=\"\/\/pagead2.googlesyndication.com\/pagead\/js\/adsbygoogle.js\" async=\"\"><\/script><!-- BANNER ELORIENTE INCRUSTADO NOTAS --> <ins class=\"adsbygoogle\" style=\"display: inline-block; width: 300px; height: 250px;\" data-ad-client=\"ca-pub-1136171134853753\" data-ad-slot=\"7974633627\"><\/ins><script>\/\/ <![CDATA[\n(adsbygoogle = window.adsbygoogle || []).push({});\n\/\/ ]]><\/script><\/p>\n<p>&nbsp;<\/p>\n<p>(www.eloriente.net, M\u00e9xico, a 5 de febrero de 2016. Por Valery L\u00f3pez).- La mayor\u00eda de las miradas de la pol\u00edtica en Oaxaca se encuentran enfocadas en la elecci\u00f3n para gobernador que se llevar\u00e1 a \u00a0cabo este a\u00f1o, sin embargo, no hay que dejar de lado que tambi\u00e9n se renovar\u00e1n autoridad en 153 municipios, entre los cuales se encuentra el de Oaxaca de Ju\u00e1rez.<\/p>\n<p>Actualmente la capital oaxaque\u00f1a se encuentra gobernada por el pri\u00edsta Javier Villaca\u00f1a Jim\u00e9nez, quien terminar\u00e1 funciones en este a\u00f1o. Para las elecciones de julio de 2016, el Partido Revolucionario Institucional buscar\u00e1 mantenerse al frente de Oaxaca de Ju\u00e1rez, mientras que, muy seguramente, la coalici\u00f3n PAN-PRD-PT buscar\u00e1 arrebatarle ese basti\u00f3n a los pri\u00edstas.<\/p>\n<p>Algunos de los nombres que suenen para convertirse en los candidatos que contender\u00e1n por el Municipio de Oaxaca de Ju\u00e1rez, espec\u00edficamente por parte de Acci\u00f3n Nacional, son Alejandra Garc\u00eda Morlan, Leslie Jim\u00e9nez Valencia y Sergio Bello Guerra. De los cuales, a continuaci\u00f3n te presentamos sus perfiles pol\u00edticos.<\/p>\n<p><strong>Dulce Alejandra Garc\u00eda Morlan<\/strong><\/p>\n<p>Estudi\u00f3 la Licenciatura en Comercio Exterior y Aduanas en la Universidad Iberoamericana, y obtuvo el Master en Estudios Pol\u00edticos Aplicados en Madrid, Espa\u00f1a.<\/p>\n<p>Su trayectoria pol\u00edtica comenz\u00f3 en 1998, cuando se convirti\u00f3 en miembro activo del Partido Acci\u00f3n Nacional (PAN), tiempo despu\u00e9s, en el 2011, particip\u00f3 en la Promoci\u00f3n Pol\u00edtica de la Mujer del PAN. Tambi\u00e9n fue miembro del Comit\u00e9 Directivo Estatal de ese partido de 2012 a 2015.<\/p>\n<p>En cuanto a cargos de elecci\u00f3n popular y administraci\u00f3n p\u00fablica, particip\u00f3 como representante del Partido Acci\u00f3n Nacional en casilla durante la jornada electoral en 1998, en 2003 fue participante en las jornadas juveniles organizadas por la Fundaci\u00f3n Robert Schuman y por el Grupo Popular del Parlamento Europeo, durante 2007 fue representante general de casilla por el PAN en el distrito 22, en 2011 foment\u00f3 los talleres de Participaci\u00f3n Pol\u00edtica Ciudadana para la Formaci\u00f3n de Mujeres L\u00edderes del Instituto de la Mujer Oaxaque\u00f1a, de 2011 a 2013 fungi\u00f3 como Regidora de Turismo y Patrimonio Cultural en el H. Ayuntamiento de Oaxaca de Ju\u00e1rez.<\/p>\n<p>Actualmente es diputada por representaci\u00f3n proporcional en la LXII Legislatura del H. Congreso del Estado de Oaxaca.<\/p>\n<p><iframe loading=\"lazy\" src=\"https:\/\/www.youtube.com\/embed\/-rOU6-9jSE0\" width=\"560\" height=\"315\" frameborder=\"0\" allowfullscreen=\"allowfullscreen\"><\/iframe><\/p>\n<p><iframe loading=\"lazy\" src=\"https:\/\/www.youtube.com\/embed\/AFmcUklduz8\" width=\"560\" height=\"315\" frameborder=\"0\" allowfullscreen=\"allowfullscreen\"><\/iframe><\/p>\n<p><strong>Leslie Jim\u00e9nez Valencia<\/strong><\/p>\n<p>Nacida el 22 de marzo de 1974, estudi\u00f3 la Licenciatura en Comercio Internacional en la Universidad Aut\u00f3noma de Guadalajara.<\/p>\n<p>Fue Secretaria de Promoci\u00f3n Pol\u00edtica de la Mujer del CDM del Partido Acci\u00f3n Nacional de 2007 a 2010, desde 2011 funge como Consejera Estatal del PAN en Oaxaca, y de 2012 a la fecha es miembro del Comit\u00e9 Directivo Estatal (CDE) del PAN en Oaxaca.<\/p>\n<p><script src=\"\/\/pagead2.googlesyndication.com\/pagead\/js\/adsbygoogle.js\" async=\"\"><\/script><!-- BANNER PEQUE\u00d1O PARA ENTRENOTAS EL ORIENTE --> <ins class=\"adsbygoogle\" style=\"display: inline-block; width: 468px; height: 60px;\" data-ad-client=\"ca-pub-1136171134853753\" data-ad-slot=\"4953536424\"><\/ins><script>\/\/ <![CDATA[\n(adsbygoogle = window.adsbygoogle || []).push({});\n\/\/ ]]><\/script><\/p>\n<p>En cuanto a\u00a0cargos de elecci\u00f3n popular y administraci\u00f3n p\u00fablica, fue candidata suplente a Presidente Municipal de Oaxaca de Ju\u00e1rez en 2007, de 2009 a 2010 funge como Regidora de Obras P\u00fablicas, Desarrollo Urbano y Tenencia de la Tierra, as\u00ed mismo fue Directora General del ICAPET de 2010 a 2013. Fue diputada local suplente por el Distrito XXII de la LXI Legislatura del H. Congreso del Estado de Oaxaca durante el periodo 2010-2013.<\/p>\n<p>Actualmente es Diputada por el Distrito XXII de la LXII Legislatura del H- Congreso del Estado de Oaxaca.<\/p>\n<p>Es miembro fundador de la asociaci\u00f3n \u00abMujeres generando cambio\u00bb.<\/p>\n<p><iframe loading=\"lazy\" src=\"https:\/\/www.youtube.com\/embed\/RgxLdXUJZ6M\" width=\"560\" height=\"315\" frameborder=\"0\" allowfullscreen=\"allowfullscreen\"><\/iframe><\/p>\n<p><iframe loading=\"lazy\" src=\"https:\/\/www.youtube.com\/embed\/GFeUB35-_3E\" width=\"560\" height=\"315\" frameborder=\"0\" allowfullscreen=\"allowfullscreen\"><\/iframe><\/p>\n<p><strong>Sergio Andr\u00e9s Bello Guerra<\/strong><\/p>\n<p>Estudi\u00f3 la Ingenier\u00eda en Sistemas Computacionales en el Instituto Tecnol\u00f3gico y de Estudios Superiores de Monterrey (ITESM), as\u00ed mismo, curs\u00f3 la Maestr\u00eda en Ciencias Pol\u00edticas en la UPAEP de 2009 a 2013, de 2011 a la fecha se encuentra estudiando el doctorado en Ciencias Pol\u00edticas en la Atlantic International University en lo modalidad de videoconferencia.<\/p>\n<p>Ha sido presidente de asociaciones como el\u00a0Consejo Impulsor de Desarrollo Empresarial de Oaxaca y la\u00a0Asociaci\u00f3n de Hoteles y Moteles de Oaxaca.<\/p>\n<p>En cuanto a su trayectoria pol\u00edtica, en el 2010 tuvo una participaci\u00f3n inicial en la precandidatura para la Presidencia Municipal del Municipio de Oaxaca de Ju\u00e1rez, as\u00ed mismo fue precandidato a la diputaci\u00f3n federal del VIII de Oaxaca en el 2012, particip\u00f3 en la campa\u00f1a de candidato a Senador de Di\u00f3doro Carrasco Altamirano, y en la campa\u00f1a presidencial de Josefina V\u00e1zquez Mota.<\/p>\n<p>Es miembro adherente de Acci\u00f3n Nacional desde diciembre de 2012, y activo desde octubre de 2013.<\/p>\n<p>En el 2010 fue encargado del Comit\u00e9 de Turismo del Gobernador Gabino Cu\u00e9 Monteagudo, durante el proceso de elaboraci\u00f3n del Plan Estatal de Desarrollo.<\/p>\n<p>Actualmente es Diputado por representaci\u00f3n proporcional de la LXII Legislatura del H. Congreso del Estado de Oaxaca.<\/p>\n<p><iframe loading=\"lazy\" src=\"https:\/\/www.youtube.com\/embed\/lTdFwVHsUEo\" width=\"560\" height=\"315\" frameborder=\"0\" allowfullscreen=\"allowfullscreen\"><\/iframe><\/p>\n<p><iframe loading=\"lazy\" src=\"https:\/\/www.youtube.com\/embed\/QVLpxfNqQmg\" width=\"560\" height=\"315\" frameborder=\"0\" allowfullscreen=\"allowfullscreen\"><\/iframe><\/p>\n<p><a href=\"http:\/\/www.eloriente.net\/home\/wp-content\/uploads\/2016\/02\/Candidatos-PAN-Oaxaca-de-Ju.jpg\" rel=\"attachment wp-att-42107\"><img loading=\"lazy\" decoding=\"async\" class=\"alignnone size-medium wp-image-42107\" src=\"http:\/\/www.eloriente.net\/home\/wp-content\/uploads\/2016\/02\/Candidatos-PAN-Oaxaca-de-Ju-300x100.jpg\" alt=\"Candidatos PAN Oaxaca de Ju\" width=\"300\" height=\"100\" srcset=\"http:\/\/www.eloriente.net\/home\/wp-content\/uploads\/2016\/02\/Candidatos-PAN-Oaxaca-de-Ju-300x100.jpg 300w, http:\/\/www.eloriente.net\/home\/wp-content\/uploads\/2016\/02\/Candidatos-PAN-Oaxaca-de-Ju-768x256.jpg 768w, http:\/\/www.eloriente.net\/home\/wp-content\/uploads\/2016\/02\/Candidatos-PAN-Oaxaca-de-Ju-1024x341.jpg 1024w, http:\/\/www.eloriente.net\/home\/wp-content\/uploads\/2016\/02\/Candidatos-PAN-Oaxaca-de-Ju.jpg 1920w\" sizes=\"(max-width: 300px) 100vw, 300px\" \/><\/a><\/p>\n<p><strong>OTRAS ENTRADAS<\/strong><\/p>\n<div class=\"featuredpost\">\n<div class=\"flow_hide\">\n<h2 class=\"posttitle bigposttitle\"><a title=\"Enlace Permanente a M\u00daSICA: Armando Manzanero interpone demanda por uso no autorizado de una de sus canciones\" href=\"http:\/\/www.eloriente.net\/home\/2016\/02\/04\/musica-armando-manzanero-interpone-demanda-por-uso-no-autorizado-de-una-de-sus-canciones\/\" rel=\"bookmark\">M\u00daSICA: Armando Manzanero interpone demanda por uso no autorizado de una de sus canciones<\/a><\/h2>\n<\/div>\n<p>eloriente.net\/Agencia N22 04 de febrero de 2016 El compositor yucateco, Armando Manzanero, demand\u00f3 a la empresa Unilever, due\u00f1a de la marca Knorr, por el uso no autorizado\u2026<\/p>\n<p class=\"postmeta\"><span class=\"meta_date\">febrero 4, 2016<\/span><\/p>\n<div class=\"toolbar-social\"><\/div>\n<\/div>\n<div class=\"featuredpost\">\n<div class=\"flow_hide\">\n<p><a href=\"http:\/\/www.eloriente.net\/home\/2016\/02\/03\/salud-zika-posiblemente-contagioso-por-via-sexual-alerta-mundial-por-rapida-propagacion\/\" rel=\"bookmark\"><img decoding=\"async\" class=\"alignleft\" title=\"SALUD: Zika posiblemente contagioso por v\u00eda sexual; alerta mundial por r\u00e1pida propagaci\u00f3n\" src=\"http:\/\/www.eloriente.net\/home\/wp-content\/themes\/city-desk\/timthumb.php?src=http%3A%2F%2Fwww.eloriente.net%2Fhome%2Fwp-content%2Fuploads%2F2014%2F06%2FMosquito-Por-naturegirl-78.jpg&amp;q=90&amp;w=70&amp;h=45&amp;zc=1\" alt=\"SALUD: Zika posiblemente contagioso por v\u00eda sexual; alerta mundial por r\u00e1pida propagaci\u00f3n\" \/><\/a><\/p>\n<h2 class=\"posttitle \"><a title=\"Enlace Permanente a SALUD: Zika posiblemente contagioso por v\u00eda sexual; alerta mundial por r\u00e1pida propagaci\u00f3n\" href=\"http:\/\/www.eloriente.net\/home\/2016\/02\/03\/salud-zika-posiblemente-contagioso-por-via-sexual-alerta-mundial-por-rapida-propagacion\/\" rel=\"bookmark\">SALUD: Zika posiblemente contagioso por v\u00eda sexual; alerta mundial por r\u00e1pida propagaci\u00f3n<\/a><\/h2>\n<\/div>\n<p>eloriente.net\/Radio Francia Internacional 3 de febrero de 2016 Las autoridades mundiales de Salud llamaron este martes a recaudar fondos y ofrecer planes de emergencia ante el brote\u2026<\/p>\n<p class=\"postmeta\"><span class=\"meta_date\">febrero 3, 2016<\/span><\/p>\n<div class=\"toolbar-social\"><\/div>\n<\/div>\n<div class=\"featuredpost\">\n<div class=\"flow_hide\">\n<p><a href=\"http:\/\/www.eloriente.net\/home\/2016\/02\/01\/cultura-reporte-arete-digital-sobre-gestion-cultural-febrero-2016\/\" rel=\"bookmark\"><img decoding=\"async\" class=\"alignleft\" title=\"CULTURA: Reporte Aret\u00e9 Digital sobre gesti\u00f3n cultural, febrero 2016\" src=\"http:\/\/www.eloriente.net\/home\/wp-content\/themes\/city-desk\/timthumb.php?src=http%3A%2F%2Fwww.eloriente.net%2Fhome%2Fwp-content%2Fuploads%2F2016%2F02%2FGasworks.jpg&amp;q=90&amp;w=70&amp;h=45&amp;zc=1\" alt=\"CULTURA: Reporte Aret\u00e9 Digital sobre gesti\u00f3n cultural, febrero 2016\" \/><\/a><\/p>\n<h2 class=\"posttitle \"><a title=\"Enlace Permanente a CULTURA: Reporte Aret\u00e9 Digital sobre gesti\u00f3n cultural, febrero 2016\" href=\"http:\/\/www.eloriente.net\/home\/2016\/02\/01\/cultura-reporte-arete-digital-sobre-gestion-cultural-febrero-2016\/\" rel=\"bookmark\">CULTURA: Reporte Aret\u00e9 Digital sobre gesti\u00f3n cultural, febrero 2016<\/a><\/h2>\n<\/div>\n<p>(www.eloriente.net, M\u00e9xico, 01 de febrero de 2016).-\u00a0La Asociaci\u00f3n Espa\u00f1ola de Gestores de Patrimonio Cultural (AEGPC) public\u00f3 su reporte mensual sobre gesti\u00f3n cultural, Aret\u00e9 Digital, noviembre 2015, en\u2026<\/p>\n<p class=\"postmeta\"><span class=\"meta_date\">febrero 1, 2016<\/span><\/p>\n<\/div>\n\n\t\t\t  <div \n\t\t\t  \tclass = \"fb-comments\" \n\t\t\t  \tdata-href = \"http:\/\/www.eloriente.net\/home\/2016\/02\/05\/elecciones-posibles-aspirantes-del-pan-al-municipio-de-oaxaca-de-juarez\/\"\n\t\t\t  \tdata-numposts = \"10\"\n\t\t\t\tdata-colorscheme = \"dark\"\n\t\t\t\tdata-order-by = \"social\"\n\t\t\t\tdata-mobile=true>\n\t\t\t  <\/div>\n\t\t  <style>\n\t\t\t.fb_iframe_widget_fluid_desktop iframe {\n\t\t\t    width: 100% !important;\n\t\t\t}\n\t\t  <\/style>\n\t\t  ","protected":false},"excerpt":{"rendered":"<p>&nbsp; (www.eloriente.net, M\u00e9xico, a 5 de febrero de 2016. Por Valery L\u00f3pez).- La mayor\u00eda de las miradas de la pol\u00edtica en Oaxaca se encuentran enfocadas en la elecci\u00f3n para gobernador que se llevar\u00e1 a \u00a0cabo este a\u00f1o, sin embargo, no hay que dejar de lado que tambi\u00e9n se renovar\u00e1n autoridad en 153 municipios, entre los [&hellip;]<\/p>\n","protected":false},"author":44,"featured_media":42107,"comment_status":"open","ping_status":"open","sticky":false,"template":"","format":"standard","meta":{"_jetpack_memberships_contains_paid_content":false,"footnotes":""},"categories":[71,32,63,23,464,21],"tags":[5863,3279,369,1618,73,368,579,3399,1329],"class_list":["post-42104","post","type-post","status-publish","format-standard","has-post-thumbnail","hentry","category-elecciones","category-entradas","category-estados","category-municipios","category-oaxaca-estados","category-politica-y-gobierno","tag-alejandra-garcia-moral","tag-candidatos","tag-elecciones-2","tag-leslie-jimenez","tag-oaxaca","tag-oaxaca-de-juarez","tag-pan","tag-partido-accion-nacional","tag-sergio-bello"],"jetpack_featured_media_url":"http:\/\/www.eloriente.net\/home\/wp-content\/uploads\/2016\/02\/Candidatos-PAN-Oaxaca-de-Ju.jpg","jetpack_sharing_enabled":true,"_links":{"self":[{"href":"http:\/\/www.eloriente.net\/home\/wp-json\/wp\/v2\/posts\/42104"}],"collection":[{"href":"http:\/\/www.eloriente.net\/home\/wp-json\/wp\/v2\/posts"}],"about":[{"href":"http:\/\/www.eloriente.net\/home\/wp-json\/wp\/v2\/types\/post"}],"author":[{"embeddable":true,"href":"http:\/\/www.eloriente.net\/home\/wp-json\/wp\/v2\/users\/44"}],"replies":[{"embeddable":true,"href":"http:\/\/www.eloriente.net\/home\/wp-json\/wp\/v2\/comments?post=42104"}],"version-history":[{"count":5,"href":"http:\/\/www.eloriente.net\/home\/wp-json\/wp\/v2\/posts\/42104\/revisions"}],"predecessor-version":[{"id":42111,"href":"http:\/\/www.eloriente.net\/home\/wp-json\/wp\/v2\/posts\/42104\/revisions\/42111"}],"wp:featuredmedia":[{"embeddable":true,"href":"http:\/\/www.eloriente.net\/home\/wp-json\/wp\/v2\/media\/42107"}],"wp:attachment":[{"href":"http:\/\/www.eloriente.net\/home\/wp-json\/wp\/v2\/media?parent=42104"}],"wp:term":[{"taxonomy":"category","embeddable":true,"href":"http:\/\/www.eloriente.net\/home\/wp-json\/wp\/v2\/categories?post=42104"},{"taxonomy":"post_tag","embeddable":true,"href":"http:\/\/www.eloriente.net\/home\/wp-json\/wp\/v2\/tags?post=42104"}],"curies":[{"name":"wp","href":"https:\/\/api.w.org\/{rel}","templated":true}]}}