{"id":42128,"date":"2016-02-05T20:10:22","date_gmt":"2016-02-06T02:10:22","guid":{"rendered":"http:\/\/www.eloriente.net\/home\/?p=42128"},"modified":"2016-02-05T20:10:22","modified_gmt":"2016-02-06T02:10:22","slug":"elecciones-oaxaca-ya-me-sente-con-ulises-alejandro-murat","status":"publish","type":"post","link":"http:\/\/www.eloriente.net\/home\/2016\/02\/05\/elecciones-oaxaca-ya-me-sente-con-ulises-alejandro-murat\/","title":{"rendered":"ELECCIONES OAXACA: Ya me sent\u00e9 con Ulises: Alejandro Murat"},"content":{"rendered":"<p><script src=\"\/\/pagead2.googlesyndication.com\/pagead\/js\/adsbygoogle.js\" async=\"\"><\/script><!-- BANNER ELORIENTE INCRUSTADO NOTAS --> <ins class=\"adsbygoogle\" style=\"display: inline-block; width: 300px; height: 250px;\" data-ad-client=\"ca-pub-1136171134853753\" data-ad-slot=\"7974633627\"><\/ins><script>\/\/ <![CDATA[\n(adsbygoogle = window.adsbygoogle || []).push({});\n\/\/ ]]><\/script><br \/>\n(www.eloriente.net, M\u00e9xico, 5 de febrero de 2016. Por: Carlos Guti\u00e9rrez).- Cuando hablan de Alejandro Murat, hablan de Jos\u00e9 Murat, \u00bfqu\u00e9 rol va a tener (tu pap\u00e1) en la campa\u00f1a?, pregunt\u00f3 el periodista Joaqu\u00edn L\u00f3pez D\u00f3riga esta tarde al precandidato del PRI al gobierno de Oaxaca.<\/p>\n<p>A esta pregunta, Alejandro Murat respondi\u00f3: \u00abNinguno&#8230; el exgobernador hoy no participa ni nunca ha participado en ninguna responsabilidad p\u00fablica que yo he tenido\u00bb.<\/p>\n<p>El precandidato se\u00f1al\u00f3 que esto lo ha platicado con su padre no de ahora, sino desde hace muchos a\u00f1os. Se\u00f1al\u00f3 que Jos\u00e9 Murat le dio educaci\u00f3n para tomar sus propias decisiones.<\/p>\n<p>&nbsp;<\/p>\n<p>&nbsp;<br \/>\n<script src=\"\/\/pagead2.googlesyndication.com\/pagead\/js\/adsbygoogle.js\" async=\"\"><\/script><br \/>\n <!-- BANNER PEQUE\u00d1O PARA ENTRENOTAS EL ORIENTE --><br \/>\n <ins class=\"adsbygoogle\" style=\"display: inline-block; width: 468px; height: 60px;\" data-ad-client=\"ca-pub-1136171134853753\" data-ad-slot=\"4953536424\"><\/ins><br \/>\n<script>\/\/ <![CDATA[\n(adsbygoogle = window.adsbygoogle || []).push({});\n\/\/ ]]><\/script><br \/>\nAlejandro Murat revel\u00f3 que hace dos semanas ya &#8216;se sent\u00f3&#8217; con el tambi\u00e9n exgobernador Ulises Ruiz, as\u00ed como con el resto de quienes fueran aspirantes a la titularidad del Ejecutivo estatal.<\/p>\n<p>L\u00f3pez D\u00f3riga toc\u00f3 tambi\u00e9n el tema del origen de Murat, quien no naci\u00f3 en Oaxaca ni ha vivido en el estado. A ello, respondi\u00f3: \u00abLa Constituci\u00f3n dice que los hijos de oaxaque\u00f1os son oaxaque\u00f1os\u00bb.<\/p>\n<p>Sobre la secci\u00f3n 22, Murat cit\u00f3 a Vasconcelos: \u00abTodos los maestros son los grandes ap\u00f3stoles del conocimiento. Todos los maestros son un gran activo he ir\u00e9 a buscarlos\u00bb.<\/p>\n<p><a href=\"http:\/\/www.radioformula.com.mx\/reproductor.asp\" target=\"_blank\">Aqu\u00ed<\/a> puedes consultar el audio completo.<\/p>\n<p><a href=\"http:\/\/www.eloriente.net\/home\/wp-content\/uploads\/2016\/01\/MURAT-PRI-OFICIAL.jpg\" rel=\"attachment wp-att-42012\"><img loading=\"lazy\" decoding=\"async\" class=\"alignnone  wp-image-42012\" src=\"http:\/\/www.eloriente.net\/home\/wp-content\/uploads\/2016\/01\/MURAT-PRI-OFICIAL.jpg\" alt=\"MURAT PRI OFICIAL\" width=\"439\" height=\"306\" srcset=\"http:\/\/www.eloriente.net\/home\/wp-content\/uploads\/2016\/01\/MURAT-PRI-OFICIAL.jpg 730w, http:\/\/www.eloriente.net\/home\/wp-content\/uploads\/2016\/01\/MURAT-PRI-OFICIAL-300x210.jpg 300w\" sizes=\"(max-width: 439px) 100vw, 439px\" \/><\/a><\/p>\n<p>OTRAS ENTRADAS:<\/p>\n<div class=\"featuredpost\">\n<div class=\"flow_hide\">\n<h2 class=\"posttitle bigposttitle\"><a title=\"Enlace Permanente a TURISMO: Playa de Huatulco busca distinci\u00f3n Blue Flag\" href=\"http:\/\/www.eloriente.net\/home\/2016\/02\/05\/turismo-playa-de-huatulco-busca-distincion-blue-flag\/\" rel=\"bookmark\">TURISMO: Playa de Huatulco busca distinci\u00f3n Blue Flag<\/a><\/h2>\n<\/div>\n<p>eloriente.net\/Pronatura 5 de febrero de 2016 Para este a\u00f1o, 27 playas y una marina de M\u00e9xico ser\u00e1n\u00a0candidatas a la distinci\u00f3n Blue Flag, programa que las reconoce como\u2026<\/p>\n<p class=\"postmeta\"><span class=\"meta_date\">febrero 5, 2016<\/span><span class=\"meta_comment\"><a href=\"http:\/\/www.eloriente.net\/home\/2016\/02\/05\/turismo-playa-de-huatulco-busca-distincion-blue-flag\/#respond\">Sin Comentarios<\/a><\/span><span class=\"meta_permalink\"><a title=\"Enlace Permanente a TURISMO: Playa de Huatulco busca distinci\u00f3n Blue Flag\" href=\"http:\/\/www.eloriente.net\/home\/2016\/02\/05\/turismo-playa-de-huatulco-busca-distincion-blue-flag\/\" rel=\"bookmark\">Leer Mas<\/a><\/span><span class=\"meta_edit\"><a class=\"post-edit-link\" href=\"http:\/\/www.eloriente.net\/home\/wp-admin\/post.php?post=42118&amp;action=edit\">#<\/a><\/span><\/p>\n<div class=\"toolbar-social\">\n<div class=\"social-widget\">\n<div id=\"sharing-widget\"><a class=\"button icon-share\">Compartir<\/a><span class=\"share-count\">0<\/span><\/div>\n<\/div>\n<\/div>\n<\/div>\n<div class=\"featuredpost\">\n<div class=\"flow_hide\"><a href=\"http:\/\/www.eloriente.net\/home\/2016\/02\/04\/musica-armando-manzanero-interpone-demanda-por-uso-no-autorizado-de-una-de-sus-canciones\/\" rel=\"bookmark\"><img decoding=\"async\" class=\"alignleft\" title=\"M\u00daSICA: Armando Manzanero interpone demanda por uso no autorizado de una de sus canciones\" src=\"http:\/\/www.eloriente.net\/home\/wp-content\/themes\/city-desk\/timthumb.php?src=http%3A%2F%2Fwww.eloriente.net%2Fhome%2Fwp-content%2Fuploads%2F2016%2F02%2FArmando-Manzanero-por-%40Angel-Abril-Ruiz-.jpg&amp;q=90&amp;w=70&amp;h=45&amp;zc=1\" alt=\"M\u00daSICA: Armando Manzanero interpone demanda por uso no autorizado de una de sus canciones\" \/><\/a><\/p>\n<h2 class=\"posttitle \"><a title=\"Enlace Permanente a M\u00daSICA: Armando Manzanero interpone demanda por uso no autorizado de una de sus canciones\" href=\"http:\/\/www.eloriente.net\/home\/2016\/02\/04\/musica-armando-manzanero-interpone-demanda-por-uso-no-autorizado-de-una-de-sus-canciones\/\" rel=\"bookmark\">M\u00daSICA: Armando Manzanero interpone demanda por uso no autorizado de una de sus canciones<\/a><\/h2>\n<\/div>\n<p>eloriente.net\/Agencia N22 04 de febrero de 2016 El compositor yucateco, Armando Manzanero, demand\u00f3 a la empresa Unilever, due\u00f1a de la marca Knorr, por el uso no autorizado\u2026<\/p>\n<p class=\"postmeta\"><span class=\"meta_date\">febrero 4, 2016<\/span><span class=\"meta_comment\"><a href=\"http:\/\/www.eloriente.net\/home\/2016\/02\/04\/musica-armando-manzanero-interpone-demanda-por-uso-no-autorizado-de-una-de-sus-canciones\/#respond\">Sin Comentarios<\/a><\/span><span class=\"meta_permalink\"><a title=\"Enlace Permanente a M\u00daSICA: Armando Manzanero interpone demanda por uso no autorizado de una de sus canciones\" href=\"http:\/\/www.eloriente.net\/home\/2016\/02\/04\/musica-armando-manzanero-interpone-demanda-por-uso-no-autorizado-de-una-de-sus-canciones\/\" rel=\"bookmark\">Leer Mas<\/a><\/span><span class=\"meta_edit\"><a class=\"post-edit-link\" href=\"http:\/\/www.eloriente.net\/home\/wp-admin\/post.php?post=42082&amp;action=edit\">#<\/a><\/span><\/p>\n<div class=\"toolbar-social\">\n<div class=\"social-widget\">\n<div id=\"sharing-widget\"><a class=\"button icon-share\">Compartir<\/a><span class=\"share-count\">1<\/span><\/div>\n<\/div>\n<\/div>\n<\/div>\n\n\t\t\t  <div \n\t\t\t  \tclass = \"fb-comments\" \n\t\t\t  \tdata-href = \"http:\/\/www.eloriente.net\/home\/2016\/02\/05\/elecciones-oaxaca-ya-me-sente-con-ulises-alejandro-murat\/\"\n\t\t\t  \tdata-numposts = \"10\"\n\t\t\t\tdata-colorscheme = \"dark\"\n\t\t\t\tdata-order-by = \"social\"\n\t\t\t\tdata-mobile=true>\n\t\t\t  <\/div>\n\t\t  <style>\n\t\t\t.fb_iframe_widget_fluid_desktop iframe {\n\t\t\t    width: 100% !important;\n\t\t\t}\n\t\t  <\/style>\n\t\t  ","protected":false},"excerpt":{"rendered":"<p>(www.eloriente.net, M\u00e9xico, 5 de febrero de 2016. Por: Carlos Guti\u00e9rrez).- Cuando hablan de Alejandro Murat, hablan de Jos\u00e9 Murat, \u00bfqu\u00e9 rol va a tener (tu pap\u00e1) en la campa\u00f1a?, pregunt\u00f3 el periodista Joaqu\u00edn L\u00f3pez D\u00f3riga esta tarde al precandidato del PRI al gobierno de Oaxaca. A esta pregunta, Alejandro Murat respondi\u00f3: \u00abNinguno&#8230; el exgobernador hoy [&hellip;]<\/p>\n","protected":false},"author":1,"featured_media":42012,"comment_status":"open","ping_status":"open","sticky":false,"template":"","format":"standard","meta":{"_jetpack_memberships_contains_paid_content":false,"footnotes":""},"categories":[29,49,71,32,63,464,21],"tags":[5873,5874,5872],"class_list":["post-42128","post","type-post","status-publish","format-standard","has-post-thumbnail","hentry","category-capital","category-destacadas","category-elecciones","category-entradas","category-estados","category-oaxaca-estados","category-politica-y-gobierno","tag-alejandro-murat-hinojosa","tag-joaquin-lopez-doriga-y-murat","tag-ulises-ruiz-y-jose-murat"],"jetpack_featured_media_url":"http:\/\/www.eloriente.net\/home\/wp-content\/uploads\/2016\/01\/MURAT-PRI-OFICIAL.jpg","jetpack_sharing_enabled":true,"_links":{"self":[{"href":"http:\/\/www.eloriente.net\/home\/wp-json\/wp\/v2\/posts\/42128"}],"collection":[{"href":"http:\/\/www.eloriente.net\/home\/wp-json\/wp\/v2\/posts"}],"about":[{"href":"http:\/\/www.eloriente.net\/home\/wp-json\/wp\/v2\/types\/post"}],"author":[{"embeddable":true,"href":"http:\/\/www.eloriente.net\/home\/wp-json\/wp\/v2\/users\/1"}],"replies":[{"embeddable":true,"href":"http:\/\/www.eloriente.net\/home\/wp-json\/wp\/v2\/comments?post=42128"}],"version-history":[{"count":1,"href":"http:\/\/www.eloriente.net\/home\/wp-json\/wp\/v2\/posts\/42128\/revisions"}],"predecessor-version":[{"id":42129,"href":"http:\/\/www.eloriente.net\/home\/wp-json\/wp\/v2\/posts\/42128\/revisions\/42129"}],"wp:featuredmedia":[{"embeddable":true,"href":"http:\/\/www.eloriente.net\/home\/wp-json\/wp\/v2\/media\/42012"}],"wp:attachment":[{"href":"http:\/\/www.eloriente.net\/home\/wp-json\/wp\/v2\/media?parent=42128"}],"wp:term":[{"taxonomy":"category","embeddable":true,"href":"http:\/\/www.eloriente.net\/home\/wp-json\/wp\/v2\/categories?post=42128"},{"taxonomy":"post_tag","embeddable":true,"href":"http:\/\/www.eloriente.net\/home\/wp-json\/wp\/v2\/tags?post=42128"}],"curies":[{"name":"wp","href":"https:\/\/api.w.org\/{rel}","templated":true}]}}