{"id":42131,"date":"2016-02-06T10:58:15","date_gmt":"2016-02-06T16:58:15","guid":{"rendered":"http:\/\/www.eloriente.net\/home\/?p=42131"},"modified":"2016-02-06T11:51:04","modified_gmt":"2016-02-06T17:51:04","slug":"cultura-a-100-de-la-partida-de-ruben-dario","status":"publish","type":"post","link":"http:\/\/www.eloriente.net\/home\/2016\/02\/06\/cultura-a-100-de-la-partida-de-ruben-dario\/","title":{"rendered":"CULTURA: A 100 a\u00f1os de la partida de Rub\u00e9n Dar\u00edo"},"content":{"rendered":"<p><script src=\"\/\/pagead2.googlesyndication.com\/pagead\/js\/adsbygoogle.js\" async=\"\"><\/script><!-- BANNER ELORIENTE INCRUSTADO NOTAS --> <ins class=\"adsbygoogle\" style=\"display: inline-block; width: 300px; height: 250px;\" data-ad-client=\"ca-pub-1136171134853753\" data-ad-slot=\"7974633627\"><\/ins><script>\/\/ <![CDATA[\n(adsbygoogle = window.adsbygoogle || []).push({});\n\/\/ ]]><\/script><\/p>\n<p>&nbsp;<\/p>\n<p>eloriente.net\/<a href=\"http:\/\/www.rae.es\/noticias\/el-siglo-de-ruben-dario-1867-1916-0\" target=\"_blank\">RAE<\/a><\/p>\n<p>6 de febrero de 2016<\/p>\n<p>Hoy, 6 de febrero, coincidiendo con el \u00a0aniversario del fallecimiento del poeta nicarag\u00fcense\u00a0<a href=\"http:\/\/www.cervantesvirtual.com\/bib\/bib_autor\/dario\/\">Rub\u00e9n Dar\u00edo<\/a>\u00a0(1867-1916), en distintas ciudades de Am\u00e9rica y Espa\u00f1a, entre ellas Madrid, se ha rendido homenaje al autor de\u00a0<em>Cantos de vida y esperanza.\u00a0<\/em><\/p>\n<p>El\u00a0<a href=\"http:\/\/www.bcn.gob.ni\/divulgacion_prensa\/notas\/2016\/noticia.php?nota=101\" target=\"_blank\">Banco Central de Nicaragua<\/a>, con este mismo motivo,\u00a0pondr\u00e1 en circulaci\u00f3n\u00a0el lunes, 8 de febrero, una serie de monedas conmemorativas de la efem\u00e9ride. El presidente de Nicaragua, Daniel Ortega, presidi\u00f3 ayer la conmemoraci\u00f3n celebrada\u00a0en la ciudad de Le\u00f3n, en donde est\u00e1 enterrado Rub\u00e9n Dar\u00edo, seg\u00fan informa en su edici\u00f3n de hoy\u00a0<em><a href=\"http:\/\/www.elnuevodiario.com.ni\/nacionales\/384247-ortega-conmemora-leon-centenario-muerte-ruben-dari\/\" target=\"_blank\">El Nuevo Diario<\/a>.\u00a0<\/em>Numerosos peri\u00f3dicos americanos y espa\u00f1oles insertan hoy suplementos especiales dedicados al escritor nicarag\u00fcense. El director de la Real Academia Espa\u00f1ola (RAE), Dar\u00edo Villanueva, ha publicado sendos art\u00edculos, en\u00a0<a href=\"http:\/\/tinyurl.com\/hfpg6w6\" target=\"_blank\"><em>ABC\u00a0<\/em><\/a>y\u00a0<a href=\"http:\/\/tinyurl.com\/jff7xtw\" target=\"_blank\"><em>El Pa\u00eds<\/em><\/a>.<\/p>\n<p><iframe loading=\"lazy\" src=\"https:\/\/www.youtube.com\/embed\/X7Lw6Bg3GA8\" width=\"560\" height=\"315\" frameborder=\"0\" allowfullscreen=\"allowfullscreen\"><\/iframe><\/p>\n<p><strong>OFRENDA FLORAL EN MADRID<\/strong><\/p>\n<p><script src=\"\/\/pagead2.googlesyndication.com\/pagead\/js\/adsbygoogle.js\" async=\"\"><\/script><!-- BANNER PEQUE\u00d1O PARA ENTRENOTAS EL ORIENTE --> <ins class=\"adsbygoogle\" style=\"display: inline-block; width: 468px; height: 60px;\" data-ad-client=\"ca-pub-1136171134853753\" data-ad-slot=\"4953536424\"><\/ins><script>\/\/ <![CDATA[\n(adsbygoogle = window.adsbygoogle || []).push({});\n\/\/ ]]><\/script><\/p>\n<p>En Madrid, en donde residi\u00f3 temporalmente el escritor a comienzos del siglo\u00a0xx,\u00a0se ha realizado hoy s\u00e1bado una ofrenda floral ante el busto erigido en su memoria\u00a0en\u00a0la glorieta Rub\u00e9n Dar\u00edo de la capital de Espa\u00f1a.\u00a0Al acto, organizado por la embajada de la Rep\u00fablica de Nicaragua y en el que ha participado el ministro espa\u00f1ol de Educaci\u00f3n, \u00cd\u00f1igo M\u00e9ndez de Vigo, ha asistido, en nombre\u00a0de la RAE, su vicedirector,\u00a0<a href=\"http:\/\/www.rae.es\/academicos\/jose-manuel-sanchez-ron\">Jos\u00e9 Manuel S\u00e1nchez Ron<\/a>. Tambi\u00e9n han estado, entre otros representantes institucionales,\u00a0la encargada de negocios de la Embajada de Nicaragua, Natalia Quant, y la directora de la Biblioteca Nacional de Espa\u00f1a, Ana Santos.<\/p>\n<p>Como colof\u00f3n, Claudia Mendieta ley\u00f3 versos de Rub\u00e9n Dar\u00edo, entre ellos el poema <a href=\"http:\/\/http\/\/goo.gl\/o2aCPd\" target=\"_blank\"><em>Lo fatal<\/em><\/a>.<\/p>\n<p>Esta ofrenda se suma\u00a0a los actos registrados hoy en todo el mundo y\u00a0al reciente\u00a0<a href=\"http:\/\/www.rae.es\/noticias\/homenaje-internacional-ruben-dario-1867-1916-en-nicaragua-0\">homenaje internacional celebrado en Nicaragua<\/a>, en el que particip\u00f3 el director de la RAE y presidente de la Asociaci\u00f3n de Academias de la Lengua Espa\u00f1ola (ASALE),\u00a0<a href=\"http:\/\/www.rae.es\/academicos\/dario-villanueva-prieto-0\">Dar\u00edo Villanueva<\/a>,\u00a0junto con miembros\u00a0de ocho corporaciones americanas.<\/p>\n<p><iframe loading=\"lazy\" src=\"https:\/\/www.youtube.com\/embed\/9pVSDB0RnII\" width=\"560\" height=\"315\" frameborder=\"0\" allowfullscreen=\"allowfullscreen\"><\/iframe><\/p>\n<p><strong>OBRA CONMEMORATIVA<\/strong><\/p>\n<p>En el\u00a0<a href=\"http:\/\/www.rae.es\/la-institucion\/politica-panhispanica\/vii-cile-puerto-rico-2016\">VII Congreso Internacional de la Lengua Espa\u00f1ola<\/a>, que se celebrar\u00e1 en Puerto Rico del 15 al 18 de marzo de 2016, la ASALE y la RAE presentar\u00e1n su tradicional edici\u00f3n conmemorativa, que en esta ocasi\u00f3n, con motivo del primer centenario de la muerte del autor, ser\u00e1 una obra selecta compuesta por\u00a0tres significativos t\u00edtulos\u00a0de Rub\u00e9n Dar\u00edo\u00a0(1867-1916):\u00a0<em>Prosas profanas<\/em>,\u00a0<em>Cantos de vida y esperanza<\/em>\u00a0y\u00a0<em>Tierras solares<\/em>.<\/p>\n<p><iframe loading=\"lazy\" src=\"https:\/\/www.youtube.com\/embed\/99zrxuNr0Kc\" width=\"560\" height=\"315\" frameborder=\"0\" allowfullscreen=\"allowfullscreen\"><\/iframe><\/p>\n<p><iframe loading=\"lazy\" src=\"https:\/\/www.youtube.com\/embed\/iXgUqwntuAA\" width=\"560\" height=\"315\" frameborder=\"0\" allowfullscreen=\"allowfullscreen\"><\/iframe><\/p>\n<p><a href=\"http:\/\/www.eloriente.net\/home\/wp-content\/uploads\/2016\/02\/Rube\u0301n-Dari\u0301o-por-@Jorge-Meji\u0301a-Peralta.jpg\" rel=\"attachment wp-att-42132\"><img loading=\"lazy\" decoding=\"async\" class=\"alignnone size-medium wp-image-42132\" src=\"http:\/\/www.eloriente.net\/home\/wp-content\/uploads\/2016\/02\/Rube\u0301n-Dari\u0301o-por-@Jorge-Meji\u0301a-Peralta-300x200.jpg\" alt=\"Rube\u0301n Dari\u0301o por @Jorge Meji\u0301a Peralta\" width=\"300\" height=\"200\" srcset=\"http:\/\/www.eloriente.net\/home\/wp-content\/uploads\/2016\/02\/Rube\u0301n-Dari\u0301o-por-@Jorge-Meji\u0301a-Peralta-300x200.jpg 300w, http:\/\/www.eloriente.net\/home\/wp-content\/uploads\/2016\/02\/Rube\u0301n-Dari\u0301o-por-@Jorge-Meji\u0301a-Peralta-768x512.jpg 768w, http:\/\/www.eloriente.net\/home\/wp-content\/uploads\/2016\/02\/Rube\u0301n-Dari\u0301o-por-@Jorge-Meji\u0301a-Peralta.jpg 1024w\" sizes=\"(max-width: 300px) 100vw, 300px\" \/><\/a><\/p>\n<p><strong>OTRAS ENTRADAS<\/strong><\/p>\n<div class=\"featuredpost\">\n<div class=\"flow_hide\">\n<h2 class=\"posttitle bigposttitle\"><a title=\"Enlace Permanente a TURISMO: Playa de Huatulco busca distinci\u00f3n Blue Flag\" href=\"http:\/\/www.eloriente.net\/home\/2016\/02\/05\/turismo-playa-de-huatulco-busca-distincion-blue-flag\/\" rel=\"bookmark\">TURISMO: Playa de Huatulco busca distinci\u00f3n Blue Flag<\/a><\/h2>\n<\/div>\n<p>eloriente.net\/Pronatura 5 de febrero de 2016 Para este a\u00f1o, 27 playas y una marina de M\u00e9xico ser\u00e1n\u00a0candidatas a la distinci\u00f3n Blue Flag, programa que las reconoce como\u2026<\/p>\n<p class=\"postmeta\"><span class=\"meta_date\">febrero 5, 2016<\/span><\/p>\n<div class=\"toolbar-social\"><\/div>\n<\/div>\n<div class=\"featuredpost\">\n<div class=\"flow_hide\">\n<p><a href=\"http:\/\/www.eloriente.net\/home\/2016\/02\/04\/musica-armando-manzanero-interpone-demanda-por-uso-no-autorizado-de-una-de-sus-canciones\/\" rel=\"bookmark\"><img decoding=\"async\" class=\"alignleft\" title=\"M\u00daSICA: Armando Manzanero interpone demanda por uso no autorizado de una de sus canciones\" src=\"http:\/\/www.eloriente.net\/home\/wp-content\/themes\/city-desk\/timthumb.php?src=http%3A%2F%2Fwww.eloriente.net%2Fhome%2Fwp-content%2Fuploads%2F2016%2F02%2FArmando-Manzanero-por-%40Angel-Abril-Ruiz-.jpg&amp;q=90&amp;w=70&amp;h=45&amp;zc=1\" alt=\"M\u00daSICA: Armando Manzanero interpone demanda por uso no autorizado de una de sus canciones\" \/><\/a><\/p>\n<h2 class=\"posttitle \"><a title=\"Enlace Permanente a M\u00daSICA: Armando Manzanero interpone demanda por uso no autorizado de una de sus canciones\" href=\"http:\/\/www.eloriente.net\/home\/2016\/02\/04\/musica-armando-manzanero-interpone-demanda-por-uso-no-autorizado-de-una-de-sus-canciones\/\" rel=\"bookmark\">M\u00daSICA: Armando Manzanero interpone demanda por uso no autorizado de una de sus canciones<\/a><\/h2>\n<\/div>\n<p>eloriente.net\/Agencia N22 04 de febrero de 2016 El compositor yucateco, Armando Manzanero, demand\u00f3 a la empresa Unilever, due\u00f1a de la marca Knorr, por el uso no autorizado\u2026<\/p>\n<p class=\"postmeta\"><span class=\"meta_date\">febrero 4, 2016<\/span><\/p>\n<div class=\"toolbar-social\"><\/div>\n<\/div>\n<div class=\"featuredpost\">\n<div class=\"flow_hide\">\n<p><a href=\"http:\/\/www.eloriente.net\/home\/2016\/02\/03\/salud-zika-posiblemente-contagioso-por-via-sexual-alerta-mundial-por-rapida-propagacion\/\" rel=\"bookmark\"><img decoding=\"async\" class=\"alignleft\" title=\"SALUD: Zika posiblemente contagioso por v\u00eda sexual; alerta mundial por r\u00e1pida propagaci\u00f3n\" src=\"http:\/\/www.eloriente.net\/home\/wp-content\/themes\/city-desk\/timthumb.php?src=http%3A%2F%2Fwww.eloriente.net%2Fhome%2Fwp-content%2Fuploads%2F2014%2F06%2FMosquito-Por-naturegirl-78.jpg&amp;q=90&amp;w=70&amp;h=45&amp;zc=1\" alt=\"SALUD: Zika posiblemente contagioso por v\u00eda sexual; alerta mundial por r\u00e1pida propagaci\u00f3n\" \/><\/a><\/p>\n<h2 class=\"posttitle \"><a title=\"Enlace Permanente a SALUD: Zika posiblemente contagioso por v\u00eda sexual; alerta mundial por r\u00e1pida propagaci\u00f3n\" href=\"http:\/\/www.eloriente.net\/home\/2016\/02\/03\/salud-zika-posiblemente-contagioso-por-via-sexual-alerta-mundial-por-rapida-propagacion\/\" rel=\"bookmark\">SALUD: Zika posiblemente contagioso por v\u00eda sexual; alerta mundial por r\u00e1pida propagaci\u00f3n<\/a><\/h2>\n<\/div>\n<p>eloriente.net\/Radio Francia Internacional 3 de febrero de 2016 Las autoridades mundiales de Salud llamaron este martes a recaudar fondos y ofrecer planes de emergencia ante el brote\u2026<\/p>\n<p class=\"postmeta\"><span class=\"meta_date\">febrero 3, 2016<\/span><\/p>\n<\/div>\n\n\t\t\t  <div \n\t\t\t  \tclass = \"fb-comments\" \n\t\t\t  \tdata-href = \"http:\/\/www.eloriente.net\/home\/2016\/02\/06\/cultura-a-100-de-la-partida-de-ruben-dario\/\"\n\t\t\t  \tdata-numposts = \"10\"\n\t\t\t\tdata-colorscheme = \"dark\"\n\t\t\t\tdata-order-by = \"social\"\n\t\t\t\tdata-mobile=true>\n\t\t\t  <\/div>\n\t\t  <style>\n\t\t\t.fb_iframe_widget_fluid_desktop iframe {\n\t\t\t    width: 100% !important;\n\t\t\t}\n\t\t  <\/style>\n\t\t  ","protected":false},"excerpt":{"rendered":"<p>&nbsp; eloriente.net\/RAE 6 de febrero de 2016 Hoy, 6 de febrero, coincidiendo con el \u00a0aniversario del fallecimiento del poeta nicarag\u00fcense\u00a0Rub\u00e9n Dar\u00edo\u00a0(1867-1916), en distintas ciudades de Am\u00e9rica y Espa\u00f1a, entre ellas Madrid, se ha rendido homenaje al autor de\u00a0Cantos de vida y esperanza.\u00a0 El\u00a0Banco Central de Nicaragua, con este mismo motivo,\u00a0pondr\u00e1 en circulaci\u00f3n\u00a0el lunes, 8 de [&hellip;]<\/p>\n","protected":false},"author":44,"featured_media":42132,"comment_status":"open","ping_status":"open","sticky":false,"template":"","format":"standard","meta":{"_jetpack_memberships_contains_paid_content":false,"footnotes":""},"categories":[18,32,3153,10],"tags":[5876,4247,1448,2101,297,1150,5877,5875],"class_list":["post-42131","post","type-post","status-publish","format-standard","has-post-thumbnail","hentry","category-educacion-y-cultura","category-entradas","category-letras-educacion-y-cultura","category-lo-mas-reciente","tag-100-anos","tag-fallecimiento","tag-homenaje","tag-letras","tag-literatura","tag-poemas","tag-real-academia-de-la-lengua","tag-ruben-dario"],"jetpack_featured_media_url":"http:\/\/www.eloriente.net\/home\/wp-content\/uploads\/2016\/02\/Rube\u0301n-Dari\u0301o-por-@Jorge-Meji\u0301a-Peralta.jpg","jetpack_sharing_enabled":true,"_links":{"self":[{"href":"http:\/\/www.eloriente.net\/home\/wp-json\/wp\/v2\/posts\/42131"}],"collection":[{"href":"http:\/\/www.eloriente.net\/home\/wp-json\/wp\/v2\/posts"}],"about":[{"href":"http:\/\/www.eloriente.net\/home\/wp-json\/wp\/v2\/types\/post"}],"author":[{"embeddable":true,"href":"http:\/\/www.eloriente.net\/home\/wp-json\/wp\/v2\/users\/44"}],"replies":[{"embeddable":true,"href":"http:\/\/www.eloriente.net\/home\/wp-json\/wp\/v2\/comments?post=42131"}],"version-history":[{"count":2,"href":"http:\/\/www.eloriente.net\/home\/wp-json\/wp\/v2\/posts\/42131\/revisions"}],"predecessor-version":[{"id":42134,"href":"http:\/\/www.eloriente.net\/home\/wp-json\/wp\/v2\/posts\/42131\/revisions\/42134"}],"wp:featuredmedia":[{"embeddable":true,"href":"http:\/\/www.eloriente.net\/home\/wp-json\/wp\/v2\/media\/42132"}],"wp:attachment":[{"href":"http:\/\/www.eloriente.net\/home\/wp-json\/wp\/v2\/media?parent=42131"}],"wp:term":[{"taxonomy":"category","embeddable":true,"href":"http:\/\/www.eloriente.net\/home\/wp-json\/wp\/v2\/categories?post=42131"},{"taxonomy":"post_tag","embeddable":true,"href":"http:\/\/www.eloriente.net\/home\/wp-json\/wp\/v2\/tags?post=42131"}],"curies":[{"name":"wp","href":"https:\/\/api.w.org\/{rel}","templated":true}]}}