{"id":42175,"date":"2016-02-11T01:01:32","date_gmt":"2016-02-11T07:01:32","guid":{"rendered":"http:\/\/www.eloriente.net\/home\/?p=42175"},"modified":"2016-02-11T15:36:10","modified_gmt":"2016-02-11T21:36:10","slug":"oaxaca-5-actividades-culturales-en-oaxaca-que-no-te-puedes-perder-12-13-de-febrero","status":"publish","type":"post","link":"http:\/\/www.eloriente.net\/home\/2016\/02\/11\/oaxaca-5-actividades-culturales-en-oaxaca-que-no-te-puedes-perder-12-13-de-febrero\/","title":{"rendered":"OAXACA: 5 actividades culturales en Oaxaca que no te puedes perder (12\u201313 de febrero)"},"content":{"rendered":"<p><script src=\"\/\/pagead2.googlesyndication.com\/pagead\/js\/adsbygoogle.js\" async=\"\"><\/script><!-- BANNER ELORIENTE INCRUSTADO NOTAS --> <ins class=\"adsbygoogle\" style=\"display: inline-block; width: 300px; height: 250px;\" data-ad-client=\"ca-pub-1136171134853753\" data-ad-slot=\"7974633627\"><\/ins><script>\/\/ <![CDATA[\n(adsbygoogle = window.adsbygoogle || []).push({});\n\/\/ ]]><\/script><\/p>\n<p>&nbsp;<\/p>\n<p>(www.eloriente.net, M\u00e9xico, a 4 de febrero de 2016).-\u00a0Como cada semana, en EL ORIENTE nos dimos a la tarea de buscar las actividades culturales que no puedes dejar pasar en los pr\u00f3ximos d\u00edas. En esta ocasi\u00f3n te presentamos\u00a0conferencias, conciertos y talleres.<\/p>\n<p><strong><a href=\"https:\/\/www.facebook.com\/Casa-de-Cultura-Oaxaque%C3%B1a-157082727689541\/?fref=ts\" target=\"_blank\">1.- VIII FESTIVAL DE RONDALLAS \u00abVOCES Y CUERDAS DEL CORAZ\u00d3N\u00bb<\/a><\/strong><\/p>\n<p>La Casa de la Cultura Oaxaque\u00f1a invita al la octava edici\u00f3n del Festival de Rondallas que lleva por t\u00edtulo \u00abVoces y Cuerdas del Coraz\u00f3n\u00bb, el cual se estar\u00e1 llevando a cabo del 8 al 12 de febrero del presente a\u00f1o.<\/p>\n<p>El viernes 12 de febrero tendr\u00e1 lugar la \u00faltima presentaci\u00f3n de este importante evento, en la cual podremos escuchar a la rondalla \u00abSombras Rom\u00e1nticas de la C.R.O.C.\u00bb, dirigida por el Mtro. Omar Varo Rojas.<\/p>\n<p>La presentaci\u00f3n ser\u00e1 a las 19 horas en la Casa de la Cultura Oaxaque\u00f1a.<\/p>\n<p><iframe loading=\"lazy\" src=\"https:\/\/www.youtube.com\/embed\/dmReBfaBoq8\" width=\"560\" height=\"315\" frameborder=\"0\" allowfullscreen=\"allowfullscreen\"><\/iframe><\/p>\n<p><strong><a href=\"https:\/\/www.facebook.com\/events\/1687239404822364\/\" target=\"_blank\">2.- CONCEPTOS Y VARIABLES EN ARQUITECTURA, EL INICIO DE UN PROYECTO<\/a><\/strong><\/p>\n<p>La Casa de la Ciudad invita a todos los interesados a su conferencia titulada \u00abConceptos y Variables en Arquitectura, el inicio de un proyecto: Parque Ciudad de las Canteras y Archivo Hist\u00f3rico de Oaxaca\u00bb, la cual ser\u00e1 impartida por Ignacio Mendaro Corsini, el pr\u00f3ximo viernes 12 de febrero a las 19:00 horas en las instalaciones de Casa de la Ciudad.<\/p>\n<p>Ignacio Mendaro Corsis es\u00a0Arquitecto por la Escuela Superior de Arquitectura de Madrid.\u00a0Colabor\u00f3 con Julio Cano Lasso cerca de una d\u00e9cada, y durante 18 a\u00f1os fue profesor de proyectos en la Escuela de Arquitectura de Madrid.\u00a0En la actualidad, gestiona el proyecto del Archivo Hist\u00f3rico del Estado de Oaxaca y la remodelaci\u00f3n del Parque de las Canteras.<\/p>\n<p><a href=\"http:\/\/www.eloriente.net\/home\/wp-content\/uploads\/2016\/02\/Conceptos-y-variables-en-arquitectura-e1454977294746.png\" rel=\"attachment wp-att-42182\"><img loading=\"lazy\" decoding=\"async\" class=\"alignnone size-full wp-image-42182\" src=\"http:\/\/www.eloriente.net\/home\/wp-content\/uploads\/2016\/02\/Conceptos-y-variables-en-arquitectura-e1454977294746.png\" alt=\"Conceptos y variables en arquitectura\" width=\"750\" height=\"263\" \/><\/a><\/p>\n<p><script src=\"\/\/pagead2.googlesyndication.com\/pagead\/js\/adsbygoogle.js\" async=\"\"><\/script><!-- BANNER PEQUE\u00d1O PARA ENTRENOTAS EL ORIENTE --> <ins class=\"adsbygoogle\" style=\"display: inline-block; width: 468px; height: 60px;\" data-ad-client=\"ca-pub-1136171134853753\" data-ad-slot=\"4953536424\"><\/ins><script>\/\/ <![CDATA[\n(adsbygoogle = window.adsbygoogle || []).push({});\n\/\/ ]]><\/script><\/p>\n<p><strong>3.- CONCIERTO DE LA ORQUESTA SINF\u00d3NICA DE OAXACA<\/strong><\/p>\n<p>Continuando con sus conciertos de la temporada 2016, la Orquesta Sinf\u00f3nica de Oaxaca se presentar\u00e1 nuevamente este viernes 12 de febrero \u00a0a las 20:00 horas en el Teatro Macedonio Alcal\u00e1.<\/p>\n<p>En este segundo se concierto interpretar\u00e1n las obras \u00abQuetzaltepec\u00bb de V\u00edctor Rasgado, Concierto para piano y orquesta No. 2, Op. 18, en do menor de Sergei Rachmaninov y\u00a0Sinfon\u00eda No. 3, H186, \u201cLit\u00fargica\u201d de Arthur Honegger.<\/p>\n<p>Es importante recordar que la entrada a los conciertos de la Sinf\u00f3nica de Oaxaca es totalmente gratuita. Los boletos se entregan en las taquillas del teatro a partir del d\u00eda jueves.<\/p>\n<p><a href=\"http:\/\/www.eloriente.net\/home\/wp-content\/uploads\/2016\/02\/Orquesta-Sinfo\u0301nica-de-Oaxaca-por-@Teatro-Macedonio-Alcala\u0301-e1454977417312.jpg\" rel=\"attachment wp-att-42184\"><img loading=\"lazy\" decoding=\"async\" class=\"alignnone size-full wp-image-42184\" src=\"http:\/\/www.eloriente.net\/home\/wp-content\/uploads\/2016\/02\/Orquesta-Sinfo\u0301nica-de-Oaxaca-por-@Teatro-Macedonio-Alcala\u0301-e1454977417312.jpg\" alt=\"Orquesta Sinfo\u0301nica de Oaxaca por @Teatro Macedonio Alcala\u0301\" width=\"750\" height=\"563\" \/><\/a><\/p>\n<p><strong><a href=\"https:\/\/www.facebook.com\/events\/125766494475138\/\" target=\"_blank\">4.-PAISAJE SONORO<\/a><\/strong><\/p>\n<p>La Casa de la Ciudad y la Fonoteca Juan Le\u00f3n Mariscal invitan a formar parte de una experiencia \u00fanica en el primer C\u00edrculo de Escucha de la Casa de la Ciudad.<\/p>\n<p>En este evento se realizar\u00e1 un recorrido sonoro y visual por el paisaje urbano de Oaxaca, el cual se llevar\u00e1 a cabo el pr\u00f3ximo viernes 12 de febrero a las 17:00 horas en las instalaciones de Casa de la Ciudad ubicadas en Porfirio D\u00edaz 115, Colonia Centro, Oaxaca. El cupo es limitado por se requiere de un registro previo, el cual se puede realizar en\u00a0asadelaciudad@fahho.mx o en el tel\u00e9fono 51-6-96-47.<\/p>\n<p><a href=\"http:\/\/www.eloriente.net\/home\/wp-content\/uploads\/2016\/02\/Paisaje-Sonoro-e1454977587814.jpg\" rel=\"attachment wp-att-42185\"><img loading=\"lazy\" decoding=\"async\" class=\"alignnone size-full wp-image-42185\" src=\"http:\/\/www.eloriente.net\/home\/wp-content\/uploads\/2016\/02\/Paisaje-Sonoro-e1454977587814.jpg\" alt=\"Paisaje Sonoro\" width=\"750\" height=\"1156\" \/><\/a><\/p>\n<p><strong><a href=\"https:\/\/www.facebook.com\/groups\/1379593062353802\/\" target=\"_blank\">5.- TALLER \u00abESTABLECIMIENTO DE HUERTOS ORG\u00c1NICOS\u00bb<\/a><\/strong><\/p>\n<p>Reg\u00e1lame tu planta Oaxaca invita cordialmente a todas las personas interesadas a su taller titulado \u00abEstablecimiento de Huertos Org\u00e1nicos\u00bb, el cual se llevar\u00e1 a acabo el pr\u00f3ximo s\u00e1bado 13 de febrero a las 10:00 horas en la 3\u00aa Cerrada de Alcal\u00e1 #116 en la Colonia D\u00edaz Ordaz.<\/p>\n<p>En este taller se el ense\u00f1ar\u00e1 a los participantes lo necesario para que puedan crear su propio huerto org\u00e1nico, el cual les ayudar\u00e1 a producir sus propios alimentos.<\/p>\n<figure id=\"attachment_42183\" aria-describedby=\"caption-attachment-42183\" style=\"width: 750px\" class=\"wp-caption alignnone\"><a href=\"http:\/\/www.eloriente.net\/home\/wp-content\/uploads\/2016\/02\/Medio-de-naranja-por-@Flore-Nava-e1454977618725.jpg\" rel=\"attachment wp-att-42183\"><img loading=\"lazy\" decoding=\"async\" class=\"size-full wp-image-42183\" src=\"http:\/\/www.eloriente.net\/home\/wp-content\/uploads\/2016\/02\/Medio-de-naranja-por-@Flore-Nava-e1454977618725.jpg\" alt=\"Foto: Flore Nava\" width=\"750\" height=\"563\" \/><\/a><figcaption id=\"caption-attachment-42183\" class=\"wp-caption-text\">Foto: Flore Nava<\/figcaption><\/figure>\n<p><strong>OTRAS ENTRADAS<\/strong><\/p>\n<div class=\"featuredpost\">\n<div class=\"flow_hide\">\n<h2 class=\"posttitle bigposttitle\"><a title=\"Enlace Permanente a CINE: Nuestros temas favoritos ganadores del Oscar a Mejor Canci\u00f3n. Por V\u00edctor L\u00f3pez Velarde\" href=\"http:\/\/www.eloriente.net\/home\/2016\/02\/11\/cine-nuestros-temas-favoritos-ganadores-del-oscar-a-mejor-cancion-por-victor-lopez-velarde\/\" rel=\"bookmark\">CINE: Nuestros temas favoritos ganadores del Oscar a Mejor Canci\u00f3n. Por V\u00edctor L\u00f3pez Velarde<\/a><\/h2>\n<\/div>\n<p>(www.eloriente.net, M\u00e9xico, a 11 de febrero de 2015, por V\u00edctor L\u00f3pez Velarde).-A veces una canci\u00f3n puede convertirse en lo m\u00e1s memorable de una pel\u00edcula,\u00a0volvi\u00e9ndose incluso m\u00e1s relevante\u2026<\/p>\n<p class=\"postmeta\"><span class=\"meta_date\">febrero 11, 2016<\/span><\/p>\n<div class=\"toolbar-social\"><\/div>\n<\/div>\n<div class=\"featuredpost\">\n<div class=\"flow_hide\"><a href=\"http:\/\/www.eloriente.net\/home\/2016\/02\/10\/cultura-presenta-doris-arellano-exposicion-tradiciones-mias\/\" rel=\"bookmark\"><img decoding=\"async\" class=\"alignleft\" title=\"CULTURA: Presenta Doris Arellano exposici\u00f3n \u201cTradiciones M\u00edas\u201d\" src=\"http:\/\/www.eloriente.net\/home\/wp-content\/themes\/city-desk\/timthumb.php?src=http%3A%2F%2Fwww.eloriente.net%2Fhome%2Fwp-content%2Fuploads%2F2016%2F02%2FExposicio%CC%81n-Doris-Arellano-4.jpeg&amp;q=90&amp;w=70&amp;h=45&amp;zc=1\" alt=\"CULTURA: Presenta Doris Arellano exposici\u00f3n \u201cTradiciones M\u00edas\u201d\" \/><\/a><\/p>\n<h2 class=\"posttitle \"><a title=\"Enlace Permanente a CULTURA: Presenta Doris Arellano exposici\u00f3n \u201cTradiciones M\u00edas\u201d\" href=\"http:\/\/www.eloriente.net\/home\/2016\/02\/10\/cultura-presenta-doris-arellano-exposicion-tradiciones-mias\/\" rel=\"bookmark\">CULTURA: Presenta Doris Arellano exposici\u00f3n \u201cTradiciones M\u00edas\u201d<\/a><\/h2>\n<\/div>\n<p>eloriente.net\/Comunicado 10 de febrero de 2016 \u201cOaxaca es un lugar \u00fanico en el mundo, porque tiene un talento art\u00edstico\u00a0extraordinario\u201d, se\u00f1al\u00f3 Karina Bar\u00f3n Ortiz, diputada federal: \u201cPor eso\u2026<\/p>\n<p class=\"postmeta\"><span class=\"meta_date\">febrero 10, 2016<\/span><\/p>\n<div class=\"toolbar-social\"><\/div>\n<\/div>\n<div class=\"featuredpost\">\n<div class=\"flow_hide\"><a href=\"http:\/\/www.eloriente.net\/home\/2016\/02\/08\/gobierno-asume-ex-rector-narro-la-secretaria-de-salud\/\" rel=\"bookmark\"><img decoding=\"async\" class=\"alignleft\" title=\"GOBIERNO: Asume ex rector Narro la Secretar\u00eda de Salud\" src=\"http:\/\/www.eloriente.net\/home\/wp-content\/themes\/city-desk\/timthumb.php?src=http%3A%2F%2Fwww.eloriente.net%2Fhome%2Fwp-content%2Fuploads%2F2016%2F02%2FJOSE-NARRO.jpg&amp;q=90&amp;w=70&amp;h=45&amp;zc=1\" alt=\"GOBIERNO: Asume ex rector Narro la Secretar\u00eda de Salud\" \/><\/a><\/p>\n<h2 class=\"posttitle \"><a title=\"Enlace Permanente a GOBIERNO: Asume ex rector Narro la Secretar\u00eda de Salud\" href=\"http:\/\/www.eloriente.net\/home\/2016\/02\/08\/gobierno-asume-ex-rector-narro-la-secretaria-de-salud\/\" rel=\"bookmark\">GOBIERNO: Asume ex rector Narro la Secretar\u00eda de Salud<\/a><\/h2>\n<\/div>\n<p>eloriente.net\/Presidencia de la Rep\u00fablica 8 de febrero de 2016 El Presidente de la Rep\u00fablica, Enrique Pe\u00f1a Nieto, anunci\u00f3 este d\u00eda cambios en su equipo de trabajo, tanto en\u2026<\/p>\n<p class=\"postmeta\"><span class=\"meta_date\">febrero 8, 2016<\/span><\/p>\n<\/div>\n\n\t\t\t  <div \n\t\t\t  \tclass = \"fb-comments\" \n\t\t\t  \tdata-href = \"http:\/\/www.eloriente.net\/home\/2016\/02\/11\/oaxaca-5-actividades-culturales-en-oaxaca-que-no-te-puedes-perder-12-13-de-febrero\/\"\n\t\t\t  \tdata-numposts = \"10\"\n\t\t\t\tdata-colorscheme = \"dark\"\n\t\t\t\tdata-order-by = \"social\"\n\t\t\t\tdata-mobile=true>\n\t\t\t  <\/div>\n\t\t  <style>\n\t\t\t.fb_iframe_widget_fluid_desktop iframe {\n\t\t\t    width: 100% !important;\n\t\t\t}\n\t\t  <\/style>\n\t\t  ","protected":false},"excerpt":{"rendered":"<p>&nbsp; (www.eloriente.net, M\u00e9xico, a 4 de febrero de 2016).-\u00a0Como cada semana, en EL ORIENTE nos dimos a la tarea de buscar las actividades culturales que no puedes dejar pasar en los pr\u00f3ximos d\u00edas. En esta ocasi\u00f3n te presentamos\u00a0conferencias, conciertos y talleres. 1.- VIII FESTIVAL DE RONDALLAS \u00abVOCES Y CUERDAS DEL CORAZ\u00d3N\u00bb La Casa de la [&hellip;]<\/p>\n","protected":false},"author":44,"featured_media":41876,"comment_status":"open","ping_status":"open","sticky":false,"template":"","format":"standard","meta":{"_jetpack_memberships_contains_paid_content":false,"footnotes":""},"categories":[8,18,32,63,464],"tags":[5616,241,1381,5913,73,2664,5914],"class_list":["post-42175","post","type-post","status-publish","format-standard","has-post-thumbnail","hentry","category-agenda","category-educacion-y-cultura","category-entradas","category-estados","category-oaxaca-estados","tag-5-actividades-culturales","tag-cultura","tag-fahho","tag-huertos","tag-oaxaca","tag-orquesta-sinfonica-de-oaxaca","tag-paisaje-sonoro"],"jetpack_featured_media_url":"http:\/\/www.eloriente.net\/home\/wp-content\/uploads\/2016\/01\/Foto-alcala\u0301-ppor-@Ambulante-e1453497974829.jpg","jetpack_sharing_enabled":true,"_links":{"self":[{"href":"http:\/\/www.eloriente.net\/home\/wp-json\/wp\/v2\/posts\/42175"}],"collection":[{"href":"http:\/\/www.eloriente.net\/home\/wp-json\/wp\/v2\/posts"}],"about":[{"href":"http:\/\/www.eloriente.net\/home\/wp-json\/wp\/v2\/types\/post"}],"author":[{"embeddable":true,"href":"http:\/\/www.eloriente.net\/home\/wp-json\/wp\/v2\/users\/44"}],"replies":[{"embeddable":true,"href":"http:\/\/www.eloriente.net\/home\/wp-json\/wp\/v2\/comments?post=42175"}],"version-history":[{"count":2,"href":"http:\/\/www.eloriente.net\/home\/wp-json\/wp\/v2\/posts\/42175\/revisions"}],"predecessor-version":[{"id":42208,"href":"http:\/\/www.eloriente.net\/home\/wp-json\/wp\/v2\/posts\/42175\/revisions\/42208"}],"wp:featuredmedia":[{"embeddable":true,"href":"http:\/\/www.eloriente.net\/home\/wp-json\/wp\/v2\/media\/41876"}],"wp:attachment":[{"href":"http:\/\/www.eloriente.net\/home\/wp-json\/wp\/v2\/media?parent=42175"}],"wp:term":[{"taxonomy":"category","embeddable":true,"href":"http:\/\/www.eloriente.net\/home\/wp-json\/wp\/v2\/categories?post=42175"},{"taxonomy":"post_tag","embeddable":true,"href":"http:\/\/www.eloriente.net\/home\/wp-json\/wp\/v2\/tags?post=42175"}],"curies":[{"name":"wp","href":"https:\/\/api.w.org\/{rel}","templated":true}]}}