{"id":42205,"date":"2016-02-10T13:50:49","date_gmt":"2016-02-10T19:50:49","guid":{"rendered":"http:\/\/www.eloriente.net\/home\/?p=42205"},"modified":"2016-02-14T08:04:27","modified_gmt":"2016-02-14T14:04:27","slug":"opinion-mis-dos-centavos-por-argel-rios","status":"publish","type":"post","link":"http:\/\/www.eloriente.net\/home\/2016\/02\/10\/opinion-mis-dos-centavos-por-argel-rios\/","title":{"rendered":"OPINI\u00d3N: Mis dos centavos. Por Argel R\u00edos"},"content":{"rendered":"<p><script src=\"\/\/pagead2.googlesyndication.com\/pagead\/js\/adsbygoogle.js\" async=\"\"><\/script><!-- BANNER ELORIENTE INCRUSTADO NOTAS --> <ins class=\"adsbygoogle\" style=\"display: inline-block; width: 300px; height: 250px;\" data-ad-client=\"ca-pub-1136171134853753\" data-ad-slot=\"7974633627\"><\/ins><script>\/\/ <![CDATA[\n(adsbygoogle = window.adsbygoogle || []).push({});\n\/\/ ]]><\/script><\/p>\n<p>&nbsp;<\/p>\n<p>(www.eloriente.net, M\u00e9xico, a 10 de febrero de 2016, <a href=\"http:\/\/argelrios.com\/\" target=\"_blank\">por Argel R\u00edos<\/a>\/@argelrios).-<\/p>\n<p align=\"right\">Aplauso, es. El eco de una tonter\u00eda. (Ambrose Bierce)<\/p>\n<p><strong>La Foto \u00a1Carajo!<\/strong><\/p>\n<p>Dice David Ross, \u201cun buen retrato gana la confianza y logra el convencimiento del electorado que lo manifestar\u00e1 a trav\u00e9s del voto\u201d (\u2026) que \u201csi no se tiene el conocimiento de lo que significa un buen retrato de candidato y se emplea una mala fotograf\u00eda, se puede perjudicar radical e inmediatamente una campa\u00f1a\u201d.<\/p>\n<p>Escrito lo anterior, les platico, que en el estado sure\u00f1o de Oaxaca, habr\u00e1 elecciones el primer domingo del mes de junio. Se elegir\u00e1n a Gobernador (la misoginia pol\u00edtica local no permitir\u00e1 agregarle una letra a dicho cargo); se renovar\u00e1 el Poder Legislativo, es decir se elegir\u00e1n a 42 diputadas y diputados, 25 por el principio de Mayor\u00eda Relativa (tienen que hacer campa\u00f1a) y 17 por el principio de Representaci\u00f3n Proporcional (estos son los \u201cmilitantes distinguidos\u201d de los partidos pol\u00edticos) y se elegir\u00e1n a los Concejales de los 153 Ayuntamientos regidos por los sistemas de partidos pol\u00edticos, es decir el Presidente o Presidenta Municipal y su Cabildo; tambi\u00e9n habr\u00e1 elecciones en 417 municipios regidos por su Sistema Normativo Interno.<\/p>\n<p>Con ese entramado nos encontramos por doquier, un sin fin de im\u00e1genes de quienes buscan desesperadamente el voto.<\/p>\n<p>Si bien, dice Gisela Rubach, que las elecciones se ganan caminando y tocando puertas, una parte importante de las campa\u00f1as son esas im\u00e1genes que buscan proyectar, desde los estrategas m\u00e1s especializados hasta aquellos que han aprendido en el ejercicio pol\u00edtico, no por ello menos experimentados \u2014quiz\u00e1 podr\u00edamos calificarlos como menos acad\u00e9micos\u2014.<\/p>\n<p>En la capital del mezcal, podemos contar ocho aspirantes a las candidaturas por los partidos pol\u00edticos y coaliciones y tres que buscan ser independientes. De este universo, sobresalen tres en la esfera p\u00fablica, un \u201ccandidato de unidad\u201d y otros dos m\u00e1s que se encuentran enviando sendos comunicados a diario sobre lo desbordado (sic) de su militancia, el resto busca c\u00f3modamente negociar y uno m\u00e1s que ha sido ungido por su l\u00edder pol\u00edtico-espiritual.<\/p>\n<p><script src=\"\/\/pagead2.googlesyndication.com\/pagead\/js\/adsbygoogle.js\" async=\"\"><\/script><!-- BANNER PEQUE\u00d1O PARA ENTRENOTAS EL ORIENTE --> <ins class=\"adsbygoogle\" style=\"display: inline-block; width: 468px; height: 60px;\" data-ad-client=\"ca-pub-1136171134853753\" data-ad-slot=\"4953536424\"><\/ins><script>\/\/ <![CDATA[\n(adsbygoogle = window.adsbygoogle || []).push({});\n\/\/ ]]><\/script><\/p>\n<p>Hablemos pues de la fotograf\u00eda.<\/p>\n<p>Los tiempos de pre campa\u00f1as y campa\u00f1as, son relativamente cortos y durante la conformaci\u00f3n del equipo del o la candidata, el menosprecio ha sido \u2013por los siglos de los siglos\u2014hacia su equipo de comunicaci\u00f3n o contacto con la prensa y con la persona que se har\u00e1 cargo de su imagen.<\/p>\n<p>En los famosos cuartos de guerra o \u201cwar room\u201d, se puede contar con el mejor estratega que las revistas especializadas en comunicaci\u00f3n pol\u00edtica promocionen, pero dejan la imagen en manos del sobrino \u201cque sube fotos muy chidas al Instagram\u201d o de aquel que durante los XV a\u00f1os de su hija, \u201cle salieron muy chingonas\u201d.<\/p>\n<p>En Oaxaca, la clase pol\u00edtica no invierte en su comunicaci\u00f3n pol\u00edtica \u2013menci\u00f3n aparte deber\u00e1 tener aquel que (igual y sin pretenderlo) explota el neuromarketing a\u00f1adiendo ni\u00f1as y ni\u00f1os en sus fotos de campa\u00f1a&#8211;.<\/p>\n<p>Pero en general, en Oaxaca, las y los pol\u00edticos, le pide a \u201csus amigos de la prensa\u201d que lo apoyen, que cumplan con un \u201cuso y costumbre de la clase pol\u00edtica\u201d, el hacer tequio, sin importar que para tomar una foto o hacer una nota se requiera leer mil libros, visitar galer\u00edas, acudir a conferencias, simposios, congresos; que para ello se requiera desvelo y poca, muy poca vida social.<\/p>\n<p>En las im\u00e1genes que nos invaden a diario, se reconoce a quienes tienen ese bagaje necesario para hacer fotograf\u00eda pol\u00edtica y no una que otra foto de revista, donde el ego de las y los pol\u00edticos impida ver que la representaci\u00f3n gr\u00e1fica no es de un l\u00edder, sino de un timorato con aspiraciones \u2013parafraseando al buen Carlitos\u2014peque\u00f1o-burguesas.<\/p>\n<p>Hay que ver bien pues, esas fotos pol\u00edticas, esas im\u00e1genes que ah\u00ed estar\u00e1n, en las campa\u00f1as. Y las candidatas y candidatos deber\u00e1n considerar qu\u00e9 buscan proyectar, liderazgo o la batalla por el hueso, pero esto apenas inicia y habr\u00e1 mucho de qu\u00e9 hablar, que se\u00f1alar o quiz\u00e1 reconocer, lo cierto es que Oaxaca es un ente que debe analizarse muy por aparte del total de los 13 Estados del pa\u00eds que tendr\u00e1n elecciones durante este 2016.<\/p>\n<p><a href=\"http:\/\/www.eloriente.net\/home\/wp-content\/uploads\/2016\/02\/kenedy-time-getty-image-via-argel-rios-1.jpg\" rel=\"attachment wp-att-42241\"><img loading=\"lazy\" decoding=\"async\" class=\"alignnone wp-image-42241\" src=\"http:\/\/www.eloriente.net\/home\/wp-content\/uploads\/2016\/02\/kenedy-time-getty-image-via-argel-rios-1.jpg\" alt=\"kenedy-time getty image via argel rios\" width=\"517\" height=\"356\" srcset=\"http:\/\/www.eloriente.net\/home\/wp-content\/uploads\/2016\/02\/kenedy-time-getty-image-via-argel-rios-1.jpg 705w, http:\/\/www.eloriente.net\/home\/wp-content\/uploads\/2016\/02\/kenedy-time-getty-image-via-argel-rios-1-300x206.jpg 300w\" sizes=\"(max-width: 517px) 100vw, 517px\" \/><\/a><\/p>\n<p>Imagen v\u00eda:\u00a0http:\/\/argelrios.com\/2016\/02\/10\/la-foto-carajo\/<\/p>\n<div class=\"yj6qo ajU\">\u00a0<strong>OTRAS ENTRADAS<\/strong><\/div>\n<div class=\"yj6qo ajU\">\n<div class=\"featuredpost\">\n<div class=\"flow_hide\">\n<h2 class=\"posttitle bigposttitle\"><a title=\"Enlace Permanente a Historia detr\u00e1s de la canci\u00f3n \u201cTears in heaven\u201d de Eric Clapton, por El Oriente\" href=\"http:\/\/www.eloriente.net\/home\/2016\/02\/12\/historia-detras-de-la-cancion-tears-in-heaven-de-eric-clapton-por-el-oriente\/\" rel=\"bookmark\">Historia detr\u00e1s de la canci\u00f3n \u201cTears in heaven\u201d de Eric Clapton, por El Oriente<\/a><\/h2>\n<\/div>\n<p>eloriente.net 12 de febrero de 2016* Considerado uno de los mejores guitarristas de rock, as\u00ed como un gran cantante y compositor, Eric Clapton compuso en 1992 la canci\u00f3n\u2026<\/p>\n<p class=\"postmeta\"><span class=\"meta_date\">febrero 12, 2016<\/span><\/p>\n<div class=\"toolbar-social\">\n<div class=\"social-widget\">\n<div id=\"sharing-widget\"><a class=\"button icon-share\">Compartir<\/a><span class=\"share-count\">5<\/span><\/div>\n<\/div>\n<\/div>\n<\/div>\n<div class=\"featuredpost\">\n<div class=\"flow_hide\">\n<p><a href=\"http:\/\/www.eloriente.net\/home\/2016\/02\/12\/las-candidaturas-independientes-oportunidad-ciudadana-o-mas-de-lo-mismo-por-rodrigo-pacheco-peral\/\" rel=\"bookmark\"><img decoding=\"async\" class=\"alignleft\" title=\"Candidaturas independientes: \u00bfOportunidad ciudadana o \u201cM\u00e1s de lo mismo\u201d?, por Rodrigo Pacheco\" src=\"http:\/\/www.eloriente.net\/home\/wp-content\/themes\/city-desk\/timthumb.php?src=http%3A%2F%2Fwww.eloriente.net%2Fhome%2Fwp-content%2Fuploads%2F2016%2F02%2FYes-Future-por-%40Intencio%CC%81n-Poli%CC%81tica.jpg&amp;q=90&amp;w=70&amp;h=45&amp;zc=1\" alt=\"Candidaturas independientes: \u00bfOportunidad ciudadana o \u201cM\u00e1s de lo mismo\u201d?, por Rodrigo Pacheco\" \/><\/a><\/p>\n<h2 class=\"posttitle \"><a title=\"Enlace Permanente a Candidaturas independientes: \u00bfOportunidad ciudadana o \u201cM\u00e1s de lo mismo\u201d?, por Rodrigo Pacheco\" href=\"http:\/\/www.eloriente.net\/home\/2016\/02\/12\/las-candidaturas-independientes-oportunidad-ciudadana-o-mas-de-lo-mismo-por-rodrigo-pacheco-peral\/\" rel=\"bookmark\">Candidaturas independientes: \u00bfOportunidad ciudadana o \u201cM\u00e1s de lo mismo\u201d?, por Rodrigo Pacheco<\/a><\/h2>\n<\/div>\n<p>eloriente.net\/Intenci\u00f3n Pol\u00edtica 12 de febrero de 2016 Por Rodrigo Pacheco Peral \u201cSer independiente es cosa de una peque\u00f1a minor\u00eda, es el privilegio de los fuertes\u201d -Friedrich Nietzsche Es\u2026<\/p>\n<p class=\"postmeta\"><span class=\"meta_date\">febrero 12, 2016<\/span><\/p>\n<div class=\"toolbar-social\">\n<div class=\"social-widget\">\n<div id=\"sharing-widget\"><a class=\"button icon-share\">Compartir<\/a><span class=\"share-count\">0<\/span><\/div>\n<\/div>\n<\/div>\n<\/div>\n<\/div>\n\n\t\t\t  <div \n\t\t\t  \tclass = \"fb-comments\" \n\t\t\t  \tdata-href = \"http:\/\/www.eloriente.net\/home\/2016\/02\/10\/opinion-mis-dos-centavos-por-argel-rios\/\"\n\t\t\t  \tdata-numposts = \"10\"\n\t\t\t\tdata-colorscheme = \"dark\"\n\t\t\t\tdata-order-by = \"social\"\n\t\t\t\tdata-mobile=true>\n\t\t\t  <\/div>\n\t\t  <style>\n\t\t\t.fb_iframe_widget_fluid_desktop iframe {\n\t\t\t    width: 100% !important;\n\t\t\t}\n\t\t  <\/style>\n\t\t  ","protected":false},"excerpt":{"rendered":"<p>&nbsp; (www.eloriente.net, M\u00e9xico, a 10 de febrero de 2016, por Argel R\u00edos\/@argelrios).- Aplauso, es. El eco de una tonter\u00eda. (Ambrose Bierce) La Foto \u00a1Carajo! Dice David Ross, \u201cun buen retrato gana la confianza y logra el convencimiento del electorado que lo manifestar\u00e1 a trav\u00e9s del voto\u201d (\u2026) que \u201csi no se tiene el conocimiento de [&hellip;]<\/p>\n","protected":false},"author":44,"featured_media":42241,"comment_status":"open","ping_status":"open","sticky":false,"template":"","format":"standard","meta":{"_jetpack_memberships_contains_paid_content":false,"footnotes":""},"categories":[3722,624,49,32,63,464,21],"tags":[3587,739,3279,879,369,123,3498,73,197,231],"class_list":["post-42205","post","type-post","status-publish","format-standard","has-post-thumbnail","hentry","category-argel-rios-articulistas","category-articulistas","category-destacadas","category-entradas","category-estados","category-oaxaca-estados","category-politica-y-gobierno","tag-argel-rios","tag-campanas","tag-candidatos","tag-columna","tag-elecciones-2","tag-fotografia","tag-gobernador","tag-oaxaca","tag-opinion","tag-politica"],"jetpack_featured_media_url":"http:\/\/www.eloriente.net\/home\/wp-content\/uploads\/2016\/02\/kenedy-time-getty-image-via-argel-rios-1.jpg","jetpack_sharing_enabled":true,"_links":{"self":[{"href":"http:\/\/www.eloriente.net\/home\/wp-json\/wp\/v2\/posts\/42205"}],"collection":[{"href":"http:\/\/www.eloriente.net\/home\/wp-json\/wp\/v2\/posts"}],"about":[{"href":"http:\/\/www.eloriente.net\/home\/wp-json\/wp\/v2\/types\/post"}],"author":[{"embeddable":true,"href":"http:\/\/www.eloriente.net\/home\/wp-json\/wp\/v2\/users\/44"}],"replies":[{"embeddable":true,"href":"http:\/\/www.eloriente.net\/home\/wp-json\/wp\/v2\/comments?post=42205"}],"version-history":[{"count":5,"href":"http:\/\/www.eloriente.net\/home\/wp-json\/wp\/v2\/posts\/42205\/revisions"}],"predecessor-version":[{"id":42244,"href":"http:\/\/www.eloriente.net\/home\/wp-json\/wp\/v2\/posts\/42205\/revisions\/42244"}],"wp:featuredmedia":[{"embeddable":true,"href":"http:\/\/www.eloriente.net\/home\/wp-json\/wp\/v2\/media\/42241"}],"wp:attachment":[{"href":"http:\/\/www.eloriente.net\/home\/wp-json\/wp\/v2\/media?parent=42205"}],"wp:term":[{"taxonomy":"category","embeddable":true,"href":"http:\/\/www.eloriente.net\/home\/wp-json\/wp\/v2\/categories?post=42205"},{"taxonomy":"post_tag","embeddable":true,"href":"http:\/\/www.eloriente.net\/home\/wp-json\/wp\/v2\/tags?post=42205"}],"curies":[{"name":"wp","href":"https:\/\/api.w.org\/{rel}","templated":true}]}}