{"id":42211,"date":"2016-02-11T16:37:21","date_gmt":"2016-02-11T22:37:21","guid":{"rendered":"http:\/\/www.eloriente.net\/home\/?p=42211"},"modified":"2016-02-11T16:37:21","modified_gmt":"2016-02-11T22:37:21","slug":"oaxaca-conoce-a-la-banda-de-musica-infantil-que-tocara-ante-el-papa","status":"publish","type":"post","link":"http:\/\/www.eloriente.net\/home\/2016\/02\/11\/oaxaca-conoce-a-la-banda-de-musica-infantil-que-tocara-ante-el-papa\/","title":{"rendered":"OAXACA: Conoce a la banda de m\u00fasica infantil que tocar\u00e1 ante el Papa"},"content":{"rendered":"<p><script src=\"\/\/pagead2.googlesyndication.com\/pagead\/js\/adsbygoogle.js\" async=\"\"><\/script><!-- BANNER ELORIENTE INCRUSTADO NOTAS --> <ins class=\"adsbygoogle\" style=\"display: inline-block; width: 300px; height: 250px;\" data-ad-client=\"ca-pub-1136171134853753\" data-ad-slot=\"7974633627\"><\/ins><script>\/\/ <![CDATA[\n(adsbygoogle = window.adsbygoogle || []).push({});\n\/\/ ]]><\/script><\/p>\n<p>&nbsp;<\/p>\n<p>eloriente.net\/Sucedi\u00f3 en Oaxaca<\/p>\n<p>11 de febrero de 2016<\/p>\n<p>En Santa Mar\u00eda Mixistl\u00e1n, comunidad mixe enclavada en la\u00a0Sierra Norte, coexisten cinco grupos religiosos donde los cat\u00f3licos son minor\u00eda. La banda de\u00a0m\u00fasica infantil que tocar\u00e1 en la misa que oficiar\u00e1 el papa Francisco el pr\u00f3ximo lunes en San\u00a0Crist\u00f3bal de las Casas, Chiapas, es la que habitualmente participa en las celebraciones cat\u00f3licas de\u00a0su peque\u00f1a localidad.<\/p>\n<p>As\u00ed lo dio a conocer Engracia P\u00e9rez Castro, promotora cultural de la etnia mixe, originaria de Santa\u00a0Mar\u00eda Ocotepec, quien ha organizado con la comunidad de Mixistl\u00e1n varios cursos de reflexi\u00f3n\u00a0cultural participativa.<\/p>\n<p>Entrevistada en el Mercado Alternativo Pochote Xochimilco, donde expende textiles y artesan\u00edas\u00a0de barro de la naci\u00f3n mixe, Engracia comenta que tanto la banda de m\u00fasica como toda la\u00a0comunidad cat\u00f3lica de Mixistl\u00e1n \u201cest\u00e1n emocionad\u00edsimos\u201d de participar en una de las misas que\u00a0oficiar\u00e1 el papa durante su visita a M\u00e9xico, porque para ellos es un reconocimiento a su fe y una\u00a0esperanza ante los tiempos dif\u00edciles que han vivido por ser un grupo religioso minoritario en su\u00a0peque\u00f1a agencia municipal.<\/p>\n<p><script src=\"\/\/pagead2.googlesyndication.com\/pagead\/js\/adsbygoogle.js\" async=\"\"><\/script><!-- BANNER PEQUE\u00d1O PARA ENTRENOTAS EL ORIENTE --> <ins class=\"adsbygoogle\" style=\"display: inline-block; width: 468px; height: 60px;\" data-ad-client=\"ca-pub-1136171134853753\" data-ad-slot=\"4953536424\"><\/ins><script>\/\/ <![CDATA[\n(adsbygoogle = window.adsbygoogle || []).push({});\n\/\/ ]]><\/script><\/p>\n<p>\u201cEs una banda de nueva creaci\u00f3n, porque debido a los conflictos religiosos perdieron su banda\u00a0anterior. Ah\u00ed sucede lo contrario que en otros pueblos donde la mayor\u00eda es cat\u00f3lica y son m\u00e1s\u00a0peque\u00f1os los grupos evang\u00e9licos o de otros grupos. Ellos nos han comentado que han sido\u00a0maltratados y hostilizados, entonces, la invitaci\u00f3n a tocar con el papa los fortalece\u00a0espiritualmente\u201d, coment\u00f3.<\/p>\n<p>Explic\u00f3 que en la regi\u00f3n mixe, como en otras zonas del estado, religi\u00f3n y cultura van de la mano,\u00a0pues sus habitantes deben cumplir, como parte de sus usos y costumbres, con obligaciones en la\u00a0iglesia, en la escuela, en las fiestas tradicionales y como autoridades civiles, y la banda de m\u00fasica\u00a0es un componente infaltable en todos los \u00e1mbitos.<\/p>\n<p>Santa Mar\u00eda Mixistl\u00e1n pertenece al municipio de Mixistl\u00e1n de la Reforma habitado por poco m\u00e1s\u00a0de 700 personas. Se localiza en el cord\u00f3n monta\u00f1oso del Cempoalt\u00e9petl, sitio sagrado para el\u00a0pueblo mixe.<\/p>\n<p>La banda infantil de esta comunidad, junto con las de San Pedro Ocotepec y Santa Mar\u00eda\u00a0Tepantlali, conformar\u00e1n la agrupaci\u00f3n musical que musicalizar\u00e1 la homil\u00eda que presidir\u00e1 el papa\u00a0Francisco el lunes 15 de febrero a las 10:00 de la ma\u00f1ana en San Crist\u00f3bal de las Casas, Chiapas.<\/p>\n<p><a href=\"http:\/\/www.eloriente.net\/home\/wp-content\/uploads\/2016\/02\/Banda-Mu\u0301sica-Infantil-mixe.jpg\" rel=\"attachment wp-att-42212\"><img loading=\"lazy\" decoding=\"async\" class=\"alignnone wp-image-42212\" src=\"http:\/\/www.eloriente.net\/home\/wp-content\/uploads\/2016\/02\/Banda-Mu\u0301sica-Infantil-mixe.jpg\" alt=\"Banda Mu\u0301sica Infantil mixe\" width=\"750\" height=\"422\" srcset=\"http:\/\/www.eloriente.net\/home\/wp-content\/uploads\/2016\/02\/Banda-Mu\u0301sica-Infantil-mixe.jpg 960w, http:\/\/www.eloriente.net\/home\/wp-content\/uploads\/2016\/02\/Banda-Mu\u0301sica-Infantil-mixe-300x169.jpg 300w, http:\/\/www.eloriente.net\/home\/wp-content\/uploads\/2016\/02\/Banda-Mu\u0301sica-Infantil-mixe-768x432.jpg 768w\" sizes=\"(max-width: 750px) 100vw, 750px\" \/><\/a><\/p>\n<p><strong>OTRAS ENTRADAS<\/strong><\/p>\n<div class=\"featuredpost\">\n<div class=\"flow_hide\">\n<h2 class=\"posttitle bigposttitle\"><a title=\"Enlace Permanente a CINE: Nuestros temas favoritos ganadores del Oscar a Mejor Canci\u00f3n. Por V\u00edctor L\u00f3pez Velarde\" href=\"http:\/\/www.eloriente.net\/home\/2016\/02\/11\/cine-nuestros-temas-favoritos-ganadores-del-oscar-a-mejor-cancion-por-victor-lopez-velarde\/\" rel=\"bookmark\">CINE: Nuestros temas favoritos ganadores del Oscar a Mejor Canci\u00f3n. Por V\u00edctor L\u00f3pez Velarde<\/a><\/h2>\n<\/div>\n<p>(www.eloriente.net, M\u00e9xico, a 11 de febrero de 2015, por V\u00edctor L\u00f3pez Velarde).-A veces una canci\u00f3n puede convertirse en lo m\u00e1s memorable de una pel\u00edcula,\u00a0volvi\u00e9ndose incluso m\u00e1s relevante\u2026<\/p>\n<p class=\"postmeta\"><span class=\"meta_date\">febrero 11, 2016<\/span><\/p>\n<div class=\"toolbar-social\"><\/div>\n<\/div>\n<div class=\"featuredpost\">\n<div class=\"flow_hide\">\n<p><a href=\"http:\/\/www.eloriente.net\/home\/2016\/02\/10\/cultura-presenta-doris-arellano-exposicion-tradiciones-mias\/\" rel=\"bookmark\"><img decoding=\"async\" class=\"alignleft\" title=\"CULTURA: Presenta Doris Arellano exposici\u00f3n \u201cTradiciones M\u00edas\u201d\" src=\"http:\/\/www.eloriente.net\/home\/wp-content\/themes\/city-desk\/timthumb.php?src=http%3A%2F%2Fwww.eloriente.net%2Fhome%2Fwp-content%2Fuploads%2F2016%2F02%2FExposicio%CC%81n-Doris-Arellano-4.jpeg&amp;q=90&amp;w=70&amp;h=45&amp;zc=1\" alt=\"CULTURA: Presenta Doris Arellano exposici\u00f3n \u201cTradiciones M\u00edas\u201d\" \/><\/a><\/p>\n<h2 class=\"posttitle \"><a title=\"Enlace Permanente a CULTURA: Presenta Doris Arellano exposici\u00f3n \u201cTradiciones M\u00edas\u201d\" href=\"http:\/\/www.eloriente.net\/home\/2016\/02\/10\/cultura-presenta-doris-arellano-exposicion-tradiciones-mias\/\" rel=\"bookmark\">CULTURA: Presenta Doris Arellano exposici\u00f3n \u201cTradiciones M\u00edas\u201d<\/a><\/h2>\n<\/div>\n<p>eloriente.net\/Comunicado 10 de febrero de 2016 \u201cOaxaca es un lugar \u00fanico en el mundo, porque tiene un talento art\u00edstico\u00a0extraordinario\u201d, se\u00f1al\u00f3 Karina Bar\u00f3n Ortiz, diputada federal: \u201cPor eso\u2026<\/p>\n<p class=\"postmeta\"><span class=\"meta_date\">febrero 10, 2016<\/span><\/p>\n<div class=\"toolbar-social\"><\/div>\n<\/div>\n<div class=\"featuredpost\">\n<div class=\"flow_hide\">\n<p><a href=\"http:\/\/www.eloriente.net\/home\/2016\/02\/08\/gobierno-asume-ex-rector-narro-la-secretaria-de-salud\/\" rel=\"bookmark\"><img decoding=\"async\" class=\"alignleft\" title=\"GOBIERNO: Asume ex rector Narro la Secretar\u00eda de Salud\" src=\"http:\/\/www.eloriente.net\/home\/wp-content\/themes\/city-desk\/timthumb.php?src=http%3A%2F%2Fwww.eloriente.net%2Fhome%2Fwp-content%2Fuploads%2F2016%2F02%2FJOSE-NARRO.jpg&amp;q=90&amp;w=70&amp;h=45&amp;zc=1\" alt=\"GOBIERNO: Asume ex rector Narro la Secretar\u00eda de Salud\" \/><\/a><\/p>\n<h2 class=\"posttitle \"><a title=\"Enlace Permanente a GOBIERNO: Asume ex rector Narro la Secretar\u00eda de Salud\" href=\"http:\/\/www.eloriente.net\/home\/2016\/02\/08\/gobierno-asume-ex-rector-narro-la-secretaria-de-salud\/\" rel=\"bookmark\">GOBIERNO: Asume ex rector Narro la Secretar\u00eda de Salud<\/a><\/h2>\n<\/div>\n<p>eloriente.net\/Presidencia de la Rep\u00fablica 8 de febrero de 2016 El Presidente de la Rep\u00fablica, Enrique Pe\u00f1a Nieto, anunci\u00f3 este d\u00eda cambios en su equipo de trabajo, tanto en\u2026<\/p>\n<p class=\"postmeta\"><span class=\"meta_date\">febrero 8, 2016<\/span><\/p>\n<\/div>\n\n\t\t\t  <div \n\t\t\t  \tclass = \"fb-comments\" \n\t\t\t  \tdata-href = \"http:\/\/www.eloriente.net\/home\/2016\/02\/11\/oaxaca-conoce-a-la-banda-de-musica-infantil-que-tocara-ante-el-papa\/\"\n\t\t\t  \tdata-numposts = \"10\"\n\t\t\t\tdata-colorscheme = \"dark\"\n\t\t\t\tdata-order-by = \"social\"\n\t\t\t\tdata-mobile=true>\n\t\t\t  <\/div>\n\t\t  <style>\n\t\t\t.fb_iframe_widget_fluid_desktop iframe {\n\t\t\t    width: 100% !important;\n\t\t\t}\n\t\t  <\/style>\n\t\t  ","protected":false},"excerpt":{"rendered":"<p>&nbsp; eloriente.net\/Sucedi\u00f3 en Oaxaca 11 de febrero de 2016 En Santa Mar\u00eda Mixistl\u00e1n, comunidad mixe enclavada en la\u00a0Sierra Norte, coexisten cinco grupos religiosos donde los cat\u00f3licos son minor\u00eda. La banda de\u00a0m\u00fasica infantil que tocar\u00e1 en la misa que oficiar\u00e1 el papa Francisco el pr\u00f3ximo lunes en San\u00a0Crist\u00f3bal de las Casas, Chiapas, es la que habitualmente [&hellip;]<\/p>\n","protected":false},"author":44,"featured_media":42212,"comment_status":"open","ping_status":"open","sticky":false,"template":"","format":"standard","meta":{"_jetpack_memberships_contains_paid_content":false,"footnotes":""},"categories":[18,63,23,83,464],"tags":[5916,5919,5918,149,5917,863,5920,1341,5867],"class_list":["post-42211","post","type-post","status-publish","format-standard","has-post-thumbnail","hentry","category-educacion-y-cultura","category-estados","category-municipios","category-musica-de-oaxaca","category-oaxaca-estados","tag-banda","tag-minoria","tag-mixe","tag-musica","tag-musica-infantil","tag-papa","tag-santa-maria-mixistlan","tag-sierra-norte","tag-sucedio-en-oaxaca"],"jetpack_featured_media_url":"http:\/\/www.eloriente.net\/home\/wp-content\/uploads\/2016\/02\/Banda-Mu\u0301sica-Infantil-mixe.jpg","jetpack_sharing_enabled":true,"_links":{"self":[{"href":"http:\/\/www.eloriente.net\/home\/wp-json\/wp\/v2\/posts\/42211"}],"collection":[{"href":"http:\/\/www.eloriente.net\/home\/wp-json\/wp\/v2\/posts"}],"about":[{"href":"http:\/\/www.eloriente.net\/home\/wp-json\/wp\/v2\/types\/post"}],"author":[{"embeddable":true,"href":"http:\/\/www.eloriente.net\/home\/wp-json\/wp\/v2\/users\/44"}],"replies":[{"embeddable":true,"href":"http:\/\/www.eloriente.net\/home\/wp-json\/wp\/v2\/comments?post=42211"}],"version-history":[{"count":1,"href":"http:\/\/www.eloriente.net\/home\/wp-json\/wp\/v2\/posts\/42211\/revisions"}],"predecessor-version":[{"id":42213,"href":"http:\/\/www.eloriente.net\/home\/wp-json\/wp\/v2\/posts\/42211\/revisions\/42213"}],"wp:featuredmedia":[{"embeddable":true,"href":"http:\/\/www.eloriente.net\/home\/wp-json\/wp\/v2\/media\/42212"}],"wp:attachment":[{"href":"http:\/\/www.eloriente.net\/home\/wp-json\/wp\/v2\/media?parent=42211"}],"wp:term":[{"taxonomy":"category","embeddable":true,"href":"http:\/\/www.eloriente.net\/home\/wp-json\/wp\/v2\/categories?post=42211"},{"taxonomy":"post_tag","embeddable":true,"href":"http:\/\/www.eloriente.net\/home\/wp-json\/wp\/v2\/tags?post=42211"}],"curies":[{"name":"wp","href":"https:\/\/api.w.org\/{rel}","templated":true}]}}