{"id":42581,"date":"2016-03-02T11:28:58","date_gmt":"2016-03-02T17:28:58","guid":{"rendered":"http:\/\/www.eloriente.net\/home\/?p=42581"},"modified":"2016-03-02T11:28:58","modified_gmt":"2016-03-02T17:28:58","slug":"cultura-reporte-arete-digital-sobre-gestion-cultural-marzo-2016","status":"publish","type":"post","link":"http:\/\/www.eloriente.net\/home\/2016\/03\/02\/cultura-reporte-arete-digital-sobre-gestion-cultural-marzo-2016\/","title":{"rendered":"CULTURA: Reporte Aret\u00e9 Digital sobre gesti\u00f3n cultural, marzo 2016"},"content":{"rendered":"<p><script src=\"\/\/pagead2.googlesyndication.com\/pagead\/js\/adsbygoogle.js\" async=\"\"><\/script><!-- BANNER ELORIENTE INCRUSTADO NOTAS --> <ins class=\"adsbygoogle\" style=\"display: inline-block; width: 300px; height: 250px;\" data-ad-client=\"ca-pub-1136171134853753\" data-ad-slot=\"7974633627\"><\/ins><script>\/\/ <![CDATA[\n(adsbygoogle = window.adsbygoogle || []).push({});\n\/\/ ]]><\/script><\/p>\n<p>&nbsp;<\/p>\n<p>(www.eloriente.net, M\u00e9xico, 02 de marzo de 2016).-\u00a0La Asociaci\u00f3n Espa\u00f1ola de Gestores de Patrimonio Cultural (AEGPC) public\u00f3 su reporte mensual sobre gesti\u00f3n cultural, Aret\u00e9 Digital, noviembre 2015, en el cual muestra una s\u00edntesis sobre las actividades, convocatorias, cursos, jornadas, congresos, seminarios y noticias de la instituci\u00f3n.<\/p>\n<p>En esta edici\u00f3n destaca primeramente las <strong>VIII Jornadas Sobre la Inclusi\u00f3n Social y la Educaci\u00f3n en las Artes Esc\u00e9nicas<\/strong>, que se llevar\u00e1 a cabo del 20 al 22 de abril en el Teatro Rosal\u00eda Castro de A Coru\u00f1a. De igual forma destacamos el <strong>Foro Industrias Culturales y Creativas en el Medio Rural<\/strong>, que se celebrar\u00e1 los d\u00edas 16 y 17 de marzo en Guadalupe (C\u00e1ceres).<\/p>\n<p><script src=\"\/\/pagead2.googlesyndication.com\/pagead\/js\/adsbygoogle.js\" async=\"\"><\/script><!-- BANNER PEQUE\u00d1O PARA ENTRENOTAS EL ORIENTE --> <ins class=\"adsbygoogle\" style=\"display: inline-block; width: 468px; height: 60px;\" data-ad-client=\"ca-pub-1136171134853753\" data-ad-slot=\"4953536424\"><\/ins><script>\/\/ <![CDATA[\n(adsbygoogle = window.adsbygoogle || []).push({});\n\/\/ ]]><\/script><\/p>\n<p>Por \u00faltimo tenemos algunas convocatorias interesantes como L<strong>as Ayudas del INAEM 2016 a la m\u00fasica, la l\u00edrica, la danza, el teatro y el circo<\/strong>; as\u00ed como las<strong> Ayudas para la modernizaci\u00f3n e Innovaci\u00f3n de las Industrias Culturales y creativas mediante proyectos digitales y tecnol\u00f3gicos<\/strong>.<\/p>\n<p>Cabe recordar que el Bolet\u00edn Aret\u00e9 es producido, dise\u00f1ado y distribuido por la Asociaci\u00f3n Espa\u00f1ola de Gestores del Patrimonio Cultural y contiene noticias, convocatorias, cursos y otro contenido de inter\u00e9s para el sector.<\/p>\n<p>A continuaci\u00f3n el visor oficial y, abajo, otros boletines compartidos:<\/p>\n<p><iframe loading=\"lazy\" src=\"\/\/e.issuu.com\/embed.html#0\/33847853\" width=\"525\" height=\"371\" frameborder=\"0\" allowfullscreen=\"allowfullscreen\"><\/iframe><\/p>\n<figure id=\"attachment_42582\" aria-describedby=\"caption-attachment-42582\" style=\"width: 601px\" class=\"wp-caption alignnone\"><a href=\"http:\/\/www.eloriente.net\/home\/wp-content\/uploads\/2016\/03\/circus-por-@tmmmb.jpg\" rel=\"attachment wp-att-42582\"><img loading=\"lazy\" decoding=\"async\" class=\" wp-image-42582\" src=\"http:\/\/www.eloriente.net\/home\/wp-content\/uploads\/2016\/03\/circus-por-@tmmmb.jpg\" alt=\"Foto: @tmmmb\" width=\"601\" height=\"402\" srcset=\"http:\/\/www.eloriente.net\/home\/wp-content\/uploads\/2016\/03\/circus-por-@tmmmb.jpg 1024w, http:\/\/www.eloriente.net\/home\/wp-content\/uploads\/2016\/03\/circus-por-@tmmmb-300x201.jpg 300w, http:\/\/www.eloriente.net\/home\/wp-content\/uploads\/2016\/03\/circus-por-@tmmmb-768x514.jpg 768w\" sizes=\"(max-width: 601px) 100vw, 601px\" \/><\/a><figcaption id=\"caption-attachment-42582\" class=\"wp-caption-text\">Foto: @tmmmb<\/figcaption><\/figure>\n<p><strong>OTRAS ENTRADAS<\/strong><\/p>\n<div id=\"post-42052\" class=\"entry loop-default border_bottom_30 post-42052 post type-post status-publish format-standard has-post-thumbnail hentry category-comunicados-y-boletines category-educacion-y-cultura category-entradas category-lo-mas-reciente category-mexico-y-el-mundo tag-arete-digital tag-convocatorias-2 tag-cultura tag-cursos tag-gestion tag-gestion-cultural tag-reporte-mensual tag-talleres\">\n<h2 class=\"entry_title\"><a title=\"Enlace Permanente a CULTURA: Reporte Aret\u00e9 Digital sobre gesti\u00f3n cultural, febrero 2016\" href=\"http:\/\/www.eloriente.net\/home\/2016\/02\/01\/cultura-reporte-arete-digital-sobre-gestion-cultural-febrero-2016\/\" rel=\"bookmark\">CULTURA: Reporte Aret\u00e9 Digital sobre gesti\u00f3n cultural, febrero 2016<\/a><\/h2>\n<p><a href=\"http:\/\/www.eloriente.net\/home\/2016\/02\/01\/cultura-reporte-arete-digital-sobre-gestion-cultural-febrero-2016\/\" rel=\"bookmark\"><img decoding=\"async\" class=\"alignleft\" title=\"CULTURA: Reporte Aret\u00e9 Digital sobre gesti\u00f3n cultural, febrero 2016\" src=\"http:\/\/www.eloriente.net\/home\/wp-content\/themes\/city-desk\/timthumb.php?src=http%3A%2F%2Fwww.eloriente.net%2Fhome%2Fwp-content%2Fuploads%2F2016%2F02%2FGasworks.jpg&amp;q=90&amp;w=160&amp;h=106&amp;zc=1\" alt=\"CULTURA: Reporte Aret\u00e9 Digital sobre gesti\u00f3n cultural, febrero 2016\" \/><\/a>\u00a0 (www.eloriente.net, M\u00e9xico, 01 de febrero de 2016).-\u00a0La Asociaci\u00f3n Espa\u00f1ola de Gestores de Patrimonio Cultural (AEGPC) public\u00f3 su reporte mensual sobre gesti\u00f3n cultural, Aret\u00e9 Digital, noviembre 2015, en el cual muestra una s\u00edntesis sobre las actividades, convocatorias, cursos, jornadas, congresos, seminarios y noticias de la instituci\u00f3n. En esta edici\u00f3n destaca primeramente los Encuentros FEAGC \u2013 [\u2026]<\/p>\n<p class=\"postmeta\"><span class=\"meta_date\">febrero 1, 2016<\/span><\/p>\n<\/div>\n<div id=\"post-41626\" class=\"entry loop-default border_bottom_30 post-41626 post type-post status-publish format-standard has-post-thumbnail hentry category-agenda category-comunicados-y-boletines category-educacion-y-cultura category-entradas category-lo-mas-reciente category-mexico-y-el-mundo tag-agenda-2 tag-arete tag-bilbao tag-boletin tag-comunicado tag-convocatoria tag-cultura tag-curso-de-introduccion-al-arte-contemporaneo tag-curso-online-de-interpretacion-del-patrimonio-cultural-y-natura tag-gestion-cultural tag-premio-reina-letizia-de-cultura-inclusiva\">\n<h2 class=\"entry_title\"><a title=\"Enlace Permanente a CULTURA: Reporte Aret\u00e9 Digital sobre gesti\u00f3n cultural, enero 2016\" href=\"http:\/\/www.eloriente.net\/home\/2016\/01\/06\/arete-digital-reporte-sobre-gestion-cultural-enero-2016\/\" rel=\"bookmark\">CULTURA: Reporte Aret\u00e9 Digital sobre gesti\u00f3n cultural, enero 2016<\/a><\/h2>\n<p><a href=\"http:\/\/www.eloriente.net\/home\/2016\/01\/06\/arete-digital-reporte-sobre-gestion-cultural-enero-2016\/\" rel=\"bookmark\"><img decoding=\"async\" class=\"alignleft\" title=\"CULTURA: Reporte Aret\u00e9 Digital sobre gesti\u00f3n cultural, enero 2016\" src=\"http:\/\/www.eloriente.net\/home\/wp-content\/themes\/city-desk\/timthumb.php?src=http%3A%2F%2Fwww.eloriente.net%2Fhome%2Fwp-content%2Fuploads%2F2016%2F01%2FBilbao-e1452110084854.jpg&amp;q=90&amp;w=160&amp;h=106&amp;zc=1\" alt=\"CULTURA: Reporte Aret\u00e9 Digital sobre gesti\u00f3n cultural, enero 2016\" \/><\/a>\u00a0 (www.eloriente.net, M\u00e9xico, 02 de diciembre de 2015).-\u00a0La Asociaci\u00f3n Espa\u00f1ola de Gestores de Patrimonio Cultural (AEGPC) public\u00f3 su reporte mensual sobre gesti\u00f3n cultural, Aret\u00e9 Digital, noviembre 2015, en el cual muestra una s\u00edntesis sobre las actividades, convocatorias, cursos, jornadas, congresos, seminarios y noticias de la instituci\u00f3n. En esta edici\u00f3n destaca primeramente el Curso Online de [\u2026]<\/p>\n<p class=\"postmeta\"><span class=\"meta_date\">enero 6, 2016<\/span><\/p>\n<\/div>\n<div id=\"post-41107\" class=\"entry loop-default border_bottom_30 post-41107 post type-post status-publish format-standard has-post-thumbnail hentry category-convocatorias category-educacion-y-cultura category-entradas category-lo-mas-reciente category-mexico-y-el-mundo tag-3257 tag-arete-digital tag-boletin tag-convocatoria tag-diciembre tag-encuentro-nacional-sobre-centros-culturales tag-encuentros-internacionales tag-fundacion-contemporanea tag-gestion-cultural tag-modelos-de-trabajo-en-red-y-desarrollo tag-par tag-programa-artistas-en-residencia tag-publica16 tag-uruguay\">\n<h2 class=\"entry_title\"><a title=\"Enlace Permanente a Aret\u00e9 Digital: Reporte sobre gesti\u00f3n cultural, diciembre 2015\" href=\"http:\/\/www.eloriente.net\/home\/2015\/12\/02\/arete-digital-reporte-sobre-gestion-cultural-diciembre-2015\/\" rel=\"bookmark\">Aret\u00e9 Digital: Reporte sobre gesti\u00f3n cultural, diciembre 2015<\/a><\/h2>\n<p><a href=\"http:\/\/www.eloriente.net\/home\/2015\/12\/02\/arete-digital-reporte-sobre-gestion-cultural-diciembre-2015\/\" rel=\"bookmark\"><img decoding=\"async\" class=\"alignleft\" title=\"Aret\u00e9 Digital: Reporte sobre gesti\u00f3n cultural, diciembre 2015\" src=\"http:\/\/www.eloriente.net\/home\/wp-content\/themes\/city-desk\/timthumb.php?src=http%3A%2F%2Fwww.eloriente.net%2Fhome%2Fwp-content%2Fuploads%2F2015%2F12%2FPu%CC%81blica16.jpg&amp;q=90&amp;w=160&amp;h=106&amp;zc=1\" alt=\"Aret\u00e9 Digital: Reporte sobre gesti\u00f3n cultural, diciembre 2015\" \/><\/a>\u00a0 (www.eloriente.net, M\u00e9xico, 02 de diciembre de 2015).-\u00a0La Asociaci\u00f3n Espa\u00f1ola de Gestores de Patrimonio Cultural (AEGPC) public\u00f3 su reporte mensual sobre gesti\u00f3n cultural, Aret\u00e9 Digital, noviembre 2015, en el cual muestra una s\u00edntesis sobre las actividades, convocatorias, cursos, jornadas, congresos, seminarios y noticias de la instituci\u00f3n. En esta edici\u00f3n destaca primeramente el P\u00fablica16 Encuentros Internacionales [\u2026]<\/p>\n<p class=\"postmeta\"><span class=\"meta_date\">diciembre 2, 2015<\/span><\/p>\n<\/div>\n\n\t\t\t  <div \n\t\t\t  \tclass = \"fb-comments\" \n\t\t\t  \tdata-href = \"http:\/\/www.eloriente.net\/home\/2016\/03\/02\/cultura-reporte-arete-digital-sobre-gestion-cultural-marzo-2016\/\"\n\t\t\t  \tdata-numposts = \"10\"\n\t\t\t\tdata-colorscheme = \"dark\"\n\t\t\t\tdata-order-by = \"social\"\n\t\t\t\tdata-mobile=true>\n\t\t\t  <\/div>\n\t\t  <style>\n\t\t\t.fb_iframe_widget_fluid_desktop iframe {\n\t\t\t    width: 100% !important;\n\t\t\t}\n\t\t  <\/style>\n\t\t  ","protected":false},"excerpt":{"rendered":"<p>&nbsp; (www.eloriente.net, M\u00e9xico, 02 de marzo de 2016).-\u00a0La Asociaci\u00f3n Espa\u00f1ola de Gestores de Patrimonio Cultural (AEGPC) public\u00f3 su reporte mensual sobre gesti\u00f3n cultural, Aret\u00e9 Digital, noviembre 2015, en el cual muestra una s\u00edntesis sobre las actividades, convocatorias, cursos, jornadas, congresos, seminarios y noticias de la instituci\u00f3n. En esta edici\u00f3n destaca primeramente las VIII Jornadas Sobre [&hellip;]<\/p>\n","protected":false},"author":44,"featured_media":42582,"comment_status":"open","ping_status":"open","sticky":false,"template":"","format":"standard","meta":{"_jetpack_memberships_contains_paid_content":false,"footnotes":""},"categories":[1588,18,32,10,24],"tags":[2559,239,4195,2548,241,861,110,425,103],"class_list":{"0":"post-42581","1":"post","2":"type-post","3":"status-publish","4":"format-standard","5":"has-post-thumbnail","6":"hentry","7":"category-comunicados-y-boletines","8":"category-educacion-y-cultura","9":"category-entradas","10":"category-lo-mas-reciente","11":"category-mexico-y-el-mundo","12":"tag-arete-digital","13":"tag-arte","14":"tag-comunicado","15":"tag-convocatorias-2","16":"tag-cultura","17":"tag-cultural","19":"tag-gestion","20":"tag-internacional"},"jetpack_featured_media_url":"http:\/\/www.eloriente.net\/home\/wp-content\/uploads\/2016\/03\/circus-por-@tmmmb.jpg","jetpack_sharing_enabled":true,"_links":{"self":[{"href":"http:\/\/www.eloriente.net\/home\/wp-json\/wp\/v2\/posts\/42581"}],"collection":[{"href":"http:\/\/www.eloriente.net\/home\/wp-json\/wp\/v2\/posts"}],"about":[{"href":"http:\/\/www.eloriente.net\/home\/wp-json\/wp\/v2\/types\/post"}],"author":[{"embeddable":true,"href":"http:\/\/www.eloriente.net\/home\/wp-json\/wp\/v2\/users\/44"}],"replies":[{"embeddable":true,"href":"http:\/\/www.eloriente.net\/home\/wp-json\/wp\/v2\/comments?post=42581"}],"version-history":[{"count":1,"href":"http:\/\/www.eloriente.net\/home\/wp-json\/wp\/v2\/posts\/42581\/revisions"}],"predecessor-version":[{"id":42583,"href":"http:\/\/www.eloriente.net\/home\/wp-json\/wp\/v2\/posts\/42581\/revisions\/42583"}],"wp:featuredmedia":[{"embeddable":true,"href":"http:\/\/www.eloriente.net\/home\/wp-json\/wp\/v2\/media\/42582"}],"wp:attachment":[{"href":"http:\/\/www.eloriente.net\/home\/wp-json\/wp\/v2\/media?parent=42581"}],"wp:term":[{"taxonomy":"category","embeddable":true,"href":"http:\/\/www.eloriente.net\/home\/wp-json\/wp\/v2\/categories?post=42581"},{"taxonomy":"post_tag","embeddable":true,"href":"http:\/\/www.eloriente.net\/home\/wp-json\/wp\/v2\/tags?post=42581"}],"curies":[{"name":"wp","href":"https:\/\/api.w.org\/{rel}","templated":true}]}}