{"id":4275,"date":"2013-06-18T09:00:33","date_gmt":"2013-06-18T15:00:33","guid":{"rendered":"http:\/\/www.eloriente.net\/home\/?p=4275"},"modified":"2013-06-19T11:33:48","modified_gmt":"2013-06-19T17:33:48","slug":"en-vivo-desde-el-senado-de-la-republica-por-canal-2","status":"publish","type":"post","link":"http:\/\/www.eloriente.net\/home\/2013\/06\/18\/en-vivo-desde-el-senado-de-la-republica-por-canal-2\/","title":{"rendered":"18\/Jun\/13 11:00 hrs: En vivo, Sesi\u00f3n del Senado de la Rep\u00fablica por canal 2"},"content":{"rendered":"<p>eloriente.net<\/p>\n<p>18 de junio de 2013<\/p>\n<p>Conscientes de su importancia\u00a0\u00a0para la vida de la comunidad, nos enlazamos con la se\u00f1al del Senado de la Rep\u00fablica para la sesi\u00f3n de este d\u00eda.<\/p>\n<p>Hoy se efect\u00faa la Reuni\u00f3n de la Segunda Comisi\u00f3n de la Permanente: Relaciones Exteriores, Defensa Nacional y Educaci\u00f3n P\u00fablica, a cargo del senador Armando R\u00edos P\u00edter.<\/p>\n<p>A las 12:00 hrs., la senadora\u00a0Ana Gabriela Guevara dar\u00e1 a conocer las conclusiones del Consejo Parlamentario Regional sobre las Migraciones que se llev\u00f3 a cabo en Rep\u00fablica Dominicana los d\u00edas 14 y 15 de junio.<\/p>\n<p><iframe loading=\"lazy\" style=\"border: 0pt none; outline: 0pt none;\" src=\"http:\/\/cdn.livestream.com\/embed\/comunicacionsocial?layout=4&amp;height=340&amp;width=560&amp;autoplay=false\" frameborder=\"0\" scrolling=\"no\" width=\"560\" height=\"340\"><\/iframe><\/p>\n<div style=\"font-size: 11px; padding-top: 10px; text-align: center; width: 560px;\">Watch <a title=\"live streaming video\" href=\"http:\/\/www.livestream.com\/?utm_source=lsplayer&amp;utm_medium=embed&amp;utm_campaign=footerlinks\">live streaming video<\/a> from <a title=\"Watch comunicacionsocial at livestream.com\" href=\"http:\/\/www.livestream.com\/comunicacionsocial?utm_source=lsplayer&amp;utm_medium=embed&amp;utm_campaign=footerlinks\">comunicacionsocial<\/a> at livestream.com<\/div>\n\n\t\t\t  <div \n\t\t\t  \tclass = \"fb-comments\" \n\t\t\t  \tdata-href = \"http:\/\/www.eloriente.net\/home\/2013\/06\/18\/en-vivo-desde-el-senado-de-la-republica-por-canal-2\/\"\n\t\t\t  \tdata-numposts = \"10\"\n\t\t\t\tdata-colorscheme = \"dark\"\n\t\t\t\tdata-order-by = \"social\"\n\t\t\t\tdata-mobile=true>\n\t\t\t  <\/div>\n\t\t  <style>\n\t\t\t.fb_iframe_widget_fluid_desktop iframe {\n\t\t\t    width: 100% !important;\n\t\t\t}\n\t\t  <\/style>\n\t\t  ","protected":false},"excerpt":{"rendered":"<p>eloriente.net 18 de junio de 2013 Conscientes de su importancia\u00a0\u00a0para la vida de la comunidad, nos enlazamos con la se\u00f1al del Senado de la Rep\u00fablica para la sesi\u00f3n de este d\u00eda. Hoy se efect\u00faa la Reuni\u00f3n de la Segunda Comisi\u00f3n de la Permanente: Relaciones Exteriores, Defensa Nacional y Educaci\u00f3n P\u00fablica, a cargo del senador Armando [&hellip;]<\/p>\n","protected":false},"author":1,"featured_media":8059,"comment_status":"open","ping_status":"open","sticky":false,"template":"","format":"standard","meta":{"_jetpack_memberships_contains_paid_content":false,"footnotes":""},"categories":[4,49,32,24,21],"tags":[],"class_list":["post-4275","post","type-post","status-publish","format-standard","has-post-thumbnail","hentry","category-canal-2-en-vivo","category-destacadas","category-entradas","category-mexico-y-el-mundo","category-politica-y-gobierno"],"jetpack_featured_media_url":"http:\/\/www.eloriente.net\/home\/wp-content\/uploads\/2012\/12\/Captura-de-pantalla-2013-02-05-a-las-11.58.20.png","jetpack_sharing_enabled":true,"_links":{"self":[{"href":"http:\/\/www.eloriente.net\/home\/wp-json\/wp\/v2\/posts\/4275"}],"collection":[{"href":"http:\/\/www.eloriente.net\/home\/wp-json\/wp\/v2\/posts"}],"about":[{"href":"http:\/\/www.eloriente.net\/home\/wp-json\/wp\/v2\/types\/post"}],"author":[{"embeddable":true,"href":"http:\/\/www.eloriente.net\/home\/wp-json\/wp\/v2\/users\/1"}],"replies":[{"embeddable":true,"href":"http:\/\/www.eloriente.net\/home\/wp-json\/wp\/v2\/comments?post=4275"}],"version-history":[{"count":30,"href":"http:\/\/www.eloriente.net\/home\/wp-json\/wp\/v2\/posts\/4275\/revisions"}],"predecessor-version":[{"id":4800,"href":"http:\/\/www.eloriente.net\/home\/wp-json\/wp\/v2\/posts\/4275\/revisions\/4800"}],"wp:featuredmedia":[{"embeddable":true,"href":"http:\/\/www.eloriente.net\/home\/wp-json\/wp\/v2\/media\/8059"}],"wp:attachment":[{"href":"http:\/\/www.eloriente.net\/home\/wp-json\/wp\/v2\/media?parent=4275"}],"wp:term":[{"taxonomy":"category","embeddable":true,"href":"http:\/\/www.eloriente.net\/home\/wp-json\/wp\/v2\/categories?post=4275"},{"taxonomy":"post_tag","embeddable":true,"href":"http:\/\/www.eloriente.net\/home\/wp-json\/wp\/v2\/tags?post=4275"}],"curies":[{"name":"wp","href":"https:\/\/api.w.org\/{rel}","templated":true}]}}