{"id":42759,"date":"2016-03-16T19:26:04","date_gmt":"2016-03-17T01:26:04","guid":{"rendered":"http:\/\/www.eloriente.net\/home\/?p=42759"},"modified":"2016-03-16T19:26:04","modified_gmt":"2016-03-17T01:26:04","slug":"opinion-regresaremos-a-la-radio-no-en-este-sexenio-carmen-aristegui","status":"publish","type":"post","link":"http:\/\/www.eloriente.net\/home\/2016\/03\/16\/opinion-regresaremos-a-la-radio-no-en-este-sexenio-carmen-aristegui\/","title":{"rendered":"OPINI\u00d3N: Regresaremos a la radio, no en este sexenio: Carmen Aristegui"},"content":{"rendered":"<p><script src=\"\/\/pagead2.googlesyndication.com\/pagead\/js\/adsbygoogle.js\" async=\"\"><\/script><br \/>\n <!-- BANNER ELORIENTE INCRUSTADO NOTAS --><br \/>\n <ins class=\"adsbygoogle\" style=\"display: inline-block; width: 300px; height: 250px;\" data-ad-client=\"ca-pub-1136171134853753\" data-ad-slot=\"7974633627\"><\/ins><br \/>\n<script>\/\/ <![CDATA[\n(adsbygoogle = window.adsbygoogle || []).push({});\n\/\/ ]]><\/script>eloriente.net\/<a href=\"https:\/\/www.facebook.com\/AristeguiOnline\/\" target=\"_blank\">Aristegui Noticias<\/a><\/p>\n<p>16 de marzo de 2016<\/p>\n<p>&nbsp;<\/p>\n<div id=\"fb-root\"><\/div>\n<p><script>\/\/ <![CDATA[\n(function(d, s, id) { var js, fjs = d.getElementsByTagName(s)[0]; if (d.getElementById(id)) return; js = d.createElement(s); js.id = id; js.src = \"\/\/connect.facebook.net\/es_LA\/sdk.js#xfbml=1&#038;version=v2.3\"; fjs.parentNode.insertBefore(js, fjs);}(document, 'script', 'facebook-jssdk'));\n\/\/ ]]><\/script><\/p>\n<div class=\"fb-video\" data-allowfullscreen=\"1\" data-href=\"https:\/\/www.facebook.com\/AristeguiOnline\/videos\/976505649142435\/\">\n<div class=\"fb-xfbml-parse-ignore\">\n<blockquote cite=\"https:\/\/www.facebook.com\/AristeguiOnline\/videos\/976505649142435\/\"><p><a href=\"https:\/\/www.facebook.com\/AristeguiOnline\/videos\/976505649142435\/\">Construiremos un nuevo espacio: Carmen Aristegui<\/a>Construiremos un nuevo espacio: Carmen Aristegui http:\/\/bit.ly\/1STuL6t<\/p>\n<p>Posted by <a href=\"https:\/\/www.facebook.com\/AristeguiOnline\/\">Aristegui Noticias<\/a> on mi\u00e9rcoles, 16 de marzo de 2016<\/p><\/blockquote>\n<\/div>\n<\/div>\n<p><script src=\"\/\/pagead2.googlesyndication.com\/pagead\/js\/adsbygoogle.js\" async=\"\"><\/script><br \/>\n <!-- BANNER PEQUE\u00d1O PARA ENTRENOTAS EL ORIENTE --><br \/>\n <ins class=\"adsbygoogle\" style=\"display: inline-block; width: 468px; height: 60px;\" data-ad-client=\"ca-pub-1136171134853753\" data-ad-slot=\"4953536424\"><\/ins><br \/>\n<script>\/\/ <![CDATA[\n(adsbygoogle = window.adsbygoogle || []).push({});\n\/\/ ]]><\/script><br \/>\nOTRAS ENTRADAS:<\/p>\n<div class=\"featuredpost\">\n<div class=\"flow_hide\">\n<h2 class=\"posttitle bigposttitle\"><a title=\"Enlace Permanente a 20 a\u00f1os de zapatismo en fotos\" href=\"http:\/\/www.eloriente.net\/home\/2016\/03\/16\/20-anos-de-zapatismo-en-fotos\/\" rel=\"bookmark\"> 20 a\u00f1os de zapatismo en fotos <\/a><\/h2>\n<\/div>\n<p>eloriente.net\/Radio Francia Internacional 16 de marzo de 2016 Durante casi 20 a\u00f1os el fot\u00f3grafo franc\u00e9s Mat Jacob, del colectivo Tendance Floue, captur\u00f3 en Chiapas el movimiento insurgente del\u2026<\/p>\n<p class=\"postmeta\"><span class=\"meta_date\">marzo 16, 2016<\/span><\/p>\n<div class=\"toolbar-social\">\n<div class=\"social-widget\">\n<div id=\"sharing-widget\"><a class=\"button icon-share\">Compartir<\/a> <span class=\"share-count\">0<\/span><\/div>\n<\/div>\n<\/div>\n<\/div>\n<div class=\"featuredpost\">\n<div class=\"flow_hide\"><a href=\"http:\/\/www.eloriente.net\/home\/2016\/03\/12\/seguridad-fuego-en-vuelo-mexico-huatulco-aseguro-pasajero\/\" rel=\"bookmark\"><img decoding=\"async\" class=\"alignleft\" title=\"SEGURIDAD: Fuego en Vuelo M\u00e9xico-Huatulco, asegur\u00f3 pasajero\" src=\"http:\/\/www.eloriente.net\/home\/wp-content\/themes\/city-desk\/timthumb.php?src=http%3A%2F%2Fwww.eloriente.net%2Fhome%2Fwp-content%2Fuploads%2F2016%2F03%2FAeromexico-%40adantapia.jpg&amp;q=90&amp;w=70&amp;h=45&amp;zc=1\" alt=\"SEGURIDAD: Fuego en Vuelo M\u00e9xico-Huatulco, asegur\u00f3 pasajero\" \/><\/a><\/p>\n<h2 class=\"posttitle \"><a title=\"Enlace Permanente a SEGURIDAD: Fuego en Vuelo M\u00e9xico-Huatulco, asegur\u00f3 pasajero\" href=\"http:\/\/www.eloriente.net\/home\/2016\/03\/12\/seguridad-fuego-en-vuelo-mexico-huatulco-aseguro-pasajero\/\" rel=\"bookmark\"> SEGURIDAD: Fuego en Vuelo M\u00e9xico-Huatulco, asegur\u00f3 pasajero <\/a><\/h2>\n<\/div>\n<p>(www.eloriente.net, M\u00e9xico, 12 de marzo de 2016. Por. Gustavo P\u00e9rez Campos).- \u201cComo parte de un procedimiento de seguridad el vuelo 517 regres\u00f3 a plataforma asegurando el bienestar de\u2026<\/p>\n<p class=\"postmeta\"><span class=\"meta_date\">marzo 12, 2016<\/span><span class=\"meta_edit\"><a href=\"http:\/\/www.eloriente.net\/home\/wp-content\/uploads\/2016\/03\/Aristegui-Noticias.png\" rel=\"attachment wp-att-42760\"><img loading=\"lazy\" decoding=\"async\" class=\"alignnone size-full wp-image-42760\" src=\"http:\/\/www.eloriente.net\/home\/wp-content\/uploads\/2016\/03\/Aristegui-Noticias.png\" alt=\"Aristegui Noticias\" width=\"467\" height=\"266\" srcset=\"http:\/\/www.eloriente.net\/home\/wp-content\/uploads\/2016\/03\/Aristegui-Noticias.png 467w, http:\/\/www.eloriente.net\/home\/wp-content\/uploads\/2016\/03\/Aristegui-Noticias-300x171.png 300w\" sizes=\"(max-width: 467px) 100vw, 467px\" \/><\/a><\/span><\/p>\n<div class=\"toolbar-social\"><\/div>\n<\/div>\n\n\t\t\t  <div \n\t\t\t  \tclass = \"fb-comments\" \n\t\t\t  \tdata-href = \"http:\/\/www.eloriente.net\/home\/2016\/03\/16\/opinion-regresaremos-a-la-radio-no-en-este-sexenio-carmen-aristegui\/\"\n\t\t\t  \tdata-numposts = \"10\"\n\t\t\t\tdata-colorscheme = \"dark\"\n\t\t\t\tdata-order-by = \"social\"\n\t\t\t\tdata-mobile=true>\n\t\t\t  <\/div>\n\t\t  <style>\n\t\t\t.fb_iframe_widget_fluid_desktop iframe {\n\t\t\t    width: 100% !important;\n\t\t\t}\n\t\t  <\/style>\n\t\t  ","protected":false},"excerpt":{"rendered":"<p>eloriente.net\/Aristegui Noticias 16 de marzo de 2016 &nbsp; Construiremos un nuevo espacio: Carmen AristeguiConstruiremos un nuevo espacio: Carmen Aristegui http:\/\/bit.ly\/1STuL6t Posted by Aristegui Noticias on mi\u00e9rcoles, 16 de marzo de 2016 OTRAS ENTRADAS: 20 a\u00f1os de zapatismo en fotos eloriente.net\/Radio Francia Internacional 16 de marzo de 2016 Durante casi 20 a\u00f1os el fot\u00f3grafo franc\u00e9s Mat [&hellip;]<\/p>\n","protected":false},"author":1,"featured_media":42760,"comment_status":"open","ping_status":"open","sticky":false,"template":"","format":"standard","meta":{"_jetpack_memberships_contains_paid_content":false,"footnotes":""},"categories":[2434,32,10,24,21],"tags":[6193,6194,6196,6195],"class_list":["post-42759","post","type-post","status-publish","format-standard","has-post-thumbnail","hentry","category-lunesdepolitica","category-entradas","category-lo-mas-reciente","category-mexico-y-el-mundo","category-politica-y-gobierno","tag-aristegui-noticias","tag-aristegui-nuevo-espacio","tag-carmen-aristegui-aniversario","tag-periodismo-libre"],"jetpack_featured_media_url":"http:\/\/www.eloriente.net\/home\/wp-content\/uploads\/2016\/03\/Aristegui-Noticias.png","jetpack_sharing_enabled":true,"_links":{"self":[{"href":"http:\/\/www.eloriente.net\/home\/wp-json\/wp\/v2\/posts\/42759"}],"collection":[{"href":"http:\/\/www.eloriente.net\/home\/wp-json\/wp\/v2\/posts"}],"about":[{"href":"http:\/\/www.eloriente.net\/home\/wp-json\/wp\/v2\/types\/post"}],"author":[{"embeddable":true,"href":"http:\/\/www.eloriente.net\/home\/wp-json\/wp\/v2\/users\/1"}],"replies":[{"embeddable":true,"href":"http:\/\/www.eloriente.net\/home\/wp-json\/wp\/v2\/comments?post=42759"}],"version-history":[{"count":1,"href":"http:\/\/www.eloriente.net\/home\/wp-json\/wp\/v2\/posts\/42759\/revisions"}],"predecessor-version":[{"id":42761,"href":"http:\/\/www.eloriente.net\/home\/wp-json\/wp\/v2\/posts\/42759\/revisions\/42761"}],"wp:featuredmedia":[{"embeddable":true,"href":"http:\/\/www.eloriente.net\/home\/wp-json\/wp\/v2\/media\/42760"}],"wp:attachment":[{"href":"http:\/\/www.eloriente.net\/home\/wp-json\/wp\/v2\/media?parent=42759"}],"wp:term":[{"taxonomy":"category","embeddable":true,"href":"http:\/\/www.eloriente.net\/home\/wp-json\/wp\/v2\/categories?post=42759"},{"taxonomy":"post_tag","embeddable":true,"href":"http:\/\/www.eloriente.net\/home\/wp-json\/wp\/v2\/tags?post=42759"}],"curies":[{"name":"wp","href":"https:\/\/api.w.org\/{rel}","templated":true}]}}