{"id":42763,"date":"2016-03-17T11:26:22","date_gmt":"2016-03-17T17:26:22","guid":{"rendered":"http:\/\/www.eloriente.net\/home\/?p=42763"},"modified":"2016-03-17T19:30:18","modified_gmt":"2016-03-18T01:30:18","slug":"oaxaca-invalidas-las-pruebas-obtenidas-de-manera-ilicita-en-el-nuevo-sistema-penal-acusatorio","status":"publish","type":"post","link":"http:\/\/www.eloriente.net\/home\/2016\/03\/17\/oaxaca-invalidas-las-pruebas-obtenidas-de-manera-ilicita-en-el-nuevo-sistema-penal-acusatorio\/","title":{"rendered":"OAXACA: Inv\u00e1lidas las pruebas obtenidas de manera il\u00edcita en nuevo sistema penal acusatorio"},"content":{"rendered":"<p><script src=\"\/\/pagead2.googlesyndication.com\/pagead\/js\/adsbygoogle.js\" async=\"\"><\/script><!-- BANNER ELORIENTE INCRUSTADO NOTAS --> <ins class=\"adsbygoogle\" style=\"display: inline-block; width: 300px; height: 250px;\" data-ad-client=\"ca-pub-1136171134853753\" data-ad-slot=\"7974633627\"><\/ins><script>\/\/ <![CDATA[\n(adsbygoogle = window.adsbygoogle || []).push({});\n\/\/ ]]><\/script><br \/>\n&nbsp;<\/p>\n<p>eloriente.net\/TSJ<\/p>\n<p>17 de marzo de 2016<\/p>\n<p>Para que la sentencia de una persona sea v\u00e1lida, la Constituci\u00f3n pol\u00edtica del pa\u00eds exige\u00a0que las pruebas que recaben las autoridades durante las diligencias sean obtenidas\u00a0l\u00edcitamente, es decir, que no se hayan violado derechos fundamentales de las personas,\u00a0ya que de lo contrario ser\u00e1n declaradas como nulas y no tendr\u00e1n ning\u00fan valor durante el\u00a0proceso en el nuevo sistema penal acusatorio, se\u00f1al\u00f3 el magistrado del Tribunal Superior\u00a0de Justicia, Gerardo Carmona Castillo.<\/p>\n<p>El jurista integrante de la Segunda Sala Penal imparti\u00f3 a estudiantes de las carreras de\u00a0psicolog\u00eda, derecho, ciencias pol\u00edticas y comunicaci\u00f3n del Instituto de Estudios Superiores\u00a0de Oaxaca (IESO), la conferencia magistral La prueba il\u00edcita, en el marco de la\u00a0inauguraci\u00f3n de la Sala de Juicio Oral de esa instituci\u00f3n acad\u00e9mica, acto al que asisti\u00f3\u00a0con la representaci\u00f3n del titular del Poder Judicial, magistrado Alfredo Rodrigo Lagunas\u00a0Rivera.<\/p>\n<p>Con la teor\u00eda de los frutos del \u00e1rbol envenenado, una met\u00e1fora que explica la imposibilidad\u00a0de hacer uso de pruebas obtenidas de manera il\u00edcita, el especialista y pionero en el\u00a0Sistema de Justicia Penal Acusatorio plante\u00f3 que si la fuente, el \u00e1rbol, est\u00e1 contaminado,\u00a0lo que se derive de ella, la fruta, tambi\u00e9n lo estar\u00e1 y destac\u00f3 que el sistema de justicia\u00a0penal acusatorio, opera con la participaci\u00f3n de profesionales en distintos campos.<\/p>\n<p><script src=\"\/\/pagead2.googlesyndication.com\/pagead\/js\/adsbygoogle.js\" async=\"\"><\/script><!-- BANNER PEQUE\u00d1O PARA ENTRENOTAS EL ORIENTE --> <ins class=\"adsbygoogle\" style=\"display: inline-block; width: 468px; height: 60px;\" data-ad-client=\"ca-pub-1136171134853753\" data-ad-slot=\"4953536424\"><\/ins><script>\/\/ <![CDATA[\n(adsbygoogle = window.adsbygoogle || []).push({});\n\/\/ ]]><\/script><\/p>\n<p>A manera de ejemplo, mencion\u00f3 que cuando un polic\u00eda o cualquier autoridad del rango\u00a0que sea ingresan, sin contar con la autorizaci\u00f3n del juez, a una vivienda porque saben que\u00a0ah\u00ed se encuentran algunos elementos probatorios que le pueden ayudar a solucionar el\u00a0problema que est\u00e1 investigando, como es el arma homicida o un video, cometen el delito\u00a0de abuso de autoridad y vulneran el derecho a la intimidad e inviolabilidad domiciliaria de\u00a0la persona.<\/p>\n<p>Por ello, agreg\u00f3, en el sistema de justicia penal acusatorio, estas pruebas no tienen\u00a0ning\u00fan valor en el proceso, contrario a lo que suced\u00eda antes de la reforma del 2008 que\u00a0implementa el nuevo modelo basado en los juicios orales, en que se admit\u00edan y serv\u00edan al\u00a0juez al momento de dictar una sentencia.<\/p>\n<p>En otro aspecto, el magistrado Carmona Castillo manifest\u00f3 que el procedimiento que\u00a0cambia la impartici\u00f3n y administraci\u00f3n de justicia exige una preparaci\u00f3n constante, de ah\u00ed\u00a0que reconoci\u00f3 el esfuerzo del Instituto de Estudios Superiores de Oaxaca para formar\u00a0profesionales con liderazgo y sentido humano, brind\u00e1ndoles conocimientos y herramientas\u00a0que est\u00e9n la vanguardia y acorde a las necesidades actuales.<\/p>\n<p>Previo a su conferencia magistral, acompa\u00f1ado del director general del instituto, Luis\u00a0Cort\u00e9s Osorio y de representantes de instituciones de seguridad y justicia del estado, el\u00a0representante del titular del Poder Judicial cort\u00f3 el list\u00f3n inaugural de la sala de juicio oral;\u00a0adem\u00e1s de realizar un recorrido por la nueva c\u00e1mara de Gessell.<\/p>\n<p><a href=\"http:\/\/www.eloriente.net\/home\/wp-content\/uploads\/2016\/03\/Inauguracio\u0301n-sala-de-juicio-oral2.jpeg\" rel=\"attachment wp-att-42765\"><img loading=\"lazy\" decoding=\"async\" class=\"alignnone wp-image-42765\" src=\"http:\/\/www.eloriente.net\/home\/wp-content\/uploads\/2016\/03\/Inauguracio\u0301n-sala-de-juicio-oral2.jpeg\" alt=\"Inauguracio\u0301n sala de juicio oral2\" width=\"600\" height=\"400\" srcset=\"http:\/\/www.eloriente.net\/home\/wp-content\/uploads\/2016\/03\/Inauguracio\u0301n-sala-de-juicio-oral2.jpeg 1024w, http:\/\/www.eloriente.net\/home\/wp-content\/uploads\/2016\/03\/Inauguracio\u0301n-sala-de-juicio-oral2-300x200.jpeg 300w, http:\/\/www.eloriente.net\/home\/wp-content\/uploads\/2016\/03\/Inauguracio\u0301n-sala-de-juicio-oral2-768x512.jpeg 768w\" sizes=\"(max-width: 600px) 100vw, 600px\" \/><\/a><\/p>\n<p><strong>OTRAS ENTRADAS<\/strong><\/p>\n<div class=\"featuredpost\">\n<div class=\"flow_hide\">\n<h2 class=\"posttitle bigposttitle\"><a title=\"Enlace Permanente a CINE: Escenas de Disney que nos hicieron llorar de ni\u00f1os y que a\u00fan no superamos de adultos. Por Alberto Chagoya y V\u00edctor L\u00f3pez V.\" href=\"http:\/\/www.eloriente.net\/home\/2016\/03\/17\/cine-escenas-de-disney-que-nos-hicieron-llorar-de-ninos-y-que-aun-no-superamos-de-adultos-por-alberto-chagoya-y-victor-lopez-v\/\" rel=\"bookmark\">CINE: Escenas de Disney que nos hicieron llorar de ni\u00f1os y que a\u00fan no superamos de adultos. Por Alberto Chagoya y V\u00edctor L\u00f3pez V.<\/a><\/h2>\n<\/div>\n<p>(www.eloriente.net, M\u00e9xico, a 17 de marzo de 2016 por Alberto Chagoya y V\u00edctor L\u00f3pez Velarde).- \u00a0Aunque varios de nosotros crecimos viendo aquellas pel\u00edculas de Disney que hacen\u2026<\/p>\n<p class=\"postmeta\"><span class=\"meta_date\">marzo 17, 2016<\/span><\/p>\n<div class=\"toolbar-social\"><\/div>\n<\/div>\n<div class=\"featuredpost\">\n<div class=\"flow_hide\">\n<p><a href=\"http:\/\/www.eloriente.net\/home\/2016\/03\/16\/opinion-regresaremos-a-la-radio-no-en-este-sexenio-carmen-aristegui\/\" rel=\"bookmark\"><img decoding=\"async\" class=\"alignleft\" title=\"OPINI\u00d3N: Regresaremos a la radio, no en este sexenio: Carmen Aristegui\" src=\"http:\/\/www.eloriente.net\/home\/wp-content\/themes\/city-desk\/timthumb.php?src=http%3A%2F%2Fwww.eloriente.net%2Fhome%2Fwp-content%2Fuploads%2F2016%2F03%2FAristegui-Noticias.png&amp;q=90&amp;w=70&amp;h=45&amp;zc=1\" alt=\"OPINI\u00d3N: Regresaremos a la radio, no en este sexenio: Carmen Aristegui\" \/><\/a><\/p>\n<h2 class=\"posttitle \"><a title=\"Enlace Permanente a OPINI\u00d3N: Regresaremos a la radio, no en este sexenio: Carmen Aristegui\" href=\"http:\/\/www.eloriente.net\/home\/2016\/03\/16\/opinion-regresaremos-a-la-radio-no-en-este-sexenio-carmen-aristegui\/\" rel=\"bookmark\">OPINI\u00d3N: Regresaremos a la radio, no en este sexenio: Carmen Aristegui<\/a><\/h2>\n<\/div>\n<p>eloriente.net\/Aristegui Noticias 16 de marzo de 2016 \u00a0 Construiremos un nuevo espacio: Carmen AristeguiConstruiremos un nuevo espacio: Carmen Aristegui http:\/\/bit.ly\/1STuL6t Posted by Aristegui Noticias on mi\u00e9rcoles, 16 de\u2026<\/p>\n<p class=\"postmeta\"><span class=\"meta_date\">marzo 16, 2016<\/span><\/p>\n<div class=\"toolbar-social\"><\/div>\n<\/div>\n<div class=\"featuredpost\">\n<div class=\"flow_hide\">\n<p><a href=\"http:\/\/www.eloriente.net\/home\/2016\/03\/16\/20-anos-de-zapatismo-en-fotos\/\" rel=\"bookmark\"><img decoding=\"async\" class=\"alignleft\" title=\"CULTURA: 20 a\u00f1os de zapatismo en fotos\" src=\"http:\/\/www.eloriente.net\/home\/wp-content\/themes\/city-desk\/timthumb.php?src=http%3A%2F%2Fwww.eloriente.net%2Fhome%2Fwp-content%2Fuploads%2F2016%2F03%2FPhoto-Chiapas-Mat-Jacob-2-radio-francia-internacional.jpg&amp;q=90&amp;w=70&amp;h=45&amp;zc=1\" alt=\"CULTURA: 20 a\u00f1os de zapatismo en fotos\" \/><\/a><\/p>\n<h2 class=\"posttitle \"><a title=\"Enlace Permanente a CULTURA: 20 a\u00f1os de zapatismo en fotos\" href=\"http:\/\/www.eloriente.net\/home\/2016\/03\/16\/20-anos-de-zapatismo-en-fotos\/\" rel=\"bookmark\">CULTURA: 20 a\u00f1os de zapatismo en fotos<\/a><\/h2>\n<\/div>\n<p>eloriente.net\/Radio Francia Internacional 16 de marzo de 2016 Durante casi 20 a\u00f1os el fot\u00f3grafo franc\u00e9s Mat Jacob, del colectivo Tendance Floue, captur\u00f3 en Chiapas el movimiento insurgente del\u2026<\/p>\n<p class=\"postmeta\"><span class=\"meta_date\">marzo 16, 2016<\/span><\/p>\n<\/div>\n\n\t\t\t  <div \n\t\t\t  \tclass = \"fb-comments\" \n\t\t\t  \tdata-href = \"http:\/\/www.eloriente.net\/home\/2016\/03\/17\/oaxaca-invalidas-las-pruebas-obtenidas-de-manera-ilicita-en-el-nuevo-sistema-penal-acusatorio\/\"\n\t\t\t  \tdata-numposts = \"10\"\n\t\t\t\tdata-colorscheme = \"dark\"\n\t\t\t\tdata-order-by = \"social\"\n\t\t\t\tdata-mobile=true>\n\t\t\t  <\/div>\n\t\t  <style>\n\t\t\t.fb_iframe_widget_fluid_desktop iframe {\n\t\t\t    width: 100% !important;\n\t\t\t}\n\t\t  <\/style>\n\t\t  ","protected":false},"excerpt":{"rendered":"<p>&nbsp; eloriente.net\/TSJ 17 de marzo de 2016 Para que la sentencia de una persona sea v\u00e1lida, la Constituci\u00f3n pol\u00edtica del pa\u00eds exige\u00a0que las pruebas que recaben las autoridades durante las diligencias sean obtenidas\u00a0l\u00edcitamente, es decir, que no se hayan violado derechos fundamentales de las personas,\u00a0ya que de lo contrario ser\u00e1n declaradas como nulas y no [&hellip;]<\/p>\n","protected":false},"author":44,"featured_media":42765,"comment_status":"open","ping_status":"open","sticky":false,"template":"","format":"standard","meta":{"_jetpack_memberships_contains_paid_content":false,"footnotes":""},"categories":[1588,91,32,63,464,21],"tags":[6198,3906,6199,6197,2318,225,4134],"class_list":["post-42763","post","type-post","status-publish","format-standard","has-post-thumbnail","hentry","category-comunicados-y-boletines","category-congreso-y-justicia","category-entradas","category-estados","category-oaxaca-estados","category-politica-y-gobierno","tag-ilicitas","tag-nuevo-sistema-de-justicia-penal","tag-nuevo-sistema-penal-acusatorio","tag-prubas","tag-tribunal-superior-de-justicia","tag-tsj","tag-tsjo"],"jetpack_featured_media_url":"http:\/\/www.eloriente.net\/home\/wp-content\/uploads\/2016\/03\/Inauguracio\u0301n-sala-de-juicio-oral2.jpeg","jetpack_sharing_enabled":true,"_links":{"self":[{"href":"http:\/\/www.eloriente.net\/home\/wp-json\/wp\/v2\/posts\/42763"}],"collection":[{"href":"http:\/\/www.eloriente.net\/home\/wp-json\/wp\/v2\/posts"}],"about":[{"href":"http:\/\/www.eloriente.net\/home\/wp-json\/wp\/v2\/types\/post"}],"author":[{"embeddable":true,"href":"http:\/\/www.eloriente.net\/home\/wp-json\/wp\/v2\/users\/44"}],"replies":[{"embeddable":true,"href":"http:\/\/www.eloriente.net\/home\/wp-json\/wp\/v2\/comments?post=42763"}],"version-history":[{"count":2,"href":"http:\/\/www.eloriente.net\/home\/wp-json\/wp\/v2\/posts\/42763\/revisions"}],"predecessor-version":[{"id":42784,"href":"http:\/\/www.eloriente.net\/home\/wp-json\/wp\/v2\/posts\/42763\/revisions\/42784"}],"wp:featuredmedia":[{"embeddable":true,"href":"http:\/\/www.eloriente.net\/home\/wp-json\/wp\/v2\/media\/42765"}],"wp:attachment":[{"href":"http:\/\/www.eloriente.net\/home\/wp-json\/wp\/v2\/media?parent=42763"}],"wp:term":[{"taxonomy":"category","embeddable":true,"href":"http:\/\/www.eloriente.net\/home\/wp-json\/wp\/v2\/categories?post=42763"},{"taxonomy":"post_tag","embeddable":true,"href":"http:\/\/www.eloriente.net\/home\/wp-json\/wp\/v2\/tags?post=42763"}],"curies":[{"name":"wp","href":"https:\/\/api.w.org\/{rel}","templated":true}]}}