{"id":42850,"date":"2016-03-31T11:44:36","date_gmt":"2016-03-31T17:44:36","guid":{"rendered":"http:\/\/www.eloriente.net\/home\/?p=42850"},"modified":"2016-03-31T16:08:28","modified_gmt":"2016-03-31T22:08:28","slug":"oaxaca-5-actividades-culturales-en-oaxaca-que-no-te-puedes-perder-01-03-de-abril","status":"publish","type":"post","link":"http:\/\/www.eloriente.net\/home\/2016\/03\/31\/oaxaca-5-actividades-culturales-en-oaxaca-que-no-te-puedes-perder-01-03-de-abril\/","title":{"rendered":"OAXACA: 5 actividades culturales en Oaxaca que no te puedes perder (01 &#8211; 03 de abril)"},"content":{"rendered":"<p>&nbsp;<\/p>\n<p>&nbsp;<\/p>\n<p>&nbsp;<\/p>\n<p>(www.eloriente.net, M\u00e9xico, a 24 de marzo de 2016, por Valery L\u00f3pez).-\u00a0Como cada semana, en EL ORIENTE nos dimos a la tarea de buscar las actividades culturales que no puedes dejar pasar en los pr\u00f3ximos d\u00edas. En esta ocasi\u00f3n te presentamos\u00a0muestras de cine, presentaciones de libros, talleres\u00a0y conciertos.<\/p>\n<p><strong><a href=\"https:\/\/www.facebook.com\/events\/231857650496871\/\" target=\"_blank\">1.- NANOCONCIERTOS<\/a><\/strong><\/p>\n<p>Gracias a la gran aceptaci\u00f3n que han tenido, los Nano Conciertos vuelven una vez m\u00e1s para deleitar a los amantes de la m\u00fasica.<\/p>\n<p>En esta ocasi\u00f3n los nano conciertos se desarrollar\u00e1n el viernes 1 de abril en punto de las 19:00 horas. Y como ya es costumbre se podr\u00e1 elegir una de las 3 sedes para comenzar el recorrido: IAGO de Alcal\u00e1, IAGO de Ju\u00e1rez o en el Centro Fotogr\u00e1fico Manuel \u00c1lvarez Bravo.<br \/>\nPrecio del boleto $60.<\/p>\n<p><a href=\"http:\/\/www.eloriente.net\/home\/wp-content\/uploads\/2016\/03\/nano-conciertos.jpg\" rel=\"attachment wp-att-42855\"><img loading=\"lazy\" decoding=\"async\" class=\"alignnone wp-image-42855\" src=\"http:\/\/www.eloriente.net\/home\/wp-content\/uploads\/2016\/03\/nano-conciertos.jpg\" alt=\"nano conciertos\" width=\"599\" height=\"461\" srcset=\"http:\/\/www.eloriente.net\/home\/wp-content\/uploads\/2016\/03\/nano-conciertos.jpg 1170w, http:\/\/www.eloriente.net\/home\/wp-content\/uploads\/2016\/03\/nano-conciertos-300x231.jpg 300w, http:\/\/www.eloriente.net\/home\/wp-content\/uploads\/2016\/03\/nano-conciertos-768x591.jpg 768w, http:\/\/www.eloriente.net\/home\/wp-content\/uploads\/2016\/03\/nano-conciertos-1024x788.jpg 1024w\" sizes=\"(max-width: 599px) 100vw, 599px\" \/><\/a><\/p>\n<p><strong><a href=\"https:\/\/www.facebook.com\/Biblioteca-P%C3%BAblica-Central-de-Oaxaca-1412635522350337\/timeline\" target=\"_blank\">2.- PRESENTACI\u00d3N DEL LIBRO \u00abOJO DE PIEDRA\u00bb<\/a><\/strong><\/p>\n<p>Para comenzar con sus actividades correspondientes al mes de abril, la Biblioteca P\u00fablica Central \u201cMargarita Maza de Ju\u00e1rez\u201d invita a la presentaci\u00f3n del libro digital \u201cOjo de Piedra\u201d. La cual se realizar\u00e1 al pr\u00f3ximo viernes 1 de abril en a las 12:00 horas en las instalaciones de la biblioteca.<\/p>\n<p>\u201cOjo de Piedra\u201d es un proyecto desarrollado por Comelibros y Promoci\u00f3n Cultural A.C.. Se trata de un taller que recorri\u00f3 12 comunidades del estado de Oaxaca para para desarrollar el lenguaje po\u00e9tico en los infantes, vali\u00e9ndose de piedras como objetos did\u00e1cticos y con el poemario \u201cLas aventuras de Max y su ojo submarino\u201d, de Luigi Amara, como eje rector de las actividades. Dicho libro es una recopilaci\u00f3n de los talleres realizados en las comunidades de nuestro Estado.<\/p>\n<p><a href=\"http:\/\/www.eloriente.net\/home\/wp-content\/uploads\/2016\/03\/12473696_1687676321512921_3941110757121688488_o.jpg\" rel=\"attachment wp-att-42851\"><img loading=\"lazy\" decoding=\"async\" class=\"alignnone wp-image-42851\" src=\"http:\/\/www.eloriente.net\/home\/wp-content\/uploads\/2016\/03\/12473696_1687676321512921_3941110757121688488_o.jpg\" alt=\"12473696_1687676321512921_3941110757121688488_o\" width=\"600\" height=\"617\" srcset=\"http:\/\/www.eloriente.net\/home\/wp-content\/uploads\/2016\/03\/12473696_1687676321512921_3941110757121688488_o.jpg 1282w, http:\/\/www.eloriente.net\/home\/wp-content\/uploads\/2016\/03\/12473696_1687676321512921_3941110757121688488_o-292x300.jpg 292w, http:\/\/www.eloriente.net\/home\/wp-content\/uploads\/2016\/03\/12473696_1687676321512921_3941110757121688488_o-768x790.jpg 768w, http:\/\/www.eloriente.net\/home\/wp-content\/uploads\/2016\/03\/12473696_1687676321512921_3941110757121688488_o-996x1024.jpg 996w, http:\/\/www.eloriente.net\/home\/wp-content\/uploads\/2016\/03\/12473696_1687676321512921_3941110757121688488_o-50x50.jpg 50w, http:\/\/www.eloriente.net\/home\/wp-content\/uploads\/2016\/03\/12473696_1687676321512921_3941110757121688488_o-1024x1053.jpg 1024w\" sizes=\"(max-width: 600px) 100vw, 600px\" \/><\/a><\/p>\n<p><strong><a href=\"https:\/\/www.facebook.com\/MuseodeFilatelia\/\" target=\"_blank\">3.- TALLER INFANTIL DE ORIGAMI<\/a><\/strong><\/p>\n<p>El Museo de Filatelia de Oaxaca invita al taller infantil de origami, el cual se desarrollar\u00e1 durante todo el mes de abril, y que comenzar\u00e1 el pr\u00f3ximo s\u00e1bado 2 de abril.<br \/>\nLos m\u00f3dulos se llevar\u00e1n a cabo los s\u00e1bados y domingos de abril en un horario de 11:00 a 13:00 horas.<br \/>\nEl taller ser\u00e1 impartido por Eder Arag\u00f3n y tiene como objetivo desarrollar las destrezas motoras y concentraci\u00f3n mental, inspir\u00e1ndose en las piezas de la exposici\u00f3n filat\u00e9lica \u2018El \u00faltimo suspiro de los colosos: Elefantes que se exhibe en el Museo del Palacio de Oaxaca.<\/p>\n<p><a href=\"http:\/\/www.eloriente.net\/home\/wp-content\/uploads\/2016\/03\/mufiorigami.jpg\" rel=\"attachment wp-att-42854\"><img loading=\"lazy\" decoding=\"async\" class=\"alignnone wp-image-42854\" src=\"http:\/\/www.eloriente.net\/home\/wp-content\/uploads\/2016\/03\/mufiorigami.jpg\" alt=\"mufiorigami\" width=\"600\" height=\"928\" srcset=\"http:\/\/www.eloriente.net\/home\/wp-content\/uploads\/2016\/03\/mufiorigami.jpg 621w, http:\/\/www.eloriente.net\/home\/wp-content\/uploads\/2016\/03\/mufiorigami-194x300.jpg 194w\" sizes=\"(max-width: 600px) 100vw, 600px\" \/><\/a><\/p>\n<p><strong><a href=\"http:\/\/ojodeaguacomunicacion.org\/\" target=\"_blank\">4.- CARAVANA DE CINE \u00c1RABE IBEROAMERICANO REALIZADO POR MUJERES<\/a><\/strong><\/p>\n<p>Como parte de las actividades de la Caravana de Cine \u00c1rabe Iberoamericano de Mujeres, se realizar\u00e1n en pr\u00f3ximos d\u00edas algunas proyecciones interesantes.<\/p>\n<p>Para el viernes 1 de abril a las 19:00 horas se presentar\u00e1 en La J\u00edcara el filme \u201cEl Futuro es Nuestro\u201d, que contar\u00e1 con la presencia de la directora Virna Molina.<\/p>\n<p>El 2 de abril a las 19:00 horas en el Centro Cultural San Pablo se proyectar\u00e1 \u201cEn esta tierra yacen las tumbas de los m\u00edos\u201d, en donde tambi\u00e9n se contar\u00e1 con la presencia de la directora Reine Mitri.<\/p>\n<p>Por \u00faltimo el 3 de abril a las 19:00 horas en la Plazuela del Carmen Alto se presentar\u00e1n los cortos del minuto, resultado del taller realizado en Oaxaca, as\u00ed mismo se presentar\u00e1 una selecci\u00f3n de cortos del taller cine minuto de Alejandr\u00eda, el Minia, Assut y el Cairo.<\/p>\n<p><a href=\"http:\/\/www.eloriente.net\/home\/wp-content\/uploads\/2016\/03\/cine-arabe-web.jpg\" rel=\"attachment wp-att-42853\"><img loading=\"lazy\" decoding=\"async\" class=\"alignnone wp-image-42853\" src=\"http:\/\/www.eloriente.net\/home\/wp-content\/uploads\/2016\/03\/cine-arabe-web.jpg\" alt=\"cine-arabe-web\" width=\"600\" height=\"926\" srcset=\"http:\/\/www.eloriente.net\/home\/wp-content\/uploads\/2016\/03\/cine-arabe-web.jpg 886w, http:\/\/www.eloriente.net\/home\/wp-content\/uploads\/2016\/03\/cine-arabe-web-194x300.jpg 194w, http:\/\/www.eloriente.net\/home\/wp-content\/uploads\/2016\/03\/cine-arabe-web-768x1186.jpg 768w, http:\/\/www.eloriente.net\/home\/wp-content\/uploads\/2016\/03\/cine-arabe-web-663x1024.jpg 663w\" sizes=\"(max-width: 600px) 100vw, 600px\" \/><\/a><\/p>\n<p><strong><a href=\"https:\/\/www.facebook.com\/CAFE-CULTURAL-LA-NUEVA-BABEL-180926621986843\/?ref=ts&amp;fref=ts\" target=\"_blank\">5.- JAZZ FR\u00cdO POR DAVID VALDEZ<\/a><\/strong><\/p>\n<p>El experimentado Saxofon\u00edsta Estadounidense David Valdez, director de la Big Band Metropolitan Youth Symphony, visita la ciudad de Oaxaca y se presentar\u00e1 el pr\u00f3ximo 2 de abril en la Nueva Babel.<\/p>\n<p>Lo acompa\u00f1ar\u00e1n los hermanos Lucio y Ornel Jim\u00e9nez, experimentados m\u00fasicos oaxaque\u00f1os.<br \/>\nLa cita es el 2 de abril en punto de las 22:30 horas en el Caf\u00e9 Cultural la Nueva Babel, ubicado en Porfirio D\u00edaz 224, centro, Oaxaca.<\/p>\n<p><a href=\"http:\/\/www.eloriente.net\/home\/wp-content\/uploads\/2016\/03\/12898277_971604342919063_8490208570735819705_o.jpg\" rel=\"attachment wp-att-42852\"><img loading=\"lazy\" decoding=\"async\" class=\"alignnone wp-image-42852\" src=\"http:\/\/www.eloriente.net\/home\/wp-content\/uploads\/2016\/03\/12898277_971604342919063_8490208570735819705_o.jpg\" alt=\"12898277_971604342919063_8490208570735819705_o\" width=\"600\" height=\"927\" srcset=\"http:\/\/www.eloriente.net\/home\/wp-content\/uploads\/2016\/03\/12898277_971604342919063_8490208570735819705_o.jpg 1325w, http:\/\/www.eloriente.net\/home\/wp-content\/uploads\/2016\/03\/12898277_971604342919063_8490208570735819705_o-194x300.jpg 194w, http:\/\/www.eloriente.net\/home\/wp-content\/uploads\/2016\/03\/12898277_971604342919063_8490208570735819705_o-768x1187.jpg 768w, http:\/\/www.eloriente.net\/home\/wp-content\/uploads\/2016\/03\/12898277_971604342919063_8490208570735819705_o-663x1024.jpg 663w, http:\/\/www.eloriente.net\/home\/wp-content\/uploads\/2016\/03\/12898277_971604342919063_8490208570735819705_o-1024x1583.jpg 1024w\" sizes=\"(max-width: 600px) 100vw, 600px\" \/><\/a><\/p>\n<p><strong>OTRAS ENTRADAS<\/strong><\/p>\n<div class=\"featuredpost\">\n<div class=\"flow_hide\">\n<h2 class=\"posttitle bigposttitle\"><a title=\"Enlace Permanente a VIDEO COLUMNA: Dignificaci\u00f3n del Trabajo Art\u00edstico II, por V\u00edctor Mart\u00ednez\" href=\"http:\/\/www.eloriente.net\/home\/2016\/03\/30\/video-columna-dignificacion-del-trabajo-artistico-ii-por-victor-martinez\/\" rel=\"bookmark\">VIDEO COLUMNA: Dignificaci\u00f3n del Trabajo Art\u00edstico II, por V\u00edctor Mart\u00ednez<\/a><\/h2>\n<\/div>\n<p>eloriente.net 30 de marzo de 2016 \u00a0 \u201cLos artistas en Oaxaca se encuentran sin dinero, sin protecci\u00f3n de salud, sin habitaci\u00f3n propia, sin movilidad y viviendo de terceros.\u2026<\/p>\n<p class=\"postmeta\"><span class=\"meta_date\">marzo 30, 2016<\/span><\/p>\n<div class=\"toolbar-social\"><\/div>\n<\/div>\n<div class=\"featuredpost\">\n<div class=\"flow_hide\">\n<p><a href=\"http:\/\/www.eloriente.net\/home\/2016\/03\/29\/rio-2016-paola-rommel-german-confirmados-en-seleccion-de-clavados\/\" rel=\"bookmark\"><img decoding=\"async\" class=\"alignleft\" title=\"R\u00cdO 2016: Paola, Rommel, Germ\u00e1n, confirmados en Selecci\u00f3n de Clavados\" src=\"http:\/\/www.eloriente.net\/home\/wp-content\/themes\/city-desk\/timthumb.php?src=http%3A%2F%2Fwww.eloriente.net%2Fhome%2Fwp-content%2Fuploads%2F2016%2F03%2F%40paolaespinosa.jpg&amp;q=90&amp;w=70&amp;h=45&amp;zc=1\" alt=\"R\u00cdO 2016: Paola, Rommel, Germ\u00e1n, confirmados en Selecci\u00f3n de Clavados\" \/><\/a><\/p>\n<h2 class=\"posttitle \"><a title=\"Enlace Permanente a R\u00cdO 2016: Paola, Rommel, Germ\u00e1n, confirmados en Selecci\u00f3n de Clavados\" href=\"http:\/\/www.eloriente.net\/home\/2016\/03\/29\/rio-2016-paola-rommel-german-confirmados-en-seleccion-de-clavados\/\" rel=\"bookmark\">R\u00cdO 2016: Paola, Rommel, Germ\u00e1n, confirmados en Selecci\u00f3n de Clavados<\/a><\/h2>\n<\/div>\n<p>eloriente.net\/CONADE 28 de marzo de 2016* La Federaci\u00f3n Mexicana de Nataci\u00f3n (FMN) confirm\u00f3 los nombres de los nueve clavadistas que representar\u00e1n a M\u00e9xico en los Juegos Ol\u00edmpicos de\u2026<\/p>\n<p class=\"postmeta\"><span class=\"meta_date\">marzo 29, 2016<\/span><\/p>\n<div class=\"toolbar-social\"><\/div>\n<\/div>\n<div class=\"featuredpost\">\n<div class=\"flow_hide\">\n<p><a href=\"http:\/\/www.eloriente.net\/home\/2016\/03\/29\/educacion-una-plataforma-virtual-para-capacitar-a-profesores-de-ingles-por-diego-gonzalez-algara\/\" rel=\"bookmark\"><img decoding=\"async\" class=\"alignleft\" title=\"EDUCACI\u00d3N: Plataforma Virtual para capacitar a Profesores de Ingl\u00e9s, por Diego Gonz\u00e1lez\" src=\"http:\/\/www.eloriente.net\/home\/wp-content\/themes\/city-desk\/timthumb.php?src=http%3A%2F%2Fwww.eloriente.net%2Fhome%2Fwp-content%2Fuploads%2F2016%2F03%2F5119.jpg&amp;q=90&amp;w=70&amp;h=45&amp;zc=1\" alt=\"EDUCACI\u00d3N: Plataforma Virtual para capacitar a Profesores de Ingl\u00e9s, por Diego Gonz\u00e1lez\" \/><\/a><\/p>\n<h2 class=\"posttitle \"><a title=\"Enlace Permanente a EDUCACI\u00d3N: Plataforma Virtual para capacitar a Profesores de Ingl\u00e9s, por Diego Gonz\u00e1lez\" href=\"http:\/\/www.eloriente.net\/home\/2016\/03\/29\/educacion-una-plataforma-virtual-para-capacitar-a-profesores-de-ingles-por-diego-gonzalez-algara\/\" rel=\"bookmark\">EDUCACI\u00d3N: Plataforma Virtual para capacitar a Profesores de Ingl\u00e9s, por Diego Gonz\u00e1lez<\/a><\/h2>\n<\/div>\n<p>(www.eloriente.net, M\u00e9xico, a 29 de marzo de 2016, por Diego Gonz\u00e1lez Algara).- \u201cTodos tenemos la esperanza de que el mundo pueda ser un lugar mejor donde vivir\u2026<\/p>\n<p class=\"postmeta\"><span class=\"meta_date\">marzo 29, 2016<\/span><\/p>\n<\/div>\n\n\t\t\t  <div \n\t\t\t  \tclass = \"fb-comments\" \n\t\t\t  \tdata-href = \"http:\/\/www.eloriente.net\/home\/2016\/03\/31\/oaxaca-5-actividades-culturales-en-oaxaca-que-no-te-puedes-perder-01-03-de-abril\/\"\n\t\t\t  \tdata-numposts = \"10\"\n\t\t\t\tdata-colorscheme = \"dark\"\n\t\t\t\tdata-order-by = \"social\"\n\t\t\t\tdata-mobile=true>\n\t\t\t  <\/div>\n\t\t  <style>\n\t\t\t.fb_iframe_widget_fluid_desktop iframe {\n\t\t\t    width: 100% !important;\n\t\t\t}\n\t\t  <\/style>\n\t\t  ","protected":false},"excerpt":{"rendered":"<p>&nbsp; &nbsp; &nbsp; (www.eloriente.net, M\u00e9xico, a 24 de marzo de 2016, por Valery L\u00f3pez).-\u00a0Como cada semana, en EL ORIENTE nos dimos a la tarea de buscar las actividades culturales que no puedes dejar pasar en los pr\u00f3ximos d\u00edas. En esta ocasi\u00f3n te presentamos\u00a0muestras de cine, presentaciones de libros, talleres\u00a0y conciertos. 1.- NANOCONCIERTOS Gracias a la [&hellip;]<\/p>\n","protected":false},"author":44,"featured_media":42923,"comment_status":"open","ping_status":"open","sticky":false,"template":"","format":"standard","meta":{"_jetpack_memberships_contains_paid_content":false,"footnotes":""},"categories":[8,18,32,63,31],"tags":[3648,6240,651,5983,73,652],"class_list":["post-42850","post","type-post","status-publish","format-standard","has-post-thumbnail","hentry","category-agenda","category-educacion-y-cultura","category-entradas","category-estados","category-principal","tag-actividades-culturales","tag-agenda-cultural-agenda","tag-libro","tag-nanoconciertos","tag-oaxaca","tag-presentacion"],"jetpack_featured_media_url":"http:\/\/www.eloriente.net\/home\/wp-content\/uploads\/2016\/03\/Buffalo-by-William-Hartman.jpg","jetpack_sharing_enabled":true,"_links":{"self":[{"href":"http:\/\/www.eloriente.net\/home\/wp-json\/wp\/v2\/posts\/42850"}],"collection":[{"href":"http:\/\/www.eloriente.net\/home\/wp-json\/wp\/v2\/posts"}],"about":[{"href":"http:\/\/www.eloriente.net\/home\/wp-json\/wp\/v2\/types\/post"}],"author":[{"embeddable":true,"href":"http:\/\/www.eloriente.net\/home\/wp-json\/wp\/v2\/users\/44"}],"replies":[{"embeddable":true,"href":"http:\/\/www.eloriente.net\/home\/wp-json\/wp\/v2\/comments?post=42850"}],"version-history":[{"count":4,"href":"http:\/\/www.eloriente.net\/home\/wp-json\/wp\/v2\/posts\/42850\/revisions"}],"predecessor-version":[{"id":42936,"href":"http:\/\/www.eloriente.net\/home\/wp-json\/wp\/v2\/posts\/42850\/revisions\/42936"}],"wp:featuredmedia":[{"embeddable":true,"href":"http:\/\/www.eloriente.net\/home\/wp-json\/wp\/v2\/media\/42923"}],"wp:attachment":[{"href":"http:\/\/www.eloriente.net\/home\/wp-json\/wp\/v2\/media?parent=42850"}],"wp:term":[{"taxonomy":"category","embeddable":true,"href":"http:\/\/www.eloriente.net\/home\/wp-json\/wp\/v2\/categories?post=42850"},{"taxonomy":"post_tag","embeddable":true,"href":"http:\/\/www.eloriente.net\/home\/wp-json\/wp\/v2\/tags?post=42850"}],"curies":[{"name":"wp","href":"https:\/\/api.w.org\/{rel}","templated":true}]}}