{"id":42925,"date":"2016-03-31T12:45:56","date_gmt":"2016-03-31T18:45:56","guid":{"rendered":"http:\/\/www.eloriente.net\/home\/?p=42925"},"modified":"2016-03-31T12:45:56","modified_gmt":"2016-03-31T18:45:56","slug":"cultura-reporte-arete-digital-sobre-gestion-cultural-abril-2016","status":"publish","type":"post","link":"http:\/\/www.eloriente.net\/home\/2016\/03\/31\/cultura-reporte-arete-digital-sobre-gestion-cultural-abril-2016\/","title":{"rendered":"CULTURA: Reporte Aret\u00e9 Digital sobre gesti\u00f3n cultural, abril 2016"},"content":{"rendered":"<p><script src=\"\/\/pagead2.googlesyndication.com\/pagead\/js\/adsbygoogle.js\" async=\"\"><\/script><!-- BANNER ELORIENTE INCRUSTADO NOTAS --> <ins class=\"adsbygoogle\" style=\"display: inline-block; width: 300px; height: 250px;\" data-ad-client=\"ca-pub-1136171134853753\" data-ad-slot=\"7974633627\"><\/ins><script>\/\/ <![CDATA[\n(adsbygoogle = window.adsbygoogle || []).push({});\n\/\/ ]]><\/script><\/p>\n<p>&nbsp;<\/p>\n<p>(www.eloriente.net, M\u00e9xico, 31 de marzo de 2016).-\u00a0La Asociaci\u00f3n Espa\u00f1ola de Gestores de Patrimonio Cultural (AEGPC) public\u00f3 su reporte mensual sobre gesti\u00f3n cultural, Aret\u00e9 Digital, noviembre 2015, en el cual muestra una s\u00edntesis sobre las actividades, convocatorias, cursos, jornadas, congresos, seminarios y noticias de la instituci\u00f3n.<\/p>\n<p>En esta edici\u00f3n destaca primeramente el <strong>Encuentro \u00abCultura Inteligente\u00bb<\/strong>, organizado por Acci\u00f3n Cultural Espa\u00f1ola y la Fundaci\u00f3n Telef\u00f3nica. En \u00e9l se analizar\u00e1 el impacto de las nuevas tecnolog\u00edas en el sector cultural.<\/p>\n<p>Por otro lado encontramos tambi\u00e9n el Se<strong>minario Internacional Tradiciones Urbanas: Cultura, Patrimonio y Paisaje Urbano<\/strong>, en el cual se tratar\u00e1 sobre la construcci\u00f3n, la arquitectura y el urbanismo tradicionales, tanto desde el punto de vista de su conservaci\u00f3n como desde el de su utilizaci\u00f3n como modelo para el mejor desarrollo de la pr\u00e1ctica arquitect\u00f3nica contempor\u00e1nea.<\/p>\n<p><script src=\"\/\/pagead2.googlesyndication.com\/pagead\/js\/adsbygoogle.js\" async=\"\"><\/script><!-- BANNER PEQUE\u00d1O PARA ENTRENOTAS EL ORIENTE --> <ins class=\"adsbygoogle\" style=\"display: inline-block; width: 468px; height: 60px;\" data-ad-client=\"ca-pub-1136171134853753\" data-ad-slot=\"4953536424\"><\/ins><script>\/\/ <![CDATA[\n(adsbygoogle = window.adsbygoogle || []).push({});\n\/\/ ]]><\/script><\/p>\n<p>Finalmente tenemos convocatorias como la del ICAA, quienes lanzaron su primer <strong>Convocatoria de las nuevas ayudas selectivas a la producci\u00f3n de largometrajes sobre proyecto<\/strong>, la cual tiene como plazo el 15 de abril.<\/p>\n<p>Cabe recordar que el Bolet\u00edn Aret\u00e9 es producido, dise\u00f1ado y distribuido por la Asociaci\u00f3n Espa\u00f1ola de Gestores del Patrimonio Cultural y contiene noticias, convocatorias, cursos y otro contenido de inter\u00e9s para el sector.<\/p>\n<p>A continuaci\u00f3n el visor oficial y, abajo, otros boletines compartidos:<\/p>\n<p><iframe loading=\"lazy\" src=\"\/\/e.issuu.com\/embed.html#5422719\/34564509\" width=\"525\" height=\"371\" frameborder=\"0\" allowfullscreen=\"allowfullscreen\"><\/iframe><\/p>\n<p><a href=\"http:\/\/www.eloriente.net\/home\/wp-content\/uploads\/2016\/03\/Arquitectura-por-Manuel-e1459449872725.jpg\" rel=\"attachment wp-att-42926\"><img loading=\"lazy\" decoding=\"async\" class=\"alignnone  wp-image-42926\" src=\"http:\/\/www.eloriente.net\/home\/wp-content\/uploads\/2016\/03\/Arquitectura-por-Manuel-e1459449872725.jpg\" alt=\"Arquitectura por Manuel\" width=\"600\" height=\"402\" srcset=\"http:\/\/www.eloriente.net\/home\/wp-content\/uploads\/2016\/03\/Arquitectura-por-Manuel-e1459449872725.jpg 3898w, http:\/\/www.eloriente.net\/home\/wp-content\/uploads\/2016\/03\/Arquitectura-por-Manuel-e1459449872725-300x201.jpg 300w, http:\/\/www.eloriente.net\/home\/wp-content\/uploads\/2016\/03\/Arquitectura-por-Manuel-e1459449872725-768x515.jpg 768w, http:\/\/www.eloriente.net\/home\/wp-content\/uploads\/2016\/03\/Arquitectura-por-Manuel-e1459449872725-1024x686.jpg 1024w\" sizes=\"(max-width: 600px) 100vw, 600px\" \/><\/a><\/p>\n<p><strong>OTRAS ENTRADAS\u00a0<\/strong><\/p>\n<div id=\"post-42581\" class=\"entry loop-default border_bottom_30 post-42581 post type-post status-publish format-standard has-post-thumbnail hentry category-comunicados-y-boletines category-educacion-y-cultura category-entradas category-lo-mas-reciente category-mexico-y-el-mundo tag-arete-digital tag-arte tag-comunicado tag-convocatorias-2 tag-cultura tag-cultural tag-espana tag-gestion tag-internacional\">\n<h2 class=\"entry_title\"><a title=\"Enlace Permanente a CULTURA: Reporte Aret\u00e9 Digital sobre gesti\u00f3n cultural, marzo 2016\" href=\"http:\/\/www.eloriente.net\/home\/2016\/03\/02\/cultura-reporte-arete-digital-sobre-gestion-cultural-marzo-2016\/\" rel=\"bookmark\">CULTURA: Reporte Aret\u00e9 Digital sobre gesti\u00f3n cultural, marzo 2016<\/a><\/h2>\n<p><a href=\"http:\/\/www.eloriente.net\/home\/2016\/03\/02\/cultura-reporte-arete-digital-sobre-gestion-cultural-marzo-2016\/\" rel=\"bookmark\"><img decoding=\"async\" class=\"alignleft\" title=\"CULTURA: Reporte Aret\u00e9 Digital sobre gesti\u00f3n cultural, marzo 2016\" src=\"http:\/\/www.eloriente.net\/home\/wp-content\/themes\/city-desk\/timthumb.php?src=http%3A%2F%2Fwww.eloriente.net%2Fhome%2Fwp-content%2Fuploads%2F2016%2F03%2Fcircus-por-%40tmmmb.jpg&amp;q=90&amp;w=160&amp;h=106&amp;zc=1\" alt=\"CULTURA: Reporte Aret\u00e9 Digital sobre gesti\u00f3n cultural, marzo 2016\" \/><\/a>\u00a0 (www.eloriente.net, M\u00e9xico, 02 de marzo de 2016).-\u00a0La Asociaci\u00f3n Espa\u00f1ola de Gestores de Patrimonio Cultural (AEGPC) public\u00f3 su reporte mensual sobre gesti\u00f3n cultural, Aret\u00e9 Digital, noviembre 2015, en el cual muestra una s\u00edntesis sobre las actividades, convocatorias, cursos, jornadas, congresos, seminarios y noticias de la instituci\u00f3n. En esta edici\u00f3n destaca primeramente las VIII Jornadas Sobre [\u2026]<\/p>\n<p class=\"postmeta\"><span class=\"meta_date\">marzo 2, 2016<\/span><\/p>\n<p class=\"postmeta\">\n<\/div>\n<div id=\"post-42052\" class=\"entry loop-default border_bottom_30 post-42052 post type-post status-publish format-standard has-post-thumbnail hentry category-comunicados-y-boletines category-educacion-y-cultura category-entradas category-lo-mas-reciente category-mexico-y-el-mundo tag-arete-digital tag-convocatorias-2 tag-cultura tag-cursos tag-gestion tag-gestion-cultural tag-reporte-mensual tag-talleres\">\n<h2 class=\"entry_title\"><a title=\"Enlace Permanente a CULTURA: Reporte Aret\u00e9 Digital sobre gesti\u00f3n cultural, febrero 2016\" href=\"http:\/\/www.eloriente.net\/home\/2016\/02\/01\/cultura-reporte-arete-digital-sobre-gestion-cultural-febrero-2016\/\" rel=\"bookmark\">CULTURA: Reporte Aret\u00e9 Digital sobre gesti\u00f3n cultural, febrero 2016<\/a><\/h2>\n<p><a href=\"http:\/\/www.eloriente.net\/home\/2016\/02\/01\/cultura-reporte-arete-digital-sobre-gestion-cultural-febrero-2016\/\" rel=\"bookmark\"><img decoding=\"async\" class=\"alignleft\" title=\"CULTURA: Reporte Aret\u00e9 Digital sobre gesti\u00f3n cultural, febrero 2016\" src=\"http:\/\/www.eloriente.net\/home\/wp-content\/themes\/city-desk\/timthumb.php?src=http%3A%2F%2Fwww.eloriente.net%2Fhome%2Fwp-content%2Fuploads%2F2016%2F02%2FGasworks.jpg&amp;q=90&amp;w=160&amp;h=106&amp;zc=1\" alt=\"CULTURA: Reporte Aret\u00e9 Digital sobre gesti\u00f3n cultural, febrero 2016\" \/><\/a>\u00a0 (www.eloriente.net, M\u00e9xico, 01 de febrero de 2016).-\u00a0La Asociaci\u00f3n Espa\u00f1ola de Gestores de Patrimonio Cultural (AEGPC) public\u00f3 su reporte mensual sobre gesti\u00f3n cultural, Aret\u00e9 Digital, noviembre 2015, en el cual muestra una s\u00edntesis sobre las actividades, convocatorias, cursos, jornadas, congresos, seminarios y noticias de la instituci\u00f3n. En esta edici\u00f3n destaca primeramente los Encuentros FEAGC \u2013 [\u2026]<\/p>\n<p class=\"postmeta\"><span class=\"meta_date\">febrero 1, 2016<\/span><\/p>\n<p class=\"postmeta\">\n<\/div>\n<div id=\"post-41626\" class=\"entry loop-default border_bottom_30 post-41626 post type-post status-publish format-standard has-post-thumbnail hentry category-agenda category-comunicados-y-boletines category-educacion-y-cultura category-entradas category-lo-mas-reciente category-mexico-y-el-mundo tag-agenda-2 tag-arete tag-bilbao tag-boletin tag-comunicado tag-convocatoria tag-cultura tag-curso-de-introduccion-al-arte-contemporaneo tag-curso-online-de-interpretacion-del-patrimonio-cultural-y-natura tag-gestion-cultural tag-premio-reina-letizia-de-cultura-inclusiva\">\n<h2 class=\"entry_title\"><a title=\"Enlace Permanente a CULTURA: Reporte Aret\u00e9 Digital sobre gesti\u00f3n cultural, enero 2016\" href=\"http:\/\/www.eloriente.net\/home\/2016\/01\/06\/arete-digital-reporte-sobre-gestion-cultural-enero-2016\/\" rel=\"bookmark\">CULTURA: Reporte Aret\u00e9 Digital sobre gesti\u00f3n cultural, enero 2016<\/a><\/h2>\n<p><a href=\"http:\/\/www.eloriente.net\/home\/2016\/01\/06\/arete-digital-reporte-sobre-gestion-cultural-enero-2016\/\" rel=\"bookmark\"><img decoding=\"async\" class=\"alignleft\" title=\"CULTURA: Reporte Aret\u00e9 Digital sobre gesti\u00f3n cultural, enero 2016\" src=\"http:\/\/www.eloriente.net\/home\/wp-content\/themes\/city-desk\/timthumb.php?src=http%3A%2F%2Fwww.eloriente.net%2Fhome%2Fwp-content%2Fuploads%2F2016%2F01%2FBilbao-e1452110084854.jpg&amp;q=90&amp;w=160&amp;h=106&amp;zc=1\" alt=\"CULTURA: Reporte Aret\u00e9 Digital sobre gesti\u00f3n cultural, enero 2016\" \/><\/a>\u00a0 (www.eloriente.net, M\u00e9xico, 02 de diciembre de 2015).-\u00a0La Asociaci\u00f3n Espa\u00f1ola de Gestores de Patrimonio Cultural (AEGPC) public\u00f3 su reporte mensual sobre gesti\u00f3n cultural, Aret\u00e9 Digital, noviembre 2015, en el cual muestra una s\u00edntesis sobre las actividades, convocatorias, cursos, jornadas, congresos, seminarios y noticias de la instituci\u00f3n. En esta edici\u00f3n destaca primeramente el Curso Online de [\u2026]<\/p>\n<p class=\"postmeta\"><span class=\"meta_date\">enero 6, 2016<\/span><\/p>\n<\/div>\n\n\t\t\t  <div \n\t\t\t  \tclass = \"fb-comments\" \n\t\t\t  \tdata-href = \"http:\/\/www.eloriente.net\/home\/2016\/03\/31\/cultura-reporte-arete-digital-sobre-gestion-cultural-abril-2016\/\"\n\t\t\t  \tdata-numposts = \"10\"\n\t\t\t\tdata-colorscheme = \"dark\"\n\t\t\t\tdata-order-by = \"social\"\n\t\t\t\tdata-mobile=true>\n\t\t\t  <\/div>\n\t\t  <style>\n\t\t\t.fb_iframe_widget_fluid_desktop iframe {\n\t\t\t    width: 100% !important;\n\t\t\t}\n\t\t  <\/style>\n\t\t  ","protected":false},"excerpt":{"rendered":"<p>&nbsp; (www.eloriente.net, M\u00e9xico, 31 de marzo de 2016).-\u00a0La Asociaci\u00f3n Espa\u00f1ola de Gestores de Patrimonio Cultural (AEGPC) public\u00f3 su reporte mensual sobre gesti\u00f3n cultural, Aret\u00e9 Digital, noviembre 2015, en el cual muestra una s\u00edntesis sobre las actividades, convocatorias, cursos, jornadas, congresos, seminarios y noticias de la instituci\u00f3n. En esta edici\u00f3n destaca primeramente el Encuentro \u00abCultura Inteligente\u00bb, [&hellip;]<\/p>\n","protected":false},"author":44,"featured_media":42926,"comment_status":"open","ping_status":"open","sticky":false,"template":"","format":"standard","meta":{"_jetpack_memberships_contains_paid_content":false,"footnotes":""},"categories":[1588,18,32,10,24],"tags":[4321,6263,2559,239,4195,2548,241,861,110,425,103],"class_list":{"0":"post-42925","1":"post","2":"type-post","3":"status-publish","4":"format-standard","5":"has-post-thumbnail","6":"hentry","7":"category-comunicados-y-boletines","8":"category-educacion-y-cultura","9":"category-entradas","10":"category-lo-mas-reciente","11":"category-mexico-y-el-mundo","12":"tag-4321","13":"tag-abril","14":"tag-arete-digital","15":"tag-arte","16":"tag-comunicado","17":"tag-convocatorias-2","18":"tag-cultura","19":"tag-cultural","21":"tag-gestion","22":"tag-internacional"},"jetpack_featured_media_url":"http:\/\/www.eloriente.net\/home\/wp-content\/uploads\/2016\/03\/Arquitectura-por-Manuel-e1459449872725.jpg","jetpack_sharing_enabled":true,"_links":{"self":[{"href":"http:\/\/www.eloriente.net\/home\/wp-json\/wp\/v2\/posts\/42925"}],"collection":[{"href":"http:\/\/www.eloriente.net\/home\/wp-json\/wp\/v2\/posts"}],"about":[{"href":"http:\/\/www.eloriente.net\/home\/wp-json\/wp\/v2\/types\/post"}],"author":[{"embeddable":true,"href":"http:\/\/www.eloriente.net\/home\/wp-json\/wp\/v2\/users\/44"}],"replies":[{"embeddable":true,"href":"http:\/\/www.eloriente.net\/home\/wp-json\/wp\/v2\/comments?post=42925"}],"version-history":[{"count":1,"href":"http:\/\/www.eloriente.net\/home\/wp-json\/wp\/v2\/posts\/42925\/revisions"}],"predecessor-version":[{"id":42927,"href":"http:\/\/www.eloriente.net\/home\/wp-json\/wp\/v2\/posts\/42925\/revisions\/42927"}],"wp:featuredmedia":[{"embeddable":true,"href":"http:\/\/www.eloriente.net\/home\/wp-json\/wp\/v2\/media\/42926"}],"wp:attachment":[{"href":"http:\/\/www.eloriente.net\/home\/wp-json\/wp\/v2\/media?parent=42925"}],"wp:term":[{"taxonomy":"category","embeddable":true,"href":"http:\/\/www.eloriente.net\/home\/wp-json\/wp\/v2\/categories?post=42925"},{"taxonomy":"post_tag","embeddable":true,"href":"http:\/\/www.eloriente.net\/home\/wp-json\/wp\/v2\/tags?post=42925"}],"curies":[{"name":"wp","href":"https:\/\/api.w.org\/{rel}","templated":true}]}}