{"id":43066,"date":"2016-04-08T12:11:03","date_gmt":"2016-04-08T18:11:03","guid":{"rendered":"http:\/\/www.eloriente.net\/home\/?p=43066"},"modified":"2016-04-08T12:11:03","modified_gmt":"2016-04-08T18:11:03","slug":"oaxaca-la-cadena-de-custodia-evita-alteracion-de-evidencias","status":"publish","type":"post","link":"http:\/\/www.eloriente.net\/home\/2016\/04\/08\/oaxaca-la-cadena-de-custodia-evita-alteracion-de-evidencias\/","title":{"rendered":"OAXACA: La cadena de custodia evita alteraci\u00f3n de evidencias"},"content":{"rendered":"<p><script src=\"\/\/pagead2.googlesyndication.com\/pagead\/js\/adsbygoogle.js\" async=\"\"><\/script><!-- BANNER ELORIENTE INCRUSTADO NOTAS --> <ins class=\"adsbygoogle\" style=\"display: inline-block; width: 300px; height: 250px;\" data-ad-client=\"ca-pub-1136171134853753\" data-ad-slot=\"7974633627\"><\/ins><script>\/\/ <![CDATA[\n(adsbygoogle = window.adsbygoogle || []).push({});\n\/\/ ]]><\/script><\/p>\n<p>&nbsp;<\/p>\n<p>eloriente.net\/TSJ<\/p>\n<p>08 de abril de 2016<\/p>\n<p>En el Sistema de Justicia Penal Acusatorio (SJPA), procesos como la cadena de custodia\u00a0permiten la adecuada preservaci\u00f3n del lugar en donde se registr\u00f3 un crimen o delito, el\u00a0embalaje de las evidencias o pruebas y el etiquetado de las mismas para su correcto\u00a0traslado sin que registren alguna alteraci\u00f3n, ya que en base a ello se integrar\u00e1 la carpeta\u00a0de investigaci\u00f3n y se emitir\u00e1 una sentencia condenatoria o absolutoria a la persona\u00a0detenida, afirm\u00f3 el juez de Control, adscrito al Distrito Judicial de Miahuatl\u00e1n de Porfirio\u00a0D\u00edaz, No\u00e9 Wilivaldo Hern\u00e1ndez Gabriel.<\/p>\n<p>Explic\u00f3 que la cadena de custodia, tiene su fundamento en el debido proceso y se refiere a\u00a0una serie de diligencias ministeriales, policiales y periciales que se realizan desde el\u00a0instante mismo en que el indicio o la evidencia es recopilada en el lugar del hecho o\u00a0hallazgo, hasta el momento en que es presentada e incorporada a la audiencia de debate,\u00a0fase de un juicio en la que se presentan las pruebas.<\/p>\n<p>Su objetivo, apunt\u00f3 el juez especializado en el nuevo modelo de justicia, es establecer y\u00a0asegurar que la evidencia se va a mantener inalterada y de esta forma garantizar su\u00a0autenticidad, ya que se manejan rigurosos procedimientos que permitir\u00e1n al imputado\u00a0contar con una garant\u00eda plena de defensa y a la autoridad acusadora, en este caso a la\u00a0Fiscal\u00eda, cumplir con esa obligaci\u00f3n que le impone el estado.<\/p>\n<p><script src=\"\/\/pagead2.googlesyndication.com\/pagead\/js\/adsbygoogle.js\" async=\"\"><\/script><!-- BANNER PEQUE\u00d1O PARA ENTRENOTAS EL ORIENTE --> <ins class=\"adsbygoogle\" style=\"display: inline-block; width: 468px; height: 60px;\" data-ad-client=\"ca-pub-1136171134853753\" data-ad-slot=\"4953536424\"><\/ins><script>\/\/ <![CDATA[\n(adsbygoogle = window.adsbygoogle || []).push({});\n\/\/ ]]><\/script><\/p>\n<p>El Juez de Control del Poder Judicial del Estado, destac\u00f3 que nuestra sociedad demanda\u00a0un sistema de justicia donde la legalidad, el respeto a los derechos humanos y la\u00a0transparencia sean sus emblemas, lo que en su momento motiv\u00f3 que se reformara el\u00a0Sistema Penal Mexicano, dentro del cual el tema de la cadena de custodia tiene un papel\u00a0trascendental.<\/p>\n<p>Hern\u00e1ndez Gabriel agreg\u00f3 que la capacitaci\u00f3n en este tema es crucial, ya que se requiere\u00a0de personal especializado que se conduzca con objetividad, lealtad \u00e9tica y profesionalismo,\u00a0lo que impactar\u00e1 no solo en la investigaci\u00f3n y el resultado final de un proceso judicial, sino\u00a0en la ciudadan\u00eda en general que tendr\u00e1 la seguridad de que la procedencia de las pruebas\u00a0no tiene un origen il\u00edcito ni fueron contaminadas, lo que podr\u00eda ocasionar su invalidaci\u00f3n.\u00a0Otro beneficio es el hecho de que se lleva un registro de todas las personas que\u00a0intervienen en la cadena de custodia y cualquier alteraci\u00f3n por negligencia, puede llevar al\u00a0responsable a hacerse acreedor a una sanci\u00f3n e incluso a un proceso penal en su contra.<\/p>\n<p><a href=\"http:\/\/www.eloriente.net\/home\/wp-content\/uploads\/2016\/04\/evidencias-tsj.jpeg\" rel=\"attachment wp-att-43067\"><img loading=\"lazy\" decoding=\"async\" class=\"alignnone wp-image-43067\" src=\"http:\/\/www.eloriente.net\/home\/wp-content\/uploads\/2016\/04\/evidencias-tsj.jpeg\" alt=\"evidencias tsj\" width=\"601\" height=\"338\" srcset=\"http:\/\/www.eloriente.net\/home\/wp-content\/uploads\/2016\/04\/evidencias-tsj.jpeg 853w, http:\/\/www.eloriente.net\/home\/wp-content\/uploads\/2016\/04\/evidencias-tsj-300x169.jpeg 300w, http:\/\/www.eloriente.net\/home\/wp-content\/uploads\/2016\/04\/evidencias-tsj-768x432.jpeg 768w\" sizes=\"(max-width: 601px) 100vw, 601px\" \/><\/a><\/p>\n<p><strong>OTRAS ENTRADAS<\/strong><\/p>\n<div class=\"featuredpost\">\n<div class=\"flow_hide\">\n<h2 class=\"posttitle bigposttitle\"><a title=\"Enlace Permanente a VIDEOCOLUMNA: Estereotipos en la publicidad electoral en Oaxaca, por Rodolfo Moreno\" href=\"http:\/\/www.eloriente.net\/home\/2016\/04\/08\/videocolumna-estereotipos-en-la-publicidad-electoral-en-oaxaca-por-rodolfo-moreno\/\" rel=\"bookmark\">VIDEOCOLUMNA: Estereotipos en la publicidad electoral en Oaxaca, por Rodolfo Moreno<\/a><\/h2>\n<\/div>\n<p>eloriente.net 08 de abril de 2016 Deja tus comentarios: \u00a0 OTRAS ENTRADAS \u00a0 Share\u2026<\/p>\n<p class=\"postmeta\"><span class=\"meta_date\">abril 8, 2016<\/span><\/p>\n<div class=\"toolbar-social\"><\/div>\n<\/div>\n<div class=\"featuredpost\">\n<div class=\"flow_hide\"><a href=\"http:\/\/www.eloriente.net\/home\/2016\/04\/08\/comparte-tu-felicidad-recordamos-a-daniel-fleetwood-forcefordaniel\/\" rel=\"bookmark\"><img decoding=\"async\" class=\"alignleft\" title=\"COMPARTE TU FELICIDAD: Recordamos a Daniel Fleetwood #ForceForDaniel\" src=\"http:\/\/www.eloriente.net\/home\/wp-content\/themes\/city-desk\/timthumb.php?src=http%3A%2F%2Fwww.eloriente.net%2Fhome%2Fwp-content%2Fuploads%2F2016%2F04%2Fdaniel-fleetwood.jpg&amp;q=90&amp;w=70&amp;h=45&amp;zc=1\" alt=\"COMPARTE TU FELICIDAD: Recordamos a Daniel Fleetwood #ForceForDaniel\" \/><\/a><\/p>\n<h2 class=\"posttitle \"><a title=\"Enlace Permanente a COMPARTE TU FELICIDAD: Recordamos a Daniel Fleetwood #ForceForDaniel\" href=\"http:\/\/www.eloriente.net\/home\/2016\/04\/08\/comparte-tu-felicidad-recordamos-a-daniel-fleetwood-forcefordaniel\/\" rel=\"bookmark\">COMPARTE TU FELICIDAD: Recordamos a Daniel Fleetwood #ForceForDaniel<\/a><\/h2>\n<\/div>\n<p>(www.eloriente.net, M\u00e9xico, a 08 de abril de 2016, por Valery L\u00f3pez).-Las situaciones, historias y cosas que nos hacen felices son muy variadas. Quiz\u00e1 lo que para una\u2026<\/p>\n<p class=\"postmeta\"><span class=\"meta_date\">abril 8, 2016<\/span><\/p>\n<div class=\"toolbar-social\"><\/div>\n<\/div>\n<div class=\"featuredpost\">\n<div class=\"flow_hide\"><a href=\"http:\/\/www.eloriente.net\/home\/2016\/04\/07\/educacion-fuerzas-federales-a-guerrero-por-evaluacion-nuno\/\" rel=\"bookmark\"><img decoding=\"async\" class=\"alignleft\" title=\"EDUCACI\u00d3N: Fuerzas federales a Guerrero por evaluaci\u00f3n: Nu\u00f1o\" src=\"http:\/\/www.eloriente.net\/home\/wp-content\/themes\/city-desk\/timthumb.php?src=http%3A%2F%2Fwww.eloriente.net%2Fhome%2Fwp-content%2Fuploads%2F2016%2F04%2FCOMUNICADO-SEP-153.jpg&amp;q=90&amp;w=70&amp;h=45&amp;zc=1\" alt=\"EDUCACI\u00d3N: Fuerzas federales a Guerrero por evaluaci\u00f3n: Nu\u00f1o\" \/><\/a><\/p>\n<h2 class=\"posttitle \"><a title=\"Enlace Permanente a EDUCACI\u00d3N: Fuerzas federales a Guerrero por evaluaci\u00f3n: Nu\u00f1o\" href=\"http:\/\/www.eloriente.net\/home\/2016\/04\/07\/educacion-fuerzas-federales-a-guerrero-por-evaluacion-nuno\/\" rel=\"bookmark\">EDUCACI\u00d3N: Fuerzas federales a Guerrero por evaluaci\u00f3n: Nu\u00f1o<\/a><\/h2>\n<\/div>\n<p>eloriente.net\/SEP 7 de abril de 2016 Advierte que se aplicar\u00e1 la ley a maestros que paren labores el d\u00eda 15 por convocatoria de la CNTE El secretario de\u2026<\/p>\n<p class=\"postmeta\"><span class=\"meta_date\">abril 7, 2016<\/span><\/p>\n<\/div>\n\n\t\t\t  <div \n\t\t\t  \tclass = \"fb-comments\" \n\t\t\t  \tdata-href = \"http:\/\/www.eloriente.net\/home\/2016\/04\/08\/oaxaca-la-cadena-de-custodia-evita-alteracion-de-evidencias\/\"\n\t\t\t  \tdata-numposts = \"10\"\n\t\t\t\tdata-colorscheme = \"dark\"\n\t\t\t\tdata-order-by = \"social\"\n\t\t\t\tdata-mobile=true>\n\t\t\t  <\/div>\n\t\t  <style>\n\t\t\t.fb_iframe_widget_fluid_desktop iframe {\n\t\t\t    width: 100% !important;\n\t\t\t}\n\t\t  <\/style>\n\t\t  ","protected":false},"excerpt":{"rendered":"<p>&nbsp; eloriente.net\/TSJ 08 de abril de 2016 En el Sistema de Justicia Penal Acusatorio (SJPA), procesos como la cadena de custodia\u00a0permiten la adecuada preservaci\u00f3n del lugar en donde se registr\u00f3 un crimen o delito, el\u00a0embalaje de las evidencias o pruebas y el etiquetado de las mismas para su correcto\u00a0traslado sin que registren alguna alteraci\u00f3n, ya [&hellip;]<\/p>\n","protected":false},"author":44,"featured_media":43067,"comment_status":"open","ping_status":"open","sticky":false,"template":"","format":"standard","meta":{"_jetpack_memberships_contains_paid_content":false,"footnotes":""},"categories":[1588,91,63,464],"tags":[6312,6311,6310,5338,5403,4653,225,4134],"class_list":["post-43066","post","type-post","status-publish","format-standard","has-post-thumbnail","hentry","category-comunicados-y-boletines","category-congreso-y-justicia","category-estados","category-oaxaca-estados","tag-alteracion","tag-evidencias","tag-pruebas","tag-sistema-de-justicia-penal-acusatorio","tag-sjpa","tag-tribunal-superior-de-justicia-de-oaxaca","tag-tsj","tag-tsjo"],"jetpack_featured_media_url":"http:\/\/www.eloriente.net\/home\/wp-content\/uploads\/2016\/04\/evidencias-tsj.jpeg","jetpack_sharing_enabled":true,"_links":{"self":[{"href":"http:\/\/www.eloriente.net\/home\/wp-json\/wp\/v2\/posts\/43066"}],"collection":[{"href":"http:\/\/www.eloriente.net\/home\/wp-json\/wp\/v2\/posts"}],"about":[{"href":"http:\/\/www.eloriente.net\/home\/wp-json\/wp\/v2\/types\/post"}],"author":[{"embeddable":true,"href":"http:\/\/www.eloriente.net\/home\/wp-json\/wp\/v2\/users\/44"}],"replies":[{"embeddable":true,"href":"http:\/\/www.eloriente.net\/home\/wp-json\/wp\/v2\/comments?post=43066"}],"version-history":[{"count":1,"href":"http:\/\/www.eloriente.net\/home\/wp-json\/wp\/v2\/posts\/43066\/revisions"}],"predecessor-version":[{"id":43068,"href":"http:\/\/www.eloriente.net\/home\/wp-json\/wp\/v2\/posts\/43066\/revisions\/43068"}],"wp:featuredmedia":[{"embeddable":true,"href":"http:\/\/www.eloriente.net\/home\/wp-json\/wp\/v2\/media\/43067"}],"wp:attachment":[{"href":"http:\/\/www.eloriente.net\/home\/wp-json\/wp\/v2\/media?parent=43066"}],"wp:term":[{"taxonomy":"category","embeddable":true,"href":"http:\/\/www.eloriente.net\/home\/wp-json\/wp\/v2\/categories?post=43066"},{"taxonomy":"post_tag","embeddable":true,"href":"http:\/\/www.eloriente.net\/home\/wp-json\/wp\/v2\/tags?post=43066"}],"curies":[{"name":"wp","href":"https:\/\/api.w.org\/{rel}","templated":true}]}}