{"id":43083,"date":"2016-04-09T12:28:32","date_gmt":"2016-04-09T18:28:32","guid":{"rendered":"http:\/\/www.eloriente.net\/home\/?p=43083"},"modified":"2016-04-14T11:06:38","modified_gmt":"2016-04-14T17:06:38","slug":"videocolumna-no-mas-confrontacion-queremos-propuestas-serias-por-alejandro-cruz","status":"publish","type":"post","link":"http:\/\/www.eloriente.net\/home\/2016\/04\/09\/videocolumna-no-mas-confrontacion-queremos-propuestas-serias-por-alejandro-cruz\/","title":{"rendered":"VIDEOCOLUMNA: No m\u00e1s confrontaci\u00f3n, queremos propuestas serias. Por Alejandro Cruz"},"content":{"rendered":"<p><script src=\"\/\/pagead2.googlesyndication.com\/pagead\/js\/adsbygoogle.js\" async=\"\"><\/script><!-- BANNER ELORIENTE INCRUSTADO NOTAS --> <ins class=\"adsbygoogle\" style=\"display: inline-block; width: 300px; height: 250px;\" data-ad-client=\"ca-pub-1136171134853753\" data-ad-slot=\"7974633627\"><\/ins><script>\/\/ <![CDATA[\n(adsbygoogle = window.adsbygoogle || []).push({});\n\/\/ ]]><\/script><\/p>\n<p>&nbsp;<\/p>\n<p>eloriente.net\/Redes EL ORIENTE<\/p>\n<p>09 de abril de 2016<\/p>\n<p>&nbsp;<\/p>\n<div id=\"fb-root\"><\/div>\n<p><script>\/\/ <![CDATA[\n(function(d, s, id) { var js, fjs = d.getElementsByTagName(s)[0]; if (d.getElementById(id)) return; js = d.createElement(s); js.id = id; js.src = \"\/\/connect.facebook.net\/es_LA\/sdk.js#xfbml=1&#038;version=v2.3\"; fjs.parentNode.insertBefore(js, fjs);}(document, 'script', 'facebook-jssdk'));\n\/\/ ]]><\/script><\/p>\n<div class=\"fb-video\" data-allowfullscreen=\"1\" data-href=\"https:\/\/www.facebook.com\/443535572345554\/videos\/1168986956467075\/\">\n<div class=\"fb-xfbml-parse-ignore\">\n<blockquote cite=\"https:\/\/www.facebook.com\/443535572345554\/videos\/1168986956467075\/\"><p>Benjam\u00edn, Pepe To\u00f1o, Alejandro y Salom\u00f3n, queremos propuestas que permitan sacar a Oaxaca de los rezagos ancestrales que sus partidos pol\u00edticos han acrecentado. Ya no queremos dimes y diretes.Alejandro Cruz opina sobre la preferencia de los candidatos a Gobernador en Oaxaca por el discurso de confrontaci\u00f3n y sobre la falta de propuestas serias en sus campa\u00f1as.VIDEOCOLUMNA en ELORIENTE.NET, la p\u00e1gina de internet de calidad en Todo #Oaxaca.CEE Morena Oaxaca PRI CDE Oaxaca PAN CDE Oaxaca PRD Oaxaca PT Oaxaca<\/p>\n<p>Posted by <a href=\"https:\/\/www.facebook.com\/El-Oriente-443535572345554\/\">El Oriente<\/a> on viernes, 8 de abril de 2016<\/p><\/blockquote>\n<\/div>\n<\/div>\n<p><script src=\"\/\/pagead2.googlesyndication.com\/pagead\/js\/adsbygoogle.js\" async=\"\"><\/script><!-- BANNER PEQUE\u00d1O PARA ENTRENOTAS EL ORIENTE --> <ins class=\"adsbygoogle\" style=\"display: inline-block; width: 468px; height: 60px;\" data-ad-client=\"ca-pub-1136171134853753\" data-ad-slot=\"4953536424\"><\/ins><script>\/\/ <![CDATA[\n(adsbygoogle = window.adsbygoogle || []).push({});\n\/\/ ]]><\/script><\/p>\n<p><a href=\"http:\/\/www.eloriente.net\/home\/wp-content\/uploads\/2016\/04\/Captura-de-pantalla-2016-04-09-a-las-1.06.05-p.m..png\" rel=\"attachment wp-att-43084\"><img loading=\"lazy\" decoding=\"async\" class=\"alignnone wp-image-43084\" src=\"http:\/\/www.eloriente.net\/home\/wp-content\/uploads\/2016\/04\/Captura-de-pantalla-2016-04-09-a-las-1.06.05-p.m..png\" alt=\"Captura de pantalla 2016-04-09 a las 1.06.05 p.m.\" width=\"601\" height=\"338\" srcset=\"http:\/\/www.eloriente.net\/home\/wp-content\/uploads\/2016\/04\/Captura-de-pantalla-2016-04-09-a-las-1.06.05-p.m..png 1920w, http:\/\/www.eloriente.net\/home\/wp-content\/uploads\/2016\/04\/Captura-de-pantalla-2016-04-09-a-las-1.06.05-p.m.-300x169.png 300w, http:\/\/www.eloriente.net\/home\/wp-content\/uploads\/2016\/04\/Captura-de-pantalla-2016-04-09-a-las-1.06.05-p.m.-768x432.png 768w, http:\/\/www.eloriente.net\/home\/wp-content\/uploads\/2016\/04\/Captura-de-pantalla-2016-04-09-a-las-1.06.05-p.m.-1024x576.png 1024w\" sizes=\"(max-width: 601px) 100vw, 601px\" \/><\/a><\/p>\n<p><strong>OTRAS ENTRADAS<\/strong><\/p>\n<div class=\"featuredpost\">\n<div class=\"flow_hide\">\n<h2 class=\"posttitle bigposttitle\"><a title=\"Enlace Permanente a TU AULA: \u00datiles consejos para emprendedores\" href=\"http:\/\/www.eloriente.net\/home\/2016\/04\/09\/tu-aula-utiles-consejos-para-emprendedores\/\" rel=\"bookmark\">TU AULA: \u00datiles consejos para emprendedores<\/a><\/h2>\n<\/div>\n<p>(www.eloriente.net, M\u00e9xico, a 09 de abril de 2016, por Valery L\u00f3pez).- \u00a0Semanalmente en EL ORIENTE estaremos compartiendo con nuestros lectores algunos consejos de utilidad para distintas cuestiones,\u2026<\/p>\n<p class=\"postmeta\"><span class=\"meta_date\">abril 9, 2016<\/span><\/p>\n<div class=\"toolbar-social\"><\/div>\n<\/div>\n<div class=\"featuredpost\">\n<div class=\"flow_hide\">\n<p><a href=\"http:\/\/www.eloriente.net\/home\/2016\/04\/08\/cine-en-proximos-dias-imcine-dara-a-conocer-resultados-del-programa-de-estimulo-a-creadores-cinematograficos-2016\/\" rel=\"bookmark\"><img decoding=\"async\" class=\"alignleft\" title=\"CINE: En pr\u00f3ximos d\u00edas IMCINE dar\u00e1 a conocer resultados del Programa de Est\u00edmulo a Creadores Cinematogr\u00e1ficos 2016\" src=\"http:\/\/www.eloriente.net\/home\/wp-content\/themes\/city-desk\/timthumb.php?src=http%3A%2F%2Fwww.eloriente.net%2Fhome%2Fwp-content%2Fuploads%2F2016%2F04%2Fproduction-Emrys-Roberts.jpg&amp;q=90&amp;w=70&amp;h=45&amp;zc=1\" alt=\"CINE: En pr\u00f3ximos d\u00edas IMCINE dar\u00e1 a conocer resultados del Programa de Est\u00edmulo a Creadores Cinematogr\u00e1ficos 2016\" \/><\/a><\/p>\n<h2 class=\"posttitle \"><a title=\"Enlace Permanente a CINE: En pr\u00f3ximos d\u00edas IMCINE dar\u00e1 a conocer resultados del Programa de Est\u00edmulo a Creadores Cinematogr\u00e1ficos 2016\" href=\"http:\/\/www.eloriente.net\/home\/2016\/04\/08\/cine-en-proximos-dias-imcine-dara-a-conocer-resultados-del-programa-de-estimulo-a-creadores-cinematograficos-2016\/\" rel=\"bookmark\">CINE: En pr\u00f3ximos d\u00edas IMCINE dar\u00e1 a conocer resultados del Programa de Est\u00edmulo a Creadores Cinematogr\u00e1ficos 2016<\/a><\/h2>\n<\/div>\n<p>eloriente.net\/IMCINE 08 de abril de 2016 \u00a0 El pasado 19 de diciembre, el Instituto Mexicano de Cinematograf\u00eda (IMCINE), lanz\u00f3 la Convocatoria para el Programa de Est\u00edmulo a\u2026<\/p>\n<p class=\"postmeta\"><span class=\"meta_date\">abril 8, 2016<\/span><\/p>\n<div class=\"toolbar-social\"><\/div>\n<\/div>\n<div class=\"featuredpost\">\n<div class=\"flow_hide\">\n<p><a href=\"http:\/\/www.eloriente.net\/home\/2016\/04\/08\/derechos-humanos-la-norma-mexicana-en-igualdad-laboral-y-no-discriminacion-2015-por-ana-luisa-nerio\/\" rel=\"bookmark\"><img decoding=\"async\" class=\"alignleft\" title=\"DERECHOS HUMANOS: La Norma Mexicana en Igualdad Laboral y No Discriminaci\u00f3n 2015. Por Ana Luisa Nerio\" src=\"http:\/\/www.eloriente.net\/home\/wp-content\/themes\/city-desk\/timthumb.php?src=http%3A%2F%2Fwww.eloriente.net%2Fhome%2Fwp-content%2Fuploads%2F2016%2F04%2Figualdad-por-%40Administracion-nacional-de-la-seguridad-social.jpg&amp;q=90&amp;w=70&amp;h=45&amp;zc=1\" alt=\"DERECHOS HUMANOS: La Norma Mexicana en Igualdad Laboral y No Discriminaci\u00f3n 2015. Por Ana Luisa Nerio\" \/><\/a><\/p>\n<h2 class=\"posttitle \"><a title=\"Enlace Permanente a DERECHOS HUMANOS: La Norma Mexicana en Igualdad Laboral y No Discriminaci\u00f3n 2015. Por Ana Luisa Nerio\" href=\"http:\/\/www.eloriente.net\/home\/2016\/04\/08\/derechos-humanos-la-norma-mexicana-en-igualdad-laboral-y-no-discriminacion-2015-por-ana-luisa-nerio\/\" rel=\"bookmark\">DERECHOS HUMANOS: La Norma Mexicana en Igualdad Laboral y No Discriminaci\u00f3n 2015. Por Ana Luisa Nerio<\/a><\/h2>\n<\/div>\n<p>eloriente.net\/Enfoque DH 08 de abril de 2016 Por: Ana Luisa Nerio Monroy @aluisanerio La Norma Mexicana NMX-R-025-SCFI-2015 en Igualdad Laboral y No Discriminaci\u00f3n conjunta en un solo\u2026<\/p>\n<p class=\"postmeta\"><span class=\"meta_date\">abril 8, 2016<\/span><\/p>\n<\/div>\n\n\t\t\t  <div \n\t\t\t  \tclass = \"fb-comments\" \n\t\t\t  \tdata-href = \"http:\/\/www.eloriente.net\/home\/2016\/04\/09\/videocolumna-no-mas-confrontacion-queremos-propuestas-serias-por-alejandro-cruz\/\"\n\t\t\t  \tdata-numposts = \"10\"\n\t\t\t\tdata-colorscheme = \"dark\"\n\t\t\t\tdata-order-by = \"social\"\n\t\t\t\tdata-mobile=true>\n\t\t\t  <\/div>\n\t\t  <style>\n\t\t\t.fb_iframe_widget_fluid_desktop iframe {\n\t\t\t    width: 100% !important;\n\t\t\t}\n\t\t  <\/style>\n\t\t  ","protected":false},"excerpt":{"rendered":"<p>&nbsp; eloriente.net\/Redes EL ORIENTE 09 de abril de 2016 &nbsp; Benjam\u00edn, Pepe To\u00f1o, Alejandro y Salom\u00f3n, queremos propuestas que permitan sacar a Oaxaca de los rezagos ancestrales que sus partidos pol\u00edticos han acrecentado. Ya no queremos dimes y diretes.Alejandro Cruz opina sobre la preferencia de los candidatos a Gobernador en Oaxaca por el discurso de [&hellip;]<\/p>\n","protected":false},"author":36,"featured_media":43085,"comment_status":"open","ping_status":"open","sticky":false,"template":"","format":"standard","meta":{"_jetpack_memberships_contains_paid_content":false,"footnotes":""},"categories":[2829,6243,11,71,32,63,464,21,31,98],"tags":[3339,4190,3279,879,369,73,197,3514,6224],"class_list":["post-43083","post","type-post","status-publish","format-standard","has-post-thumbnail","hentry","category-alejandro-cruz-pimentel","category-alejandro-cruz-pimentel-videoblogs","category-colaboradores","category-elecciones","category-entradas","category-estados","category-oaxaca-estados","category-politica-y-gobierno","category-principal","category-videoblogs","tag-alejandro-cruz","tag-alejandro-cruz-pimentel","tag-candidatos","tag-columna","tag-elecciones-2","tag-oaxaca","tag-opinion","tag-propuestas","tag-videocolumna"],"jetpack_featured_media_url":"http:\/\/www.eloriente.net\/home\/wp-content\/uploads\/2016\/04\/Captura-de-pantalla-2016-04-09-a-las-1.06.05-p.m.-1-e1460226124520.png","jetpack_sharing_enabled":true,"_links":{"self":[{"href":"http:\/\/www.eloriente.net\/home\/wp-json\/wp\/v2\/posts\/43083"}],"collection":[{"href":"http:\/\/www.eloriente.net\/home\/wp-json\/wp\/v2\/posts"}],"about":[{"href":"http:\/\/www.eloriente.net\/home\/wp-json\/wp\/v2\/types\/post"}],"author":[{"embeddable":true,"href":"http:\/\/www.eloriente.net\/home\/wp-json\/wp\/v2\/users\/36"}],"replies":[{"embeddable":true,"href":"http:\/\/www.eloriente.net\/home\/wp-json\/wp\/v2\/comments?post=43083"}],"version-history":[{"count":1,"href":"http:\/\/www.eloriente.net\/home\/wp-json\/wp\/v2\/posts\/43083\/revisions"}],"predecessor-version":[{"id":43086,"href":"http:\/\/www.eloriente.net\/home\/wp-json\/wp\/v2\/posts\/43083\/revisions\/43086"}],"wp:featuredmedia":[{"embeddable":true,"href":"http:\/\/www.eloriente.net\/home\/wp-json\/wp\/v2\/media\/43085"}],"wp:attachment":[{"href":"http:\/\/www.eloriente.net\/home\/wp-json\/wp\/v2\/media?parent=43083"}],"wp:term":[{"taxonomy":"category","embeddable":true,"href":"http:\/\/www.eloriente.net\/home\/wp-json\/wp\/v2\/categories?post=43083"},{"taxonomy":"post_tag","embeddable":true,"href":"http:\/\/www.eloriente.net\/home\/wp-json\/wp\/v2\/tags?post=43083"}],"curies":[{"name":"wp","href":"https:\/\/api.w.org\/{rel}","templated":true}]}}