{"id":43343,"date":"2016-04-29T20:12:25","date_gmt":"2016-04-30T02:12:25","guid":{"rendered":"http:\/\/www.eloriente.net\/home\/?p=43343"},"modified":"2016-05-01T09:02:31","modified_gmt":"2016-05-01T15:02:31","slug":"elecciones-video-del-debate-a-gobernador-de-oaxaca","status":"publish","type":"post","link":"http:\/\/www.eloriente.net\/home\/2016\/04\/29\/elecciones-video-del-debate-a-gobernador-de-oaxaca\/","title":{"rendered":"Seguimiento del Debate a Gobernador de #Oaxaca"},"content":{"rendered":"<p><script src=\"\/\/pagead2.googlesyndication.com\/pagead\/js\/adsbygoogle.js\" async=\"\"><\/script><!-- BANNER ELORIENTE INCRUSTADO NOTAS --> <ins class=\"adsbygoogle\" style=\"display: inline-block; width: 300px; height: 250px;\" data-ad-client=\"ca-pub-1136171134853753\" data-ad-slot=\"7974633627\"><\/ins><script>\/\/ <![CDATA[\n(adsbygoogle = window.adsbygoogle || []).push({});\n\/\/ ]]><\/script><\/p>\n<p>&nbsp;<br \/>\n<iframe loading=\"lazy\" width=\"420\" height=\"315\" src=\"https:\/\/www.youtube.com\/embed\/JR7sUIl8rtA\" frameborder=\"0\" allowfullscreen><\/iframe><br \/>\n&nbsp;<\/p>\n<p>(www.eloriente.net, M\u00e9xico, 29 de abril de 2016. Por: Carlos Guti\u00e9rrez).- Esta noche, se llev\u00f3 a cabo en las instalaciones de la Coorporaci\u00f3n Oaxaque\u00f1a de Radio y Televisi\u00f3n (CORTV), el primer debate a gobernador de Oaxaca para las elecciones del pr\u00f3ximo 5 de junio.<\/p>\n<p>En este marco, Gustavo Meixueiro, Presidente del Instituto Estatal Electoral y de Participaci\u00f3n Ciudadana de Oaxaca (IEEPCO), dirigi\u00f3 un mensaje inicial para agradecer a los ciudadanos el seguir este ejercicio democr\u00e1tico.<br \/>\n<script src=\"\/\/pagead2.googlesyndication.com\/pagead\/js\/adsbygoogle.js\" async=\"\"><\/script><br \/>\n <!-- BANNER PEQUE\u00d1O PARA ENTRENOTAS EL ORIENTE --><br \/>\n <ins class=\"adsbygoogle\" style=\"display: inline-block; width: 468px; height: 60px;\" data-ad-client=\"ca-pub-1136171134853753\" data-ad-slot=\"4953536424\"><\/ins><br \/>\n<script>\/\/ <![CDATA[\n(adsbygoogle = window.adsbygoogle || []).push({});\n\/\/ ]]><\/script><br \/>\nA continuaci\u00f3n el desarrollo minuto a minuto del debate, a trav\u00e9s de la cobertura @EleccionesOax que El Oriente prepar\u00f3 para esta ocasi\u00f3n:<br \/>\n<a class=\"twitter-timeline\" href=\"https:\/\/twitter.com\/EleccionesOax\" data-widget-id=\"584790606938935296\">Tweets por el @EleccionesOax.<\/a><br \/>\n<script>\/\/ <![CDATA[\n!function(d,s,id){var js,fjs=d.getElementsByTagName(s)[0],p=\/^http:\/.test(d.location)?'http':'https';if(!d.getElementById(id)){js=d.createElement(s);js.id=id;js.src=p+\":\/\/platform.twitter.com\/widgets.js\";fjs.parentNode.insertBefore(js,fjs);}}(document,\"script\",\"twitter-wjs\");\n\/\/ ]]><\/script><\/p>\n<p>&nbsp;<\/p>\n<p>&nbsp;<\/p>\n<p><a href=\"http:\/\/www.eloriente.net\/home\/wp-content\/uploads\/2016\/04\/CORTV.jpg\" rel=\"attachment wp-att-43345\"><img loading=\"lazy\" decoding=\"async\" class=\"alignnone size-full wp-image-43345\" src=\"http:\/\/www.eloriente.net\/home\/wp-content\/uploads\/2016\/04\/CORTV.jpg\" alt=\"CORTV\" width=\"599\" height=\"253\" srcset=\"http:\/\/www.eloriente.net\/home\/wp-content\/uploads\/2016\/04\/CORTV.jpg 599w, http:\/\/www.eloriente.net\/home\/wp-content\/uploads\/2016\/04\/CORTV-300x127.jpg 300w\" sizes=\"(max-width: 599px) 100vw, 599px\" \/><\/a><\/p>\n<p>&nbsp;<\/p>\n<p>&nbsp;<\/p>\n<p>&nbsp;<\/p>\n\n\t\t\t  <div \n\t\t\t  \tclass = \"fb-comments\" \n\t\t\t  \tdata-href = \"http:\/\/www.eloriente.net\/home\/2016\/04\/29\/elecciones-video-del-debate-a-gobernador-de-oaxaca\/\"\n\t\t\t  \tdata-numposts = \"10\"\n\t\t\t\tdata-colorscheme = \"dark\"\n\t\t\t\tdata-order-by = \"social\"\n\t\t\t\tdata-mobile=true>\n\t\t\t  <\/div>\n\t\t  <style>\n\t\t\t.fb_iframe_widget_fluid_desktop iframe {\n\t\t\t    width: 100% !important;\n\t\t\t}\n\t\t  <\/style>\n\t\t  ","protected":false},"excerpt":{"rendered":"<p>&nbsp; &nbsp; (www.eloriente.net, M\u00e9xico, 29 de abril de 2016. Por: Carlos Guti\u00e9rrez).- Esta noche, se llev\u00f3 a cabo en las instalaciones de la Coorporaci\u00f3n Oaxaque\u00f1a de Radio y Televisi\u00f3n (CORTV), el primer debate a gobernador de Oaxaca para las elecciones del pr\u00f3ximo 5 de junio. En este marco, Gustavo Meixueiro, Presidente del Instituto Estatal Electoral [&hellip;]<\/p>\n","protected":false},"author":1,"featured_media":43345,"comment_status":"open","ping_status":"open","sticky":false,"template":"","format":"standard","meta":{"_jetpack_memberships_contains_paid_content":false,"footnotes":""},"categories":[2434,4,9,71,32,63,464,21,31],"tags":[4052,79,4295,6420,4047],"class_list":["post-43343","post","type-post","status-publish","format-standard","has-post-thumbnail","hentry","category-lunesdepolitica","category-canal-2-en-vivo","category-editorial","category-elecciones","category-entradas","category-estados","category-oaxaca-estados","category-politica-y-gobierno","category-principal","tag-alejandro-murat","tag-benjamin-robles","tag-elecciones-oaxaca-2016","tag-morena-en-oaxaca","tag-salomon-jara"],"jetpack_featured_media_url":"http:\/\/www.eloriente.net\/home\/wp-content\/uploads\/2016\/04\/CORTV.jpg","jetpack_sharing_enabled":true,"_links":{"self":[{"href":"http:\/\/www.eloriente.net\/home\/wp-json\/wp\/v2\/posts\/43343"}],"collection":[{"href":"http:\/\/www.eloriente.net\/home\/wp-json\/wp\/v2\/posts"}],"about":[{"href":"http:\/\/www.eloriente.net\/home\/wp-json\/wp\/v2\/types\/post"}],"author":[{"embeddable":true,"href":"http:\/\/www.eloriente.net\/home\/wp-json\/wp\/v2\/users\/1"}],"replies":[{"embeddable":true,"href":"http:\/\/www.eloriente.net\/home\/wp-json\/wp\/v2\/comments?post=43343"}],"version-history":[{"count":3,"href":"http:\/\/www.eloriente.net\/home\/wp-json\/wp\/v2\/posts\/43343\/revisions"}],"predecessor-version":[{"id":43366,"href":"http:\/\/www.eloriente.net\/home\/wp-json\/wp\/v2\/posts\/43343\/revisions\/43366"}],"wp:featuredmedia":[{"embeddable":true,"href":"http:\/\/www.eloriente.net\/home\/wp-json\/wp\/v2\/media\/43345"}],"wp:attachment":[{"href":"http:\/\/www.eloriente.net\/home\/wp-json\/wp\/v2\/media?parent=43343"}],"wp:term":[{"taxonomy":"category","embeddable":true,"href":"http:\/\/www.eloriente.net\/home\/wp-json\/wp\/v2\/categories?post=43343"},{"taxonomy":"post_tag","embeddable":true,"href":"http:\/\/www.eloriente.net\/home\/wp-json\/wp\/v2\/tags?post=43343"}],"curies":[{"name":"wp","href":"https:\/\/api.w.org\/{rel}","templated":true}]}}