{"id":43477,"date":"2016-05-12T15:21:34","date_gmt":"2016-05-12T21:21:34","guid":{"rendered":"http:\/\/www.eloriente.net\/home\/?p=43477"},"modified":"2016-05-12T15:21:34","modified_gmt":"2016-05-12T21:21:34","slug":"oaxaca-5-actividades-culturales-en-oaxaca-que-no-te-puedes-perder-13-14-de-mayo","status":"publish","type":"post","link":"http:\/\/www.eloriente.net\/home\/2016\/05\/12\/oaxaca-5-actividades-culturales-en-oaxaca-que-no-te-puedes-perder-13-14-de-mayo\/","title":{"rendered":"OAXACA: 5 actividades culturales en Oaxaca que no te puedes perder (13-14 de mayo)"},"content":{"rendered":"<p><script src=\"\/\/pagead2.googlesyndication.com\/pagead\/js\/adsbygoogle.js\" async=\"\"><\/script><!-- BANNER ELORIENTE INCRUSTADO NOTAS --> <ins class=\"adsbygoogle\" style=\"display: inline-block; width: 300px; height: 250px;\" data-ad-client=\"ca-pub-1136171134853753\" data-ad-slot=\"7974633627\"><\/ins><script>\/\/ <![CDATA[\n(adsbygoogle = window.adsbygoogle || []).push({});\n\/\/ ]]><\/script><\/p>\n<p>&nbsp;<\/p>\n<p>(www.eloriente.net, M\u00e9xico, a 12 de mayo de 2016, por Valery L\u00f3pez).-\u00a0Como cada semana, en EL ORIENTE nos dimos a la tarea de buscar las actividades culturales que no puedes dejar pasar en los pr\u00f3ximos d\u00edas. En esta ocasi\u00f3n te presentamos presentaciones de exposiciones, talleres\u00a0y m\u00e1s.<\/p>\n<p><strong>1.- FORO EL HUAJE<\/strong><\/p>\n<p>El Foro El Huaje, que se realiza en la Proveedora Escolar Casa Matriz, tiene varias actividades planeadas para este fin de semana.<\/p>\n<p>La primera de ellas es el Ciclo Voces de la comunidad, en la que se llevar\u00e1 a cabo lectura en voz alta de diversos textos. Esto en compa\u00f1\u00eda de alumnos del CEDART del encuentro nacional de literatura. Dicha actividad ser\u00e1 el 13 de mayo a las 17:00 horas.<\/p>\n<p>Por otro lado, el s\u00e1bado 14 a las 12:00 horas tendr\u00e1 lugar el Ciclo Solo Pipolera con lecturas a media voz, en la que se leer\u00e1 literatura infantil y juvenil dedicada a mam\u00e1s y maestros. Dicha actividad se llevar\u00e1 a cabo por lectores voluntarios del programa \u201cSeguimos Leyendo\u201d de la Fundaci\u00f3n Alfredo Harp Hel\u00fa.<\/p>\n<p>El mismo s\u00e1bado 14 pero a las 18:00 horas se realizar\u00e1 la Lectura de poes\u00eda del libro \u201cEspada de fuego\u201d de Federico Melchor Ruiz a cargo del autor. Esto como parte del Ciclo Oaxaca en su tinta.<\/p>\n<p><a href=\"http:\/\/www.eloriente.net\/home\/wp-content\/uploads\/2016\/05\/foro-el-huaje.jpg\" rel=\"attachment wp-att-43495\"><img loading=\"lazy\" decoding=\"async\" class=\"alignnone wp-image-43495\" src=\"http:\/\/www.eloriente.net\/home\/wp-content\/uploads\/2016\/05\/foro-el-huaje.jpg\" alt=\"foro el huaje\" width=\"599\" height=\"899\" srcset=\"http:\/\/www.eloriente.net\/home\/wp-content\/uploads\/2016\/05\/foro-el-huaje.jpg 640w, http:\/\/www.eloriente.net\/home\/wp-content\/uploads\/2016\/05\/foro-el-huaje-200x300.jpg 200w\" sizes=\"(max-width: 599px) 100vw, 599px\" \/><\/a><\/p>\n<p><strong><a href=\"https:\/\/www.facebook.com\/expoferiapueblosmagicos\/timeline\" target=\"_blank\">2.- OAXACA ENTRE PUEBLOS<\/a><\/strong><\/p>\n<p>Ese es el nombre que lleva la primer Expo Feria de Pueblos M\u00e1gicos, en la que se mostrar\u00e1n elementos culturales y folkl\u00f3ricos m\u00e1s representativos de cada Pueblo M\u00e1gico del estado a trav\u00e9s de actividades como talleres, conferencias y presentaciones art\u00edsticas.<\/p>\n<p>Las actividades de esta Expo Feria se realizar\u00e1n el 14 de mayo a partir de las 8:30 horas.<\/p>\n<p>Podr\u00e1s ver el programa completo de actividades en el siguiente enlace: <a href=\"https:\/\/gallery.mailchimp.com\/d0fb8aa863b552c8b18f809ea\/images\/8098e590-06e3-4308-ba2c-98f05d7e2dab.jpeg\" target=\"_blank\">https:\/\/gallery.mailchimp.com\/d0fb8aa863b552c8b18f809ea\/images\/8098e590-06e3-4308-ba2c-98f05d7e2dab.jpeg<\/a>.<\/p>\n<p><a href=\"http:\/\/www.eloriente.net\/home\/wp-content\/uploads\/2016\/05\/oaxaca-entre-pueblos.jpg\" rel=\"attachment wp-att-43496\"><img loading=\"lazy\" decoding=\"async\" class=\"alignnone wp-image-43496\" src=\"http:\/\/www.eloriente.net\/home\/wp-content\/uploads\/2016\/05\/oaxaca-entre-pueblos.jpg\" alt=\"oaxaca entre pueblos\" width=\"600\" height=\"755\" srcset=\"http:\/\/www.eloriente.net\/home\/wp-content\/uploads\/2016\/05\/oaxaca-entre-pueblos.jpg 853w, http:\/\/www.eloriente.net\/home\/wp-content\/uploads\/2016\/05\/oaxaca-entre-pueblos-238x300.jpg 238w, http:\/\/www.eloriente.net\/home\/wp-content\/uploads\/2016\/05\/oaxaca-entre-pueblos-768x967.jpg 768w, http:\/\/www.eloriente.net\/home\/wp-content\/uploads\/2016\/05\/oaxaca-entre-pueblos-813x1024.jpg 813w\" sizes=\"(max-width: 600px) 100vw, 600px\" \/><\/a><\/p>\n<p><strong>3.-EXPOSICI\u00d3N COLECTIVA DE ARTES VISUALES SHINZABURO TAKEDA<\/strong><\/p>\n<p>El s\u00e1bado 14 de mayo a las 13:00 horas se inaugurar\u00e1 la Exposici\u00f3n Colectiva de Artes Visuales Shinzaburo Takeda\u201d. Esta exposici\u00f3n forma parte de las festividades de la XV Expo Feria Anual de San Pablo Huixtepec; en la cual estar\u00e1n presentando sus obras m\u00e1s de 20 artistas oaxaque\u00f1os. De igual forma se contar\u00e1 con la presencia del reconocido Maestro Shinzaburo Takeda Nagae.<\/p>\n<p><a href=\"http:\/\/www.eloriente.net\/home\/wp-content\/uploads\/2016\/05\/takeda-.jpg\" rel=\"attachment wp-att-43497\"><img loading=\"lazy\" decoding=\"async\" class=\"alignnone wp-image-43497\" src=\"http:\/\/www.eloriente.net\/home\/wp-content\/uploads\/2016\/05\/takeda-.jpg\" alt=\"takeda\" width=\"600\" height=\"928\" srcset=\"http:\/\/www.eloriente.net\/home\/wp-content\/uploads\/2016\/05\/takeda-.jpg 1325w, http:\/\/www.eloriente.net\/home\/wp-content\/uploads\/2016\/05\/takeda--194x300.jpg 194w, http:\/\/www.eloriente.net\/home\/wp-content\/uploads\/2016\/05\/takeda--768x1187.jpg 768w, http:\/\/www.eloriente.net\/home\/wp-content\/uploads\/2016\/05\/takeda--663x1024.jpg 663w, http:\/\/www.eloriente.net\/home\/wp-content\/uploads\/2016\/05\/takeda--1024x1583.jpg 1024w\" sizes=\"(max-width: 600px) 100vw, 600px\" \/><\/a><\/p>\n<p><script src=\"\/\/pagead2.googlesyndication.com\/pagead\/js\/adsbygoogle.js\" async=\"\"><\/script><!-- BANNER PEQUE\u00d1O PARA ENTRENOTAS EL ORIENTE --> <ins class=\"adsbygoogle\" style=\"display: inline-block; width: 468px; height: 60px;\" data-ad-client=\"ca-pub-1136171134853753\" data-ad-slot=\"4953536424\"><\/ins><script>\/\/ <![CDATA[\n(adsbygoogle = window.adsbygoogle || []).push({});\n\/\/ ]]><\/script><\/p>\n<p><strong><a href=\"https:\/\/www.facebook.com\/Audioteca.EduardoMata\/\" target=\"_blank\">4.-SESIONES DE ESCUCHA PARA BEB\u00c9S<\/a><\/strong><\/p>\n<p>La cultura \u00a0es para todas las edades, por ello vale la pena compartir iniciativas como las de la Fonoteca Eduardo Mata, espec\u00edficamente nos referimos a las Sesiones de Escucha para Beb\u00e9s. Las cuales se llevan a cabo todos los s\u00e1bados de mayo de 10 a 11:00 horas en dicha fonoteca.<\/p>\n<p>Pueden asistir madres y padres con sus hijos en edades de 3 meses a un a\u00f1o. La selecci\u00f3n musical incluye: Lo Glorioso de Bach, El Encanto de Beethoven y M\u00fasica para jugar y divertirme.<\/p>\n<p>Como requisitos \u00fanicamente se pide la presencia de los padres y llevar el juguete favorito del beb\u00e9. La entrada es totalmente gratuita.<\/p>\n<p><a href=\"http:\/\/www.eloriente.net\/home\/wp-content\/uploads\/2016\/05\/sesiones-de-escucha-para-bebe\u0301s.jpg\" rel=\"attachment wp-att-43494\"><img loading=\"lazy\" decoding=\"async\" class=\"alignnone wp-image-43494\" src=\"http:\/\/www.eloriente.net\/home\/wp-content\/uploads\/2016\/05\/sesiones-de-escucha-para-bebe\u0301s.jpg\" alt=\"sesiones de escucha para bebe\u0301s\" width=\"600\" height=\"928\" srcset=\"http:\/\/www.eloriente.net\/home\/wp-content\/uploads\/2016\/05\/sesiones-de-escucha-para-bebe\u0301s.jpg 1325w, http:\/\/www.eloriente.net\/home\/wp-content\/uploads\/2016\/05\/sesiones-de-escucha-para-bebe\u0301s-194x300.jpg 194w, http:\/\/www.eloriente.net\/home\/wp-content\/uploads\/2016\/05\/sesiones-de-escucha-para-bebe\u0301s-768x1187.jpg 768w, http:\/\/www.eloriente.net\/home\/wp-content\/uploads\/2016\/05\/sesiones-de-escucha-para-bebe\u0301s-663x1024.jpg 663w, http:\/\/www.eloriente.net\/home\/wp-content\/uploads\/2016\/05\/sesiones-de-escucha-para-bebe\u0301s-1024x1583.jpg 1024w\" sizes=\"(max-width: 600px) 100vw, 600px\" \/><\/a><\/p>\n<p><strong><a href=\"https:\/\/www.facebook.com\/institutomauriceravel\/\" target=\"_blank\">5.- ANATOM\u00cdA Y FISIOLOG\u00cdA DEL INSTRUMENTO VOCAL<\/a><\/strong><\/p>\n<p>El Instituto de Formaci\u00f3n Musical \u00abMaurice Ravel\u00bb invita a su taller titulado \u00abAnatom\u00eda y Fisiolog\u00eda del Instrumento Vocal\u00bb. Este ser\u00e1 impartido por Felipe Espinosa Olmedo, maestro de dicho instituto y por la doctora Mar\u00eda Catalina Hern\u00e1ndez Segura.<\/p>\n<p>En el taller ser ver\u00e1n contenidos relacionados con el aparato respiratorio, el aparato fonador, el aparato resonador, mecanismos de la voz cantada, respiraci\u00f3n y apoyo entre otros.<\/p>\n<p>La actividad comenzar\u00e1 el pr\u00f3ximo s\u00e1bado 14 de mayo a las 10:00 horas en\u00a0\u00c1lamos #228 Col. Reforma. El donativo es de $250 pesos.<\/p>\n<p><a href=\"http:\/\/www.eloriente.net\/home\/wp-content\/uploads\/2016\/05\/ANATOMI\u0301A-DEL-INSTRUMENTO-VOCAL.jpg\" rel=\"attachment wp-att-43493\"><img loading=\"lazy\" decoding=\"async\" class=\"alignnone wp-image-43493\" src=\"http:\/\/www.eloriente.net\/home\/wp-content\/uploads\/2016\/05\/ANATOMI\u0301A-DEL-INSTRUMENTO-VOCAL.jpg\" alt=\"ANATOMI\u0301A DEL INSTRUMENTO VOCAL\" width=\"600\" height=\"1000\" srcset=\"http:\/\/www.eloriente.net\/home\/wp-content\/uploads\/2016\/05\/ANATOMI\u0301A-DEL-INSTRUMENTO-VOCAL.jpg 1228w, http:\/\/www.eloriente.net\/home\/wp-content\/uploads\/2016\/05\/ANATOMI\u0301A-DEL-INSTRUMENTO-VOCAL-180x300.jpg 180w, http:\/\/www.eloriente.net\/home\/wp-content\/uploads\/2016\/05\/ANATOMI\u0301A-DEL-INSTRUMENTO-VOCAL-768x1281.jpg 768w, http:\/\/www.eloriente.net\/home\/wp-content\/uploads\/2016\/05\/ANATOMI\u0301A-DEL-INSTRUMENTO-VOCAL-614x1024.jpg 614w, http:\/\/www.eloriente.net\/home\/wp-content\/uploads\/2016\/05\/ANATOMI\u0301A-DEL-INSTRUMENTO-VOCAL-1024x1708.jpg 1024w\" sizes=\"(max-width: 600px) 100vw, 600px\" \/><\/a><\/p>\n<p><strong>OTRAS ENTRADAS<\/strong><\/p>\n<div class=\"featuredpost\">\n<div class=\"flow_hide\">\n<h2 class=\"posttitle bigposttitle\"><a title=\"Enlace Permanente a EDUCACI\u00d3N: Moodle para capacitar a profesores de ingl\u00e9s en el\u00a0uso de las TIC. Por Diego Gonz\u00e1lez Algara\" href=\"http:\/\/www.eloriente.net\/home\/2016\/05\/12\/educacion-moodle-para-capacitar-a-profesores-de-ingles-en-el-uso-de-las-tic-por-diego-gonzalez-algara\/\" rel=\"bookmark\">EDUCACI\u00d3N: Moodle para capacitar a profesores de ingl\u00e9s en el\u00a0uso de las TIC. Por Diego Gonz\u00e1lez Algara<\/a><\/h2>\n<\/div>\n<p>(www.eloriente.net, M\u00e9xico, a 12 de mayo de 2016, por Diego Gonz\u00e1lez Algara).- El uso de Moodle para crear una plataforma virtual con el objetivo de \u00a0capacitar a\u2026<\/p>\n<p class=\"postmeta\"><span class=\"meta_date\">mayo 12, 2016<\/span><\/p>\n<div class=\"toolbar-social\"><\/div>\n<\/div>\n<div class=\"featuredpost\">\n<div class=\"flow_hide\">\n<p><a href=\"http:\/\/www.eloriente.net\/home\/2016\/05\/12\/cine-peliculas-infantiles-que-en-realidad-son-mas-dirigidas-a-un-publico-adulto-por\/\" rel=\"bookmark\"><img decoding=\"async\" class=\"alignleft\" title=\"CINE: Pel\u00edculas infantiles que en realidad son m\u00e1s dirigidas a un p\u00fablico adulto. Por V\u00edctor L\u00f3pez Velarde\" src=\"http:\/\/www.eloriente.net\/home\/wp-content\/themes\/city-desk\/timthumb.php?src=http%3A%2F%2Fwww.eloriente.net%2Fhome%2Fwp-content%2Fuploads%2F2016%2F05%2FEl-viaje-de-Chihiro.jpg&amp;q=90&amp;w=70&amp;h=45&amp;zc=1\" alt=\"CINE: Pel\u00edculas infantiles que en realidad son m\u00e1s dirigidas a un p\u00fablico adulto. Por V\u00edctor L\u00f3pez Velarde\" \/><\/a><\/p>\n<h2 class=\"posttitle \"><a title=\"Enlace Permanente a CINE: Pel\u00edculas infantiles que en realidad son m\u00e1s dirigidas a un p\u00fablico adulto. Por V\u00edctor L\u00f3pez Velarde\" href=\"http:\/\/www.eloriente.net\/home\/2016\/05\/12\/cine-peliculas-infantiles-que-en-realidad-son-mas-dirigidas-a-un-publico-adulto-por\/\" rel=\"bookmark\">CINE: Pel\u00edculas infantiles que en realidad son m\u00e1s dirigidas a un p\u00fablico adulto. Por V\u00edctor L\u00f3pez Velarde<\/a><\/h2>\n<\/div>\n<p>(www.eloriente.net, M\u00e9xico, a 12 de mayo de 2016, por V\u00edctor L\u00f3pez Velarde).- La mayor\u00eda de nosotros creci\u00f3 con estas pel\u00edculas e incluso fueron catalizadoras de nuestros\u2026<\/p>\n<p class=\"postmeta\"><span class=\"meta_date\">mayo 12, 2016<\/span><\/p>\n<div class=\"toolbar-social\"><\/div>\n<\/div>\n<div class=\"featuredpost\">\n<div class=\"flow_hide\">\n<p><a href=\"http:\/\/www.eloriente.net\/home\/2016\/05\/10\/derechos-humanos-la-norma-mexicana-para-la-atencion-antes-durante-y-despues-del-embarazo-por-ana-luisa-nerio\/\" rel=\"bookmark\"><img decoding=\"async\" class=\"alignleft\" title=\"DERECHOS HUMANOS: La Norma Mexicana para la atenci\u00f3n antes, durante y despu\u00e9s del Embarazo. Por Ana Luisa Nerio\" src=\"http:\/\/www.eloriente.net\/home\/wp-content\/themes\/city-desk\/timthumb.php?src=http%3A%2F%2Fwww.eloriente.net%2Fhome%2Fwp-content%2Fuploads%2F2016%2F05%2Fembarazo-por-%40Mario-Emiliano-Ferna%CC%81ndez.jpg&amp;q=90&amp;w=70&amp;h=45&amp;zc=1\" alt=\"DERECHOS HUMANOS: La Norma Mexicana para la atenci\u00f3n antes, durante y despu\u00e9s del Embarazo. Por Ana Luisa Nerio\" \/><\/a><\/p>\n<h2 class=\"posttitle \"><a title=\"Enlace Permanente a DERECHOS HUMANOS: La Norma Mexicana para la atenci\u00f3n antes, durante y despu\u00e9s del Embarazo. Por Ana Luisa Nerio\" href=\"http:\/\/www.eloriente.net\/home\/2016\/05\/10\/derechos-humanos-la-norma-mexicana-para-la-atencion-antes-durante-y-despues-del-embarazo-por-ana-luisa-nerio\/\" rel=\"bookmark\">DERECHOS HUMANOS: La Norma Mexicana para la atenci\u00f3n antes, durante y despu\u00e9s del Embarazo. Por Ana Luisa Nerio<\/a><\/h2>\n<\/div>\n<p>eloriente.net\/Enfoque DH 10 de mayo de 2016 Por Ana Luisa Nerio Monroy @aluisanerio M\u00e9xico se comprometi\u00f3 a reducir la muerte materna a s\u00f3lo 22 defunciones por cada\u2026<\/p>\n<p class=\"postmeta\"><span class=\"meta_date\">mayo 10, 2016<\/span><\/p>\n<\/div>\n\n\t\t\t  <div \n\t\t\t  \tclass = \"fb-comments\" \n\t\t\t  \tdata-href = \"http:\/\/www.eloriente.net\/home\/2016\/05\/12\/oaxaca-5-actividades-culturales-en-oaxaca-que-no-te-puedes-perder-13-14-de-mayo\/\"\n\t\t\t  \tdata-numposts = \"10\"\n\t\t\t\tdata-colorscheme = \"dark\"\n\t\t\t\tdata-order-by = \"social\"\n\t\t\t\tdata-mobile=true>\n\t\t\t  <\/div>\n\t\t  <style>\n\t\t\t.fb_iframe_widget_fluid_desktop iframe {\n\t\t\t    width: 100% !important;\n\t\t\t}\n\t\t  <\/style>\n\t\t  ","protected":false},"excerpt":{"rendered":"<p>&nbsp; (www.eloriente.net, M\u00e9xico, a 12 de mayo de 2016, por Valery L\u00f3pez).-\u00a0Como cada semana, en EL ORIENTE nos dimos a la tarea de buscar las actividades culturales que no puedes dejar pasar en los pr\u00f3ximos d\u00edas. En esta ocasi\u00f3n te presentamos presentaciones de exposiciones, talleres\u00a0y m\u00e1s. 1.- FORO EL HUAJE El Foro El Huaje, que [&hellip;]<\/p>\n","protected":false},"author":44,"featured_media":43498,"comment_status":"open","ping_status":"open","sticky":false,"template":"","format":"standard","meta":{"_jetpack_memberships_contains_paid_content":false,"footnotes":""},"categories":[8,18,32,63,3153,31],"tags":[3648,241,6476,800,428,297,1513,73,663],"class_list":["post-43477","post","type-post","status-publish","format-standard","has-post-thumbnail","hentry","category-agenda","category-educacion-y-cultura","category-entradas","category-estados","category-letras-educacion-y-cultura","category-principal","tag-actividades-culturales","tag-cultura","tag-el-huaje","tag-exposiciones","tag-lectura","tag-literatura","tag-mayo","tag-oaxaca","tag-takeda"],"jetpack_featured_media_url":"http:\/\/www.eloriente.net\/home\/wp-content\/uploads\/2016\/05\/Mitla-por-@Greg-Willis.jpg","jetpack_sharing_enabled":true,"_links":{"self":[{"href":"http:\/\/www.eloriente.net\/home\/wp-json\/wp\/v2\/posts\/43477"}],"collection":[{"href":"http:\/\/www.eloriente.net\/home\/wp-json\/wp\/v2\/posts"}],"about":[{"href":"http:\/\/www.eloriente.net\/home\/wp-json\/wp\/v2\/types\/post"}],"author":[{"embeddable":true,"href":"http:\/\/www.eloriente.net\/home\/wp-json\/wp\/v2\/users\/44"}],"replies":[{"embeddable":true,"href":"http:\/\/www.eloriente.net\/home\/wp-json\/wp\/v2\/comments?post=43477"}],"version-history":[{"count":3,"href":"http:\/\/www.eloriente.net\/home\/wp-json\/wp\/v2\/posts\/43477\/revisions"}],"predecessor-version":[{"id":43499,"href":"http:\/\/www.eloriente.net\/home\/wp-json\/wp\/v2\/posts\/43477\/revisions\/43499"}],"wp:featuredmedia":[{"embeddable":true,"href":"http:\/\/www.eloriente.net\/home\/wp-json\/wp\/v2\/media\/43498"}],"wp:attachment":[{"href":"http:\/\/www.eloriente.net\/home\/wp-json\/wp\/v2\/media?parent=43477"}],"wp:term":[{"taxonomy":"category","embeddable":true,"href":"http:\/\/www.eloriente.net\/home\/wp-json\/wp\/v2\/categories?post=43477"},{"taxonomy":"post_tag","embeddable":true,"href":"http:\/\/www.eloriente.net\/home\/wp-json\/wp\/v2\/tags?post=43477"}],"curies":[{"name":"wp","href":"https:\/\/api.w.org\/{rel}","templated":true}]}}