{"id":43490,"date":"2016-05-12T12:24:51","date_gmt":"2016-05-12T18:24:51","guid":{"rendered":"http:\/\/www.eloriente.net\/home\/?p=43490"},"modified":"2016-05-12T12:26:27","modified_gmt":"2016-05-12T18:26:27","slug":"elecciones-oaxaca-asi-el-orden-para-segundo-debate-a-gobernador","status":"publish","type":"post","link":"http:\/\/www.eloriente.net\/home\/2016\/05\/12\/elecciones-oaxaca-asi-el-orden-para-segundo-debate-a-gobernador\/","title":{"rendered":"ELECCIONES OAXACA: As\u00ed el orden para segundo debate a gobernador"},"content":{"rendered":"<p><script src=\"\/\/pagead2.googlesyndication.com\/pagead\/js\/adsbygoogle.js\" async=\"\"><\/script><!-- BANNER ELORIENTE INCRUSTADO NOTAS --> <ins class=\"adsbygoogle\" style=\"display: inline-block; width: 300px; height: 250px;\" data-ad-client=\"ca-pub-1136171134853753\" data-ad-slot=\"7974633627\"><\/ins><script>\/\/ <![CDATA[\n(adsbygoogle = window.adsbygoogle || []).push({});\n\/\/ ]]><\/script><br \/>\n(www.eloriente.net, M\u00e9xico, a 12 de mayo de 2016. Por. Carlos Guti\u00e9rrez).- Este mediod\u00eda, en el seno del Instituto Estatal Electoral y de Participaci\u00f3n Ciudadana de Oaxaca (IEEPCO) se efectu\u00f3 el sorteo para designar espacios en set y participaci\u00f3n inicial para el segundo debate entre candidatos a gobernador de Oaxaca.<\/p>\n<p>Este debate se efectuar\u00e1 el pr\u00f3ximo 20 de mayo a partir de las 7 de la noche.<\/p>\n<p>El orden definido ser\u00e1 el siguiente:<\/p>\n<ol>\n<li>Joaqu\u00edn Ruiz Salazar, PRS<\/li>\n<li>Alejandro Murat Hinojosa, PRI-PVEM-NA<\/li>\n<li>Jos\u00e9 Antonio Estefan Garfias, PAN-PRD<\/li>\n<li>Benjam\u00edn Robles Montoya, PT<\/li>\n<li>Manuel P\u00e9rez Morales, PSD<\/li>\n<li>Francisco Javier Jim\u00e9nez, PUP<\/li>\n<li>Salom\u00f3n Jara Cruz, MORENA<\/li>\n<\/ol>\n<p>Recuerda que el pr\u00f3ximo 20, podr\u00e1s enlazarte por la p\u00e1gina del IEEPCO, CORTV y aqu\u00ed en El Oriente para seguir el debate en vivo.<br \/>\n<script src=\"\/\/pagead2.googlesyndication.com\/pagead\/js\/adsbygoogle.js\" async=\"\"><\/script><!-- BANNER PEQUE\u00d1O PARA ENTRENOTAS EL ORIENTE --> <ins class=\"adsbygoogle\" style=\"display: inline-block; width: 468px; height: 60px;\" data-ad-client=\"ca-pub-1136171134853753\" data-ad-slot=\"4953536424\"><\/ins><script>\/\/ <![CDATA[\n(adsbygoogle = window.adsbygoogle || []).push({});\n\/\/ ]]><\/script><br \/>\nPara ver \u00cdNTEGRO EL PRIMER DEBATE, da click sobre la siguiente imagen:<\/p>\n<p><a href=\"http:\/\/www.eloriente.net\/home\/2016\/04\/27\/en-vivo-sigue-por-el-oriente-el-debate-entre-los-candidatos-a-gobernador-de-oaxaca\/\" target=\"_blank\" rel=\"attachment wp-att-43345\"><img loading=\"lazy\" decoding=\"async\" class=\"alignnone size-medium wp-image-43345\" src=\"http:\/\/www.eloriente.net\/home\/wp-content\/uploads\/2016\/04\/CORTV-300x127.jpg\" alt=\"CORTV\" width=\"300\" height=\"127\" srcset=\"http:\/\/www.eloriente.net\/home\/wp-content\/uploads\/2016\/04\/CORTV-300x127.jpg 300w, http:\/\/www.eloriente.net\/home\/wp-content\/uploads\/2016\/04\/CORTV.jpg 599w\" sizes=\"(max-width: 300px) 100vw, 300px\" \/><\/a><\/p>\n<p>&nbsp;<\/p>\n<p>&nbsp;<\/p>\n\n\t\t\t  <div \n\t\t\t  \tclass = \"fb-comments\" \n\t\t\t  \tdata-href = \"http:\/\/www.eloriente.net\/home\/2016\/05\/12\/elecciones-oaxaca-asi-el-orden-para-segundo-debate-a-gobernador\/\"\n\t\t\t  \tdata-numposts = \"10\"\n\t\t\t\tdata-colorscheme = \"dark\"\n\t\t\t\tdata-order-by = \"social\"\n\t\t\t\tdata-mobile=true>\n\t\t\t  <\/div>\n\t\t  <style>\n\t\t\t.fb_iframe_widget_fluid_desktop iframe {\n\t\t\t    width: 100% !important;\n\t\t\t}\n\t\t  <\/style>\n\t\t  ","protected":false},"excerpt":{"rendered":"<p>(www.eloriente.net, M\u00e9xico, a 12 de mayo de 2016. Por. Carlos Guti\u00e9rrez).- Este mediod\u00eda, en el seno del Instituto Estatal Electoral y de Participaci\u00f3n Ciudadana de Oaxaca (IEEPCO) se efectu\u00f3 el sorteo para designar espacios en set y participaci\u00f3n inicial para el segundo debate entre candidatos a gobernador de Oaxaca. Este debate se efectuar\u00e1 el pr\u00f3ximo [&hellip;]<\/p>\n","protected":false},"author":1,"featured_media":43345,"comment_status":"open","ping_status":"open","sticky":false,"template":"","format":"standard","meta":{"_jetpack_memberships_contains_paid_content":false,"footnotes":""},"categories":[2434,4,49,9,71,32,63,21],"tags":[6475,6410,1330],"class_list":["post-43490","post","type-post","status-publish","format-standard","has-post-thumbnail","hentry","category-lunesdepolitica","category-canal-2-en-vivo","category-destacadas","category-editorial","category-elecciones","category-entradas","category-estados","category-politica-y-gobierno","tag-debate-gobernador-oaxaca","tag-debate-oaxaca","tag-elecciones-oaxaca"],"jetpack_featured_media_url":"http:\/\/www.eloriente.net\/home\/wp-content\/uploads\/2016\/04\/CORTV.jpg","jetpack_sharing_enabled":true,"_links":{"self":[{"href":"http:\/\/www.eloriente.net\/home\/wp-json\/wp\/v2\/posts\/43490"}],"collection":[{"href":"http:\/\/www.eloriente.net\/home\/wp-json\/wp\/v2\/posts"}],"about":[{"href":"http:\/\/www.eloriente.net\/home\/wp-json\/wp\/v2\/types\/post"}],"author":[{"embeddable":true,"href":"http:\/\/www.eloriente.net\/home\/wp-json\/wp\/v2\/users\/1"}],"replies":[{"embeddable":true,"href":"http:\/\/www.eloriente.net\/home\/wp-json\/wp\/v2\/comments?post=43490"}],"version-history":[{"count":1,"href":"http:\/\/www.eloriente.net\/home\/wp-json\/wp\/v2\/posts\/43490\/revisions"}],"predecessor-version":[{"id":43492,"href":"http:\/\/www.eloriente.net\/home\/wp-json\/wp\/v2\/posts\/43490\/revisions\/43492"}],"wp:featuredmedia":[{"embeddable":true,"href":"http:\/\/www.eloriente.net\/home\/wp-json\/wp\/v2\/media\/43345"}],"wp:attachment":[{"href":"http:\/\/www.eloriente.net\/home\/wp-json\/wp\/v2\/media?parent=43490"}],"wp:term":[{"taxonomy":"category","embeddable":true,"href":"http:\/\/www.eloriente.net\/home\/wp-json\/wp\/v2\/categories?post=43490"},{"taxonomy":"post_tag","embeddable":true,"href":"http:\/\/www.eloriente.net\/home\/wp-json\/wp\/v2\/tags?post=43490"}],"curies":[{"name":"wp","href":"https:\/\/api.w.org\/{rel}","templated":true}]}}