{"id":43553,"date":"2016-05-19T13:27:57","date_gmt":"2016-05-19T19:27:57","guid":{"rendered":"http:\/\/www.eloriente.net\/home\/?p=43553"},"modified":"2016-05-19T13:27:57","modified_gmt":"2016-05-19T19:27:57","slug":"cultura-presentacion-de-canciones-para-mirar-eclipses-nuevo-disco-de-victor-martinez","status":"publish","type":"post","link":"http:\/\/www.eloriente.net\/home\/2016\/05\/19\/cultura-presentacion-de-canciones-para-mirar-eclipses-nuevo-disco-de-victor-martinez\/","title":{"rendered":"CULTURA: Presentaci\u00f3n de \u00abCanciones para mirar eclipses\u00bb, nuevo disco de V\u00edctor Mart\u00ednez"},"content":{"rendered":"<p><script src=\"\/\/pagead2.googlesyndication.com\/pagead\/js\/adsbygoogle.js\" async=\"\"><\/script><!-- BANNER ELORIENTE INCRUSTADO NOTAS --> <ins class=\"adsbygoogle\" style=\"display: inline-block; width: 300px; height: 250px;\" data-ad-client=\"ca-pub-1136171134853753\" data-ad-slot=\"7974633627\"><\/ins><script>\/\/ <![CDATA[\n(adsbygoogle = window.adsbygoogle || []).push({});\n\/\/ ]]><\/script><\/p>\n<p>&nbsp;<\/p>\n<p>(www.eloriente.net, M\u00e9xico, a 19 de mayo de 2016).-\u00a0Nuestro amigo V\u00edctor Mart\u00ednez aprovecha este espacio para invitarlos a la presentaci\u00f3n de su disco n\u00famero 11 titulado\u00a0\u00abCanciones para mirar eclipses\u00bb.<\/p>\n<p><iframe loading=\"lazy\" src=\"https:\/\/www.youtube.com\/embed\/6fxzqR94yYU\" width=\"560\" height=\"315\" frameborder=\"0\" allowfullscreen=\"allowfullscreen\"><\/iframe><\/p>\n<p>La presentaci\u00f3n se llevar\u00e1 a cabo el pr\u00f3ximo s\u00e1bado 21 de mayo a las 16:00 horas en el Observatorio Astron\u00f3mico Municipal de Oaxaca de Ju\u00e1rez.<\/p>\n<p><script src=\"\/\/pagead2.googlesyndication.com\/pagead\/js\/adsbygoogle.js\" async=\"\"><\/script><!-- BANNER PEQUE\u00d1O PARA ENTRENOTAS EL ORIENTE --> <ins class=\"adsbygoogle\" style=\"display: inline-block; width: 468px; height: 60px;\" data-ad-client=\"ca-pub-1136171134853753\" data-ad-slot=\"4953536424\"><\/ins><script>\/\/ <![CDATA[\n(adsbygoogle = window.adsbygoogle || []).push({});\n\/\/ ]]><\/script><\/p>\n<p><a href=\"http:\/\/www.eloriente.net\/home\/wp-content\/uploads\/2016\/05\/canciones-para-mirar-eclipses.jpg\" rel=\"attachment wp-att-43554\"><img loading=\"lazy\" decoding=\"async\" class=\"alignnone wp-image-43554\" src=\"http:\/\/www.eloriente.net\/home\/wp-content\/uploads\/2016\/05\/canciones-para-mirar-eclipses.jpg\" alt=\"canciones para mirar eclipses\" width=\"600\" height=\"527\" srcset=\"http:\/\/www.eloriente.net\/home\/wp-content\/uploads\/2016\/05\/canciones-para-mirar-eclipses.jpg 1636w, http:\/\/www.eloriente.net\/home\/wp-content\/uploads\/2016\/05\/canciones-para-mirar-eclipses-300x263.jpg 300w, http:\/\/www.eloriente.net\/home\/wp-content\/uploads\/2016\/05\/canciones-para-mirar-eclipses-768x674.jpg 768w, http:\/\/www.eloriente.net\/home\/wp-content\/uploads\/2016\/05\/canciones-para-mirar-eclipses-1024x899.jpg 1024w\" sizes=\"(max-width: 600px) 100vw, 600px\" \/><\/a><\/p>\n<p><strong>OTRAS ENTRADAS<\/strong><\/p>\n<div class=\"featuredpost\">\n<div class=\"flow_hide\">\n<h2 class=\"posttitle bigposttitle\"><a title=\"Enlace Permanente a VIDEOCOLUMNA: \u00bfLa felicidad se puede entrenar? Por Diego Mier y Ter\u00e1n\" href=\"http:\/\/www.eloriente.net\/home\/2016\/05\/17\/videocolumna-la-felicidad-se-puede-entrenar-por-diego-mier-y-teran\/\" rel=\"bookmark\">VIDEOCOLUMNA: \u00bfLa felicidad se puede entrenar? Por Diego Mier y Ter\u00e1n<\/a><\/h2>\n<\/div>\n<p>eloriente.net\/Casa T\u00edbet 17 de mayo de 2016 OTRAS COLUMNAS, DAR CLICK SOBRE LA IMAGEN: Share\u2026<\/p>\n<p class=\"postmeta\"><span class=\"meta_date\">mayo 17, 2016<\/span><\/p>\n<div class=\"toolbar-social\"><\/div>\n<\/div>\n<div class=\"featuredpost\">\n<div class=\"flow_hide\"><a href=\"http:\/\/www.eloriente.net\/home\/2016\/05\/17\/5-vacantes-en-mercadotecnia-martesdevacantes\/\" rel=\"bookmark\"><img decoding=\"async\" class=\"alignleft\" title=\"5 vacantes en mercadotecnia #MartesDeVacantes\" src=\"http:\/\/www.eloriente.net\/home\/wp-content\/themes\/city-desk\/timthumb.php?src=http%3A%2F%2Fwww.eloriente.net%2Fhome%2Fwp-content%2Fuploads%2F2014%2F05%2Fmartes-de-vacantes.jpg&amp;q=90&amp;w=70&amp;h=45&amp;zc=1\" alt=\"5 vacantes en mercadotecnia #MartesDeVacantes\" \/><\/a><\/p>\n<h2 class=\"posttitle \"><a title=\"Enlace Permanente a 5 vacantes en mercadotecnia #MartesDeVacantes\" href=\"http:\/\/www.eloriente.net\/home\/2016\/05\/17\/5-vacantes-en-mercadotecnia-martesdevacantes\/\" rel=\"bookmark\">5 vacantes en mercadotecnia #MartesDeVacantes<\/a><\/h2>\n<\/div>\n<p>(www.eloriente.net, M\u00e9xico, a 17 de mayo de 2016).- Conscientes de la importancia para la ciudadan\u00eda en general de la b\u00fasqueda de nuevas oportunidades de crecimiento profesional, ponemos\u2026<\/p>\n<p class=\"postmeta\"><span class=\"meta_date\">mayo 17, 2016<\/span><\/p>\n<div class=\"toolbar-social\"><\/div>\n<\/div>\n<div class=\"featuredpost\">\n<div class=\"flow_hide\"><a href=\"http:\/\/www.eloriente.net\/home\/2016\/05\/16\/deportes-cronicas-beisboleras-aroldis-chapman-por-jaime-palau\/\" rel=\"bookmark\"><img decoding=\"async\" class=\"alignleft\" title=\"DEPORTES: Cr\u00f3nicas beisboleras: Aroldis Chapman. Por Jaime Palau\" src=\"http:\/\/www.eloriente.net\/home\/wp-content\/themes\/city-desk\/timthumb.php?src=http%3A%2F%2Fwww.eloriente.net%2Fhome%2Fwp-content%2Fuploads%2F2016%2F05%2FAroldis-Chapman-por-Keith-Allison.jpg&amp;q=90&amp;w=70&amp;h=45&amp;zc=1\" alt=\"DEPORTES: Cr\u00f3nicas beisboleras: Aroldis Chapman. Por Jaime Palau\" \/><\/a><\/p>\n<h2 class=\"posttitle \"><a title=\"Enlace Permanente a DEPORTES: Cr\u00f3nicas beisboleras: Aroldis Chapman. Por Jaime Palau\" href=\"http:\/\/www.eloriente.net\/home\/2016\/05\/16\/deportes-cronicas-beisboleras-aroldis-chapman-por-jaime-palau\/\" rel=\"bookmark\">DEPORTES: Cr\u00f3nicas beisboleras: Aroldis Chapman. Por Jaime Palau<\/a><\/h2>\n<\/div>\n<p>(www.eloriente.net, M\u00e9xico, a 16 de mayo de 2016, por Jaime Palau Ranz).-\u00a0La semana pasada, debido a una desafortunada confusi\u00f3n, coment\u00e9 que Aroldis Chapman, lanzador cubano de los\u2026<\/p>\n<p class=\"postmeta\"><span class=\"meta_date\">mayo 16, 2016<\/span><\/p>\n<\/div>\n\n\t\t\t  <div \n\t\t\t  \tclass = \"fb-comments\" \n\t\t\t  \tdata-href = \"http:\/\/www.eloriente.net\/home\/2016\/05\/19\/cultura-presentacion-de-canciones-para-mirar-eclipses-nuevo-disco-de-victor-martinez\/\"\n\t\t\t  \tdata-numposts = \"10\"\n\t\t\t\tdata-colorscheme = \"dark\"\n\t\t\t\tdata-order-by = \"social\"\n\t\t\t\tdata-mobile=true>\n\t\t\t  <\/div>\n\t\t  <style>\n\t\t\t.fb_iframe_widget_fluid_desktop iframe {\n\t\t\t    width: 100% !important;\n\t\t\t}\n\t\t  <\/style>\n\t\t  ","protected":false},"excerpt":{"rendered":"<p>&nbsp; (www.eloriente.net, M\u00e9xico, a 19 de mayo de 2016).-\u00a0Nuestro amigo V\u00edctor Mart\u00ednez aprovecha este espacio para invitarlos a la presentaci\u00f3n de su disco n\u00famero 11 titulado\u00a0\u00abCanciones para mirar eclipses\u00bb. La presentaci\u00f3n se llevar\u00e1 a cabo el pr\u00f3ximo s\u00e1bado 21 de mayo a las 16:00 horas en el Observatorio Astron\u00f3mico Municipal de Oaxaca de Ju\u00e1rez. OTRAS [&hellip;]<\/p>\n","protected":false},"author":44,"featured_media":43554,"comment_status":"open","ping_status":"open","sticky":false,"template":"","format":"standard","meta":{"_jetpack_memberships_contains_paid_content":false,"footnotes":""},"categories":[8,5,18,32,63,83,464],"tags":[6498,6499,149,73,652,6300],"class_list":["post-43553","post","type-post","status-publish","format-standard","has-post-thumbnail","hentry","category-agenda","category-canal-3-musica","category-educacion-y-cultura","category-entradas","category-estados","category-musica-de-oaxaca","category-oaxaca-estados","tag-canciones-para-mirar-eclipses","tag-disco","tag-musica","tag-oaxaca","tag-presentacion","tag-victor-martinez"],"jetpack_featured_media_url":"http:\/\/www.eloriente.net\/home\/wp-content\/uploads\/2016\/05\/canciones-para-mirar-eclipses.jpg","jetpack_sharing_enabled":true,"_links":{"self":[{"href":"http:\/\/www.eloriente.net\/home\/wp-json\/wp\/v2\/posts\/43553"}],"collection":[{"href":"http:\/\/www.eloriente.net\/home\/wp-json\/wp\/v2\/posts"}],"about":[{"href":"http:\/\/www.eloriente.net\/home\/wp-json\/wp\/v2\/types\/post"}],"author":[{"embeddable":true,"href":"http:\/\/www.eloriente.net\/home\/wp-json\/wp\/v2\/users\/44"}],"replies":[{"embeddable":true,"href":"http:\/\/www.eloriente.net\/home\/wp-json\/wp\/v2\/comments?post=43553"}],"version-history":[{"count":1,"href":"http:\/\/www.eloriente.net\/home\/wp-json\/wp\/v2\/posts\/43553\/revisions"}],"predecessor-version":[{"id":43555,"href":"http:\/\/www.eloriente.net\/home\/wp-json\/wp\/v2\/posts\/43553\/revisions\/43555"}],"wp:featuredmedia":[{"embeddable":true,"href":"http:\/\/www.eloriente.net\/home\/wp-json\/wp\/v2\/media\/43554"}],"wp:attachment":[{"href":"http:\/\/www.eloriente.net\/home\/wp-json\/wp\/v2\/media?parent=43553"}],"wp:term":[{"taxonomy":"category","embeddable":true,"href":"http:\/\/www.eloriente.net\/home\/wp-json\/wp\/v2\/categories?post=43553"},{"taxonomy":"post_tag","embeddable":true,"href":"http:\/\/www.eloriente.net\/home\/wp-json\/wp\/v2\/tags?post=43553"}],"curies":[{"name":"wp","href":"https:\/\/api.w.org\/{rel}","templated":true}]}}