{"id":43603,"date":"2016-05-24T14:53:20","date_gmt":"2016-05-24T20:53:20","guid":{"rendered":"http:\/\/www.eloriente.net\/home\/?p=43603"},"modified":"2016-05-24T14:53:20","modified_gmt":"2016-05-24T20:53:20","slug":"oaxaca-uabjo-cuenta-con-nuevos-funcionarios","status":"publish","type":"post","link":"http:\/\/www.eloriente.net\/home\/2016\/05\/24\/oaxaca-uabjo-cuenta-con-nuevos-funcionarios\/","title":{"rendered":"OAXACA: UABJO cuenta con nuevos funcionarios"},"content":{"rendered":"<p><script src=\"\/\/pagead2.googlesyndication.com\/pagead\/js\/adsbygoogle.js\" async=\"\"><\/script><!-- BANNER ELORIENTE INCRUSTADO NOTAS --> <ins class=\"adsbygoogle\" style=\"display: inline-block; width: 300px; height: 250px;\" data-ad-client=\"ca-pub-1136171134853753\" data-ad-slot=\"7974633627\"><\/ins><script>\/\/ <![CDATA[\n(adsbygoogle = window.adsbygoogle || []).push({});\n\/\/ ]]><\/script><\/p>\n<p>&nbsp;<\/p>\n<p>eloriente.ne\/UABJO<\/p>\n<p>24 de mayo de 2016<\/p>\n<p><span style=\"font-weight: 400;\">En cumplimiento a los art\u00edculos 41 y 42, fracciones II y III de la Ley Org\u00e1nica de la Universidad Aut\u00f3noma \u201cBenito Ju\u00e1rez\u201d de Oaxaca, el Rector de la UABJO, Dr. Eduardo Carlos Bautista Mart\u00ednez, design\u00f3 este lunes a los Secretarios que integrar\u00e1n la Administraci\u00f3n Central Universitaria.<\/span><\/p>\n<p><span style=\"font-weight: 400;\">Como Secretaria General fue ratificada la Mtra. Leticia Eugenia Mendoza Toro; como Secretaria Particular, la Mtra. Mar\u00eda del Refugio Caballero Merl\u00edn; como Abogado General fue nombrado el Lic. H\u00e9ctor L\u00f3pez S\u00e1nchez; como Contralor General Universitario fue designado el C.P. Hilarino Arag\u00f3n Mat\u00edas, y el Mtro. Enrique Mayoral Guzm\u00e1n asumir\u00e1 el cargo de Secretario T\u00e9cnico.<\/span><\/p>\n<p><span style=\"font-weight: 400;\">El Dr. Aristeo Segura Salvador fue confirmado en la Secretar\u00eda de Planeaci\u00f3n; el Dr. Taurino Amilcar Sosa Velasco es el nuevo Secretario Administrativo, y la C.P. Ver\u00f3nica Esther Jim\u00e9nez Ochoa estar\u00e1 al frente de la Secretaria de Finanzas.<\/span><\/p>\n<p><span style=\"font-weight: 400;\">El Dr. Eduardo Carlos Bautista Mart\u00ednez felicit\u00f3 a los funcionarios y les exhort\u00f3 a trabajar con ah\u00ednco, en beneficio de la M\u00e1xima Casa de Estudios de la entidad.<\/span><\/p>\n<p><span style=\"font-weight: 400;\">De igual forma, al tomarles la protesta de Ley, pidi\u00f3 a los Secretarios que su actuaci\u00f3n sea un ejemplo de transparencia, compromiso y elevado esp\u00edritu universitario.<\/span><\/p>\n<p><span style=\"font-weight: 400;\">Catedr\u00e1tica con una larga trayectoria y ex rectora de la UABJO, la Mtra. Leticia Eugenia Mendoza Toro tambi\u00e9n ha sido directora y docente de la Escuela Preparatoria n\u00famero 6; ha fungido como Secretaria T\u00e9cnica y Secretaria General de nuestra M\u00e1xima Casa de Estudios. <\/span><\/p>\n<p><span style=\"font-weight: 400;\">Con una amplia experiencia docente y administrativa, la Mtra. Mar\u00eda del Refugio Caballero Merl\u00edn fue Directora de la Escuela Preparatoria n\u00famero 7 y del Centro de Educaci\u00f3n Continua, Abierta y a Distancia (CECAD); de igual forma, form\u00f3 parte de la Comisi\u00f3n encargada de la Facultad de Enfermer\u00eda Oaxaca.<\/span><\/p>\n<p><script src=\"\/\/pagead2.googlesyndication.com\/pagead\/js\/adsbygoogle.js\" async=\"\"><\/script><!-- BANNER PEQUE\u00d1O PARA ENTRENOTAS EL ORIENTE --> <ins class=\"adsbygoogle\" style=\"display: inline-block; width: 468px; height: 60px;\" data-ad-client=\"ca-pub-1136171134853753\" data-ad-slot=\"4953536424\"><\/ins><script>\/\/ <![CDATA[\n(adsbygoogle = window.adsbygoogle || []).push({});\n\/\/ ]]><\/script><\/p>\n<p><span style=\"font-weight: 400;\">Egresado de la Facultad de Derecho de la UABJO, el Lic. H\u00e9ctor S\u00e1nchez L\u00f3pez es profesor de diversas asignaturas en esa Unidad Acad\u00e9mica; tiene experiencia laboral en los gobiernos Municipal, Estatal y Federal, as\u00ed como abogado litigante. Fue Secretario General del Sindicato Universitario de Maestros (SUMA).<\/span><\/p>\n<p><span style=\"font-weight: 400;\">Doctor <\/span><span style=\"font-weight: 400;\">en Ciencias Odontol\u00f3gicas, Taurino Am\u00edlcar Sosa Velasco, fue Director de la Facultad de Odontolog\u00eda, \u00a0Coordinador de Estudios de Posgrado y profesor\u2013investigador de la misma. Fue tambi\u00e9n titular de la Direcci\u00f3n de Proyectos Estrat\u00e9gicos de la Secretaria de Planeaci\u00f3n de la UABJO.<\/span><\/p>\n<p><span style=\"font-weight: 400;\">El Mtro. Hilarino Arag\u00f3n Mat\u00edas es catedr\u00e1tico en la Facultad de Contadur\u00eda y Administraci\u00f3n de la UABJO y otras Instituciones Educativas; Auditor y Contador P\u00fablico Certificado, tiene experiencia laboral en la administraci\u00f3n p\u00fablica y la iniciativa privada. <\/span><\/p>\n<p><span style=\"font-weight: 400;\">Ex Director y profesor investigador de la Facultad de Ciencias Qu\u00edmicas, Aristeo Segura Salvador es Doctor en Qu\u00edmica por la Universidad Metropolitana. Ha desempe\u00f1ado puestos de primer nivel en la Administraci\u00f3n Central Universitaria. \u00a0<\/span><\/p>\n<p><span style=\"font-weight: 400;\">Maestro en Valuaci\u00f3n, Enrique Mayoral Guzm\u00e1n fue Director de la Facultad de Arquitectura en dos ocasiones, donde es profesor por asignatura. Tiene amplia \u00a0experiencia en la iniciativa privada y la administraci\u00f3n p\u00fablica. \u00a0\u00a0<\/span><\/p>\n<p><span style=\"font-weight: 400;\">La C.P. Ver\u00f3nica Esther Jim\u00e9nez Ochoa es egresada de la Facultad de Contadur\u00eda y Administraci\u00f3n de la UABJO. Se ha desempe\u00f1ado como Subdirectora y Directora de Contabilidad en la Secretar\u00eda de Fianzas.<\/span><\/p>\n<p><a href=\"http:\/\/www.eloriente.net\/home\/wp-content\/uploads\/2016\/02\/UABJO-LIBRE.jpeg\" rel=\"attachment wp-att-42519\"><img loading=\"lazy\" decoding=\"async\" class=\"alignnone  wp-image-42519\" src=\"http:\/\/www.eloriente.net\/home\/wp-content\/uploads\/2016\/02\/UABJO-LIBRE.jpeg\" alt=\"UABJO LIBRE\" width=\"599\" height=\"379\" srcset=\"http:\/\/www.eloriente.net\/home\/wp-content\/uploads\/2016\/02\/UABJO-LIBRE.jpeg 1253w, http:\/\/www.eloriente.net\/home\/wp-content\/uploads\/2016\/02\/UABJO-LIBRE-300x190.jpeg 300w, http:\/\/www.eloriente.net\/home\/wp-content\/uploads\/2016\/02\/UABJO-LIBRE-768x485.jpeg 768w, http:\/\/www.eloriente.net\/home\/wp-content\/uploads\/2016\/02\/UABJO-LIBRE-1024x647.jpeg 1024w\" sizes=\"(max-width: 599px) 100vw, 599px\" \/><\/a><\/p>\n<p><strong>OTRAS ENTRADAS<\/strong><\/p>\n<div class=\"featuredpost\">\n<div class=\"flow_hide\">\n<h2 class=\"posttitle bigposttitle\"><a title=\"Enlace Permanente a OPINI\u00d3N: Legalizaci\u00f3n del matrimonio igualitario: Un paso adelante en materia de derechos humanos. Por V\u00edctor L\u00f3pez\" href=\"http:\/\/www.eloriente.net\/home\/2016\/05\/23\/opinion-legalizacion-del-matrimonio-igualitario-un-paso-adelante-en-materia-de-derechos-humanos-por-victor-lopez\/\" rel=\"bookmark\">OPINI\u00d3N: Legalizaci\u00f3n del matrimonio igualitario: Un paso adelante en materia de derechos humanos. Por V\u00edctor L\u00f3pez<\/a><\/h2>\n<\/div>\n<p>(www.eloriente.net, M\u00e9xico, a 23 de mayo de 2016, por V\u00edctor L\u00f3pez Velarde).-\u00a0El lenguaje jur\u00eddico crea realidades. Ante esa afirmaci\u00f3n, el papel del derecho en una sociedad no\u2026<\/p>\n<p class=\"postmeta\"><span class=\"meta_date\">mayo 23, 2016<\/span><\/p>\n<div class=\"toolbar-social\"><\/div>\n<\/div>\n<div class=\"featuredpost\">\n<div class=\"flow_hide\"><a href=\"http:\/\/www.eloriente.net\/home\/2016\/05\/23\/deportes-cronicas-beisboleras-los-triple-play-del-2016-por-jaime-palau\/\" rel=\"bookmark\"><img decoding=\"async\" class=\"alignleft\" title=\"DEPORTES: Cr\u00f3nicas beisboleras: Los Triple Play del 2016. Por Jaime Palau\" src=\"http:\/\/www.eloriente.net\/home\/wp-content\/themes\/city-desk\/timthumb.php?src=http%3A%2F%2Fwww.eloriente.net%2Fhome%2Fwp-content%2Fuploads%2F2016%2F05%2F4829962588_293db83648_b.jpg&amp;q=90&amp;w=70&amp;h=45&amp;zc=1\" alt=\"DEPORTES: Cr\u00f3nicas beisboleras: Los Triple Play del 2016. Por Jaime Palau\" \/><\/a><\/p>\n<h2 class=\"posttitle \"><a title=\"Enlace Permanente a DEPORTES: Cr\u00f3nicas beisboleras: Los Triple Play del 2016. Por Jaime Palau\" href=\"http:\/\/www.eloriente.net\/home\/2016\/05\/23\/deportes-cronicas-beisboleras-los-triple-play-del-2016-por-jaime-palau\/\" rel=\"bookmark\">DEPORTES: Cr\u00f3nicas beisboleras: Los Triple Play del 2016. Por Jaime Palau<\/a><\/h2>\n<\/div>\n<p>(www.eloriente.net, M\u00e9xico, a 23 de mayo de 2016, por Jaime Palau Ranz).-\u00a0Una de las jugadas defensivas m\u00e1s dif\u00edciles de realizar es un triple play que es en\u2026<\/p>\n<p class=\"postmeta\"><span class=\"meta_date\">mayo 23, 2016<\/span><\/p>\n<div class=\"toolbar-social\"><\/div>\n<\/div>\n<div class=\"featuredpost\">\n<div class=\"flow_hide\"><a href=\"http:\/\/www.eloriente.net\/home\/2016\/05\/21\/letras-como-leer-poesia\/\" rel=\"bookmark\"><img decoding=\"async\" class=\"alignleft\" title=\"LETRAS: \u00bfC\u00f3mo leer poes\u00eda?\" src=\"http:\/\/www.eloriente.net\/home\/wp-content\/themes\/city-desk\/timthumb.php?src=http%3A%2F%2Fwww.eloriente.net%2Fhome%2Fwp-content%2Fuploads%2F2016%2F05%2F5951685233_c99ddff54b_o.jpg&amp;q=90&amp;w=70&amp;h=45&amp;zc=1\" alt=\"LETRAS: \u00bfC\u00f3mo leer poes\u00eda?\" \/><\/a><\/p>\n<h2 class=\"posttitle \"><a title=\"Enlace Permanente a LETRAS: \u00bfC\u00f3mo leer poes\u00eda?\" href=\"http:\/\/www.eloriente.net\/home\/2016\/05\/21\/letras-como-leer-poesia\/\" rel=\"bookmark\">LETRAS: \u00bfC\u00f3mo leer poes\u00eda?<\/a><\/h2>\n<\/div>\n<p>(www.eloriente.net, M\u00e9xico, a 21 de mayo de 2016).-\u00a0No todos los g\u00e9neros literarios se leen de la misma forma. No se interpretan de la misma forma, un ensayo,\u2026<\/p>\n<p class=\"postmeta\"><span class=\"meta_date\">mayo 21, 2016<\/span><\/p>\n<\/div>\n\n\t\t\t  <div \n\t\t\t  \tclass = \"fb-comments\" \n\t\t\t  \tdata-href = \"http:\/\/www.eloriente.net\/home\/2016\/05\/24\/oaxaca-uabjo-cuenta-con-nuevos-funcionarios\/\"\n\t\t\t  \tdata-numposts = \"10\"\n\t\t\t\tdata-colorscheme = \"dark\"\n\t\t\t\tdata-order-by = \"social\"\n\t\t\t\tdata-mobile=true>\n\t\t\t  <\/div>\n\t\t  <style>\n\t\t\t.fb_iframe_widget_fluid_desktop iframe {\n\t\t\t    width: 100% !important;\n\t\t\t}\n\t\t  <\/style>\n\t\t  ","protected":false},"excerpt":{"rendered":"<p>&nbsp; eloriente.ne\/UABJO 24 de mayo de 2016 En cumplimiento a los art\u00edculos 41 y 42, fracciones II y III de la Ley Org\u00e1nica de la Universidad Aut\u00f3noma \u201cBenito Ju\u00e1rez\u201d de Oaxaca, el Rector de la UABJO, Dr. Eduardo Carlos Bautista Mart\u00ednez, design\u00f3 este lunes a los Secretarios que integrar\u00e1n la Administraci\u00f3n Central Universitaria. Como Secretaria [&hellip;]<\/p>\n","protected":false},"author":44,"featured_media":42519,"comment_status":"open","ping_status":"open","sticky":false,"template":"","format":"standard","meta":{"_jetpack_memberships_contains_paid_content":false,"footnotes":""},"categories":[1588,18,32,63,464,84],"tags":[6515,572,901,6513,6514,228,182,5738],"class_list":["post-43603","post","type-post","status-publish","format-standard","has-post-thumbnail","hentry","category-comunicados-y-boletines","category-educacion-y-cultura","category-entradas","category-estados","category-oaxaca-estados","category-universidades","tag-eduardo-carlos-bautista-martinez","tag-funcionarios","tag-nombramiento","tag-nuevos","tag-nuevos-funcionarios","tag-rector","tag-uabjo","tag-universidad-autonoma-benito-juarez-de-oaxaca"],"jetpack_featured_media_url":"http:\/\/www.eloriente.net\/home\/wp-content\/uploads\/2016\/02\/UABJO-LIBRE.jpeg","jetpack_sharing_enabled":true,"_links":{"self":[{"href":"http:\/\/www.eloriente.net\/home\/wp-json\/wp\/v2\/posts\/43603"}],"collection":[{"href":"http:\/\/www.eloriente.net\/home\/wp-json\/wp\/v2\/posts"}],"about":[{"href":"http:\/\/www.eloriente.net\/home\/wp-json\/wp\/v2\/types\/post"}],"author":[{"embeddable":true,"href":"http:\/\/www.eloriente.net\/home\/wp-json\/wp\/v2\/users\/44"}],"replies":[{"embeddable":true,"href":"http:\/\/www.eloriente.net\/home\/wp-json\/wp\/v2\/comments?post=43603"}],"version-history":[{"count":1,"href":"http:\/\/www.eloriente.net\/home\/wp-json\/wp\/v2\/posts\/43603\/revisions"}],"predecessor-version":[{"id":43604,"href":"http:\/\/www.eloriente.net\/home\/wp-json\/wp\/v2\/posts\/43603\/revisions\/43604"}],"wp:featuredmedia":[{"embeddable":true,"href":"http:\/\/www.eloriente.net\/home\/wp-json\/wp\/v2\/media\/42519"}],"wp:attachment":[{"href":"http:\/\/www.eloriente.net\/home\/wp-json\/wp\/v2\/media?parent=43603"}],"wp:term":[{"taxonomy":"category","embeddable":true,"href":"http:\/\/www.eloriente.net\/home\/wp-json\/wp\/v2\/categories?post=43603"},{"taxonomy":"post_tag","embeddable":true,"href":"http:\/\/www.eloriente.net\/home\/wp-json\/wp\/v2\/tags?post=43603"}],"curies":[{"name":"wp","href":"https:\/\/api.w.org\/{rel}","templated":true}]}}