{"id":43632,"date":"2016-05-27T17:56:41","date_gmt":"2016-05-27T23:56:41","guid":{"rendered":"http:\/\/www.eloriente.net\/home\/?p=43632"},"modified":"2023-03-12T12:15:34","modified_gmt":"2023-03-12T18:15:34","slug":"viernesdefelicidad-tony-karam-en-oaxaca-hablara-de-budismo-y-felicidad","status":"publish","type":"post","link":"http:\/\/www.eloriente.net\/home\/2016\/05\/27\/viernesdefelicidad-tony-karam-en-oaxaca-hablara-de-budismo-y-felicidad\/","title":{"rendered":"#ViernesDeFelicidad: Tony Karam en Oaxaca hablar\u00e1 de budismo y felicidad"},"content":{"rendered":"<p><script src=\"\/\/pagead2.googlesyndication.com\/pagead\/js\/adsbygoogle.js\" async=\"\"><\/script><!-- BANNER ELORIENTE INCRUSTADO NOTAS --> <ins class=\"adsbygoogle\" style=\"display: inline-block; width: 300px; height: 250px;\" data-ad-client=\"ca-pub-1136171134853753\" data-ad-slot=\"7974633627\"><\/ins><script>\/\/ <![CDATA[ (adsbygoogle = window.adsbygoogle || []).push({}); \/\/ ]]><\/script><\/p>\n<p>&nbsp;<\/p>\n<p>(www.eloriente.net, M\u00e9xico, a 27 de mayo de 2016).- Para este Viernes de Felicidad queremos compartir con todos nuestros lectores de EL ORIENTE, esta maravillosa conferencia que nuestros amigos de Casa T\u00edbet traen a Oaxaca.<\/p>\n<p>Por primera vez despu\u00e9s de 10 a\u00f1os, Tony Karam regresa a Oaxaca para dar una conferencia e impartir un seminario. Pero \u00bfQui\u00e9n es Tony Karam? A grandes rasgos es el fundador de Casa Tibet. Para conocerlo mejor puedes ver este video donde tambi\u00e9n habla sobre su visi\u00f3n del budismo.<\/p>\n<p><iframe loading=\"lazy\" title=\"YouTube video player\" src=\"https:\/\/www.youtube.com\/embed\/3bPaSOjdGco?start=392\" width=\"560\" height=\"315\" frameborder=\"0\" allowfullscreen=\"allowfullscreen\"><\/iframe><\/p>\n<p><a href=\"https:\/\/vimeo.com\/86927187\">Tony Karam: el Budismo cambi\u00f3 mi vida<\/a> from <a href=\"https:\/\/vimeo.com\/casatibetmexico\">Casa Tibet M\u00e9xico<\/a> on <a href=\"https:\/\/vimeo.com\">Vimeo<\/a>.<\/p>\n<p>A continuaci\u00f3n podr\u00e1s ver los datos sobre las actividades que Karam realizar\u00e1 en su visita a Oaxaca<\/p>\n<p><script src=\"\/\/pagead2.googlesyndication.com\/pagead\/js\/adsbygoogle.js\" async=\"\"><\/script><!-- BANNER PEQUE\u00d1O PARA ENTRENOTAS EL ORIENTE --> <ins class=\"adsbygoogle\" style=\"display: inline-block; width: 468px; height: 60px;\" data-ad-client=\"ca-pub-1136171134853753\" data-ad-slot=\"4953536424\"><\/ins><script>\/\/ <![CDATA[ (adsbygoogle = window.adsbygoogle || []).push({}); \/\/ ]]><\/script><\/p>\n<p>&#8212;&#8212;&#8212;&#8212;&#8212;&#8212;&#8212;&#8212;&#8212;&#8211;<wbr \/>&#8212;&#8212;&#8212;&#8212;&#8212;&#8212;&#8212;&#8212;&#8212;&#8212;<wbr \/>&#8212;&#8212;-<br \/>\n<strong>\u00a0Conferencia<\/strong><br \/>\n<strong>Salud mental \u00f3ptima.<\/strong><br \/>\nBienestar para uno mismo, la familia y el mundo.<br \/>\nViernes 8 de julio, 18:00 horas<\/p>\n<p>Instituto de Cultural Oaxaque\u00f1o (Casa Chata)<br \/>\nAvenida Juarez #909, esq. Calz. Ni\u00f1os H\u00e9roes, Centro<br \/>\nCuota de recuperaci\u00f3n $120 \/ Preventa $100<\/p>\n<p>&#8212;&#8212;&#8212;&#8212;&#8212;&#8212;&#8212;&#8212;&#8212;&#8211;<wbr \/>&#8212;&#8212;&#8212;&#8212;&#8212;&#8212;&#8212;&#8212;&#8212;&#8212;<wbr \/>&#8212;&#8212;-<br \/>\n<strong>\u00a0Seminario<\/strong><br \/>\n<strong>En b\u00fasqueda de la felicidad genuina.<\/strong><br \/>\nPrincipios b\u00e1sicos del Budismo Tibetano<br \/>\nS\u00e1bado 9 de julio, 10:00 a 18:00 horas.<\/p>\n<p>Auditorio La Tormenta de la Universidad Vasconcelos<br \/>\nCrespo 601, Centro, Oaxaca.<br \/>\nCuota de recuperaci\u00f3n: $750<br \/>\nPreventa hasta el 20 junio: $650<br \/>\nEstudiantes con credencial: $600<\/p>\n<p>Para mayor informaci\u00f3n comunicarse al tel\u00e9fono (044) 951 128 2662, o al correo\u00a0<a href=\"mailto:oax.casatibet@gmail.com\" target=\"_blank\" rel=\"noopener\">oax.casatibet@gmail.com<\/a>. O bien en la p\u00e1gina de Facebook de <strong><a href=\"https:\/\/www.facebook.com\/Casa.Tibet.Oaxaca\/?fref=ts\" target=\"_blank\" rel=\"noopener\">Casa Tibet M\u00e9xico Sede Oaxaca\u00a0<\/a><\/strong><\/p>\n<p>&nbsp;<\/p>\n<p><strong>OTRAS ENTRADAS<\/strong><\/p>\n<div class=\"featuredpost\">\n<div class=\"flow_hide\">\n<h2 class=\"posttitle bigposttitle\"><a title=\"Enlace Permanente a EDUCACI\u00d3N: Aplicaciones gratuitas para ser incluidas en el proceso ense\u00f1anza-aprendizaje del ingl\u00e9s. Por Diego Gonz\u00e1lez\" href=\"http:\/\/www.eloriente.net\/home\/2016\/05\/26\/educacion-aplicaciones-gratuitas-para-ser-incluidas-en-el-proceso-ensenanza-aprendizaje-del-ingles-por-diego-gonzalez\/\" rel=\"bookmark\">EDUCACI\u00d3N: Aplicaciones gratuitas para ser incluidas en el proceso ense\u00f1anza-aprendizaje del ingl\u00e9s. Por Diego Gonz\u00e1lez<\/a><\/h2>\n<\/div>\n<p>(www.eloriente.net, M\u00e9xico, a 26 de mayo de 2016, por Diego Gonz\u00e1lez Algara).- Tu tiempo es limitado, as\u00ed que no lo desperdicies viviendo la vida de otra persona.\u201d Steve\u2026<\/p>\n<p class=\"postmeta\"><span class=\"meta_date\">mayo 26, 2016<\/span><\/p>\n<div class=\"toolbar-social\"><\/div>\n<\/div>\n<div class=\"featuredpost\">\n<div class=\"flow_hide\">\n<p><a href=\"http:\/\/www.eloriente.net\/home\/2016\/05\/25\/derechos-humanos-tortura-normalizada-por-gerardo-martinez-ortega\/\" rel=\"bookmark\"><img decoding=\"async\" class=\"alignleft\" title=\"DERECHOS HUMANOS: Tortura normalizada. Por Gerardo Mart\u00ednez Ortega\" src=\"http:\/\/www.eloriente.net\/home\/wp-content\/themes\/city-desk\/timthumb.php?src=http%3A%2F%2Fwww.eloriente.net%2Fhome%2Fwp-content%2Fuploads%2F2016%2F05%2Fprision-por-%40Victor.jpg&amp;q=90&amp;w=70&amp;h=45&amp;zc=1\" alt=\"DERECHOS HUMANOS: Tortura normalizada. Por Gerardo Mart\u00ednez Ortega\" \/><\/a><\/p>\n<h2 class=\"posttitle \"><a title=\"Enlace Permanente a DERECHOS HUMANOS: Tortura normalizada. Por Gerardo Mart\u00ednez Ortega\" href=\"http:\/\/www.eloriente.net\/home\/2016\/05\/25\/derechos-humanos-tortura-normalizada-por-gerardo-martinez-ortega\/\" rel=\"bookmark\">DERECHOS HUMANOS: Tortura normalizada. Por Gerardo Mart\u00ednez Ortega<\/a><\/h2>\n<\/div>\n<p>(www.eloriente.net, M\u00e9xico, a 25 de mayo de 2016, por Gerardo Mart\u00ednez Ortega).-\u00a0El 30 de mayo de 2009, Marcelino Mej\u00eda Garc\u00eda fue detenido por Polic\u00edas Municipales de Pinotepa\u2026<\/p>\n<p class=\"postmeta\"><span class=\"meta_date\">mayo 25, 2016<\/span><\/p>\n<div class=\"toolbar-social\"><\/div>\n<\/div>\n<div class=\"featuredpost\">\n<div class=\"flow_hide\">\n<p><a href=\"http:\/\/www.eloriente.net\/home\/2016\/05\/23\/opinion-legalizacion-del-matrimonio-igualitario-un-paso-adelante-en-materia-de-derechos-humanos-por-victor-lopez\/\" rel=\"bookmark\"><img decoding=\"async\" class=\"alignleft\" title=\"OPINI\u00d3N: Legalizaci\u00f3n del matrimonio igualitario: Un paso adelante en materia de derechos humanos. Por V\u00edctor L\u00f3pez\" src=\"http:\/\/www.eloriente.net\/home\/wp-content\/themes\/city-desk\/timthumb.php?src=http%3A%2F%2Fwww.eloriente.net%2Fhome%2Fwp-content%2Fuploads%2F2016%2F05%2F14828787784_9fbc78fffa_k.jpg&amp;q=90&amp;w=70&amp;h=45&amp;zc=1\" alt=\"OPINI\u00d3N: Legalizaci\u00f3n del matrimonio igualitario: Un paso adelante en materia de derechos humanos. Por V\u00edctor L\u00f3pez\" \/><\/a><\/p>\n<h2 class=\"posttitle \"><a title=\"Enlace Permanente a OPINI\u00d3N: Legalizaci\u00f3n del matrimonio igualitario: Un paso adelante en materia de derechos humanos. Por V\u00edctor L\u00f3pez\" href=\"http:\/\/www.eloriente.net\/home\/2016\/05\/23\/opinion-legalizacion-del-matrimonio-igualitario-un-paso-adelante-en-materia-de-derechos-humanos-por-victor-lopez\/\" rel=\"bookmark\">OPINI\u00d3N: Legalizaci\u00f3n del matrimonio igualitario: Un paso adelante en materia de derechos humanos. Por V\u00edctor L\u00f3pez<\/a><\/h2>\n<\/div>\n<p>(www.eloriente.net, M\u00e9xico, a 23 de mayo de 2016, por V\u00edctor L\u00f3pez Velarde).-\u00a0El lenguaje jur\u00eddico crea realidades. Ante esa afirmaci\u00f3n, el papel del derecho en una sociedad no\u2026<\/p>\n<p class=\"postmeta\"><span class=\"meta_date\">mayo 23, 2016<\/span><\/p>\n<\/div>\n\n\t\t\t  <div \n\t\t\t  \tclass = \"fb-comments\" \n\t\t\t  \tdata-href = \"http:\/\/www.eloriente.net\/home\/2016\/05\/27\/viernesdefelicidad-tony-karam-en-oaxaca-hablara-de-budismo-y-felicidad\/\"\n\t\t\t  \tdata-numposts = \"10\"\n\t\t\t\tdata-colorscheme = \"dark\"\n\t\t\t\tdata-order-by = \"social\"\n\t\t\t\tdata-mobile=true>\n\t\t\t  <\/div>\n\t\t  <style>\n\t\t\t.fb_iframe_widget_fluid_desktop iframe {\n\t\t\t    width: 100% !important;\n\t\t\t}\n\t\t  <\/style>\n\t\t  ","protected":false},"excerpt":{"rendered":"<p>&nbsp; (www.eloriente.net, M\u00e9xico, a 27 de mayo de 2016).- Para este Viernes de Felicidad queremos compartir con todos nuestros lectores de EL ORIENTE, esta maravillosa conferencia que nuestros amigos de Casa T\u00edbet traen a Oaxaca. Por primera vez despu\u00e9s de 10 a\u00f1os, Tony Karam regresa a Oaxaca para dar una conferencia e impartir un seminario. [&hellip;]<\/p>\n","protected":false},"author":44,"featured_media":43633,"comment_status":"open","ping_status":"open","sticky":false,"template":"","format":"standard","meta":{"_jetpack_memberships_contains_paid_content":false,"footnotes":""},"categories":[2015,8,32,13,63,16,464],"tags":[2386,1143,4026,5257,515,1006,73,805,6527],"class_list":["post-43632","post","type-post","status-publish","format-standard","has-post-thumbnail","hentry","category-viernesdefelicidad","category-agenda","category-entradas","category-especiales","category-estados","category-salud-y-estilo-de-vida","category-oaxaca-estados","tag-viernesdefelicidad-2","tag-budismo","tag-casa-tibet","tag-casa-tibet-oaxaca","tag-conferencia","tag-felicidad","tag-oaxaca","tag-seminario","tag-tony-karam"],"jetpack_featured_media_url":"http:\/\/www.eloriente.net\/home\/wp-content\/uploads\/2016\/05\/KARAM-OAXACA.jpg","jetpack_sharing_enabled":true,"_links":{"self":[{"href":"http:\/\/www.eloriente.net\/home\/wp-json\/wp\/v2\/posts\/43632"}],"collection":[{"href":"http:\/\/www.eloriente.net\/home\/wp-json\/wp\/v2\/posts"}],"about":[{"href":"http:\/\/www.eloriente.net\/home\/wp-json\/wp\/v2\/types\/post"}],"author":[{"embeddable":true,"href":"http:\/\/www.eloriente.net\/home\/wp-json\/wp\/v2\/users\/44"}],"replies":[{"embeddable":true,"href":"http:\/\/www.eloriente.net\/home\/wp-json\/wp\/v2\/comments?post=43632"}],"version-history":[{"count":2,"href":"http:\/\/www.eloriente.net\/home\/wp-json\/wp\/v2\/posts\/43632\/revisions"}],"predecessor-version":[{"id":66187,"href":"http:\/\/www.eloriente.net\/home\/wp-json\/wp\/v2\/posts\/43632\/revisions\/66187"}],"wp:featuredmedia":[{"embeddable":true,"href":"http:\/\/www.eloriente.net\/home\/wp-json\/wp\/v2\/media\/43633"}],"wp:attachment":[{"href":"http:\/\/www.eloriente.net\/home\/wp-json\/wp\/v2\/media?parent=43632"}],"wp:term":[{"taxonomy":"category","embeddable":true,"href":"http:\/\/www.eloriente.net\/home\/wp-json\/wp\/v2\/categories?post=43632"},{"taxonomy":"post_tag","embeddable":true,"href":"http:\/\/www.eloriente.net\/home\/wp-json\/wp\/v2\/tags?post=43632"}],"curies":[{"name":"wp","href":"https:\/\/api.w.org\/{rel}","templated":true}]}}