{"id":43653,"date":"2016-05-30T13:37:33","date_gmt":"2016-05-30T19:37:33","guid":{"rendered":"http:\/\/www.eloriente.net\/home\/?p=43653"},"modified":"2016-06-08T17:43:38","modified_gmt":"2016-06-08T23:43:38","slug":"videocolumna-que-es-la-meditacion-por-diego-mier-y-teran","status":"publish","type":"post","link":"http:\/\/www.eloriente.net\/home\/2016\/05\/30\/videocolumna-que-es-la-meditacion-por-diego-mier-y-teran\/","title":{"rendered":"VIDEOCOLUMNA: \u00bfQu\u00e9 es la meditaci\u00f3n? Por Diego Mier y Ter\u00e1n"},"content":{"rendered":"<p><script src=\"\/\/pagead2.googlesyndication.com\/pagead\/js\/adsbygoogle.js\" async=\"\"><\/script><!-- BANNER ELORIENTE INCRUSTADO NOTAS --> <ins class=\"adsbygoogle\" style=\"display: inline-block; width: 300px; height: 250px;\" data-ad-client=\"ca-pub-1136171134853753\" data-ad-slot=\"7974633627\"><\/ins><script>\/\/ <![CDATA[\n(adsbygoogle = window.adsbygoogle || []).push({});\n\/\/ ]]><\/script><\/p>\n<p>&nbsp;<\/p>\n<p>eloriente.net<\/p>\n<p>30 de mayo de 2016<\/p>\n<p><iframe loading=\"lazy\" style=\"border: none; overflow: hidden;\" src=\"https:\/\/www.facebook.com\/plugins\/video.php?href=https%3A%2F%2Fwww.facebook.com%2F443535572345554%2Fvideos%2F1202972796401824%2F&amp;show_text=0&amp;width=560\" width=\"560\" height=\"315\" frameborder=\"0\" scrolling=\"no\" allowfullscreen=\"allowfullscreen\"><\/iframe><\/p>\n<p><script src=\"\/\/pagead2.googlesyndication.com\/pagead\/js\/adsbygoogle.js\" async=\"\"><\/script><!-- BANNER PEQUE\u00d1O PARA ENTRENOTAS EL ORIENTE --> <ins class=\"adsbygoogle\" style=\"display: inline-block; width: 468px; height: 60px;\" data-ad-client=\"ca-pub-1136171134853753\" data-ad-slot=\"4953536424\"><\/ins><script>\/\/ <![CDATA[\n(adsbygoogle = window.adsbygoogle || []).push({});\n\/\/ ]]><\/script><\/p>\n<p><a href=\"http:\/\/www.eloriente.net\/home\/wp-content\/uploads\/2016\/05\/Captura-de-pantalla-2016-05-30-a-las-13.20.57.png\" rel=\"attachment wp-att-43654\"><img loading=\"lazy\" decoding=\"async\" class=\"alignnone wp-image-43654\" src=\"http:\/\/www.eloriente.net\/home\/wp-content\/uploads\/2016\/05\/Captura-de-pantalla-2016-05-30-a-las-13.20.57.png\" alt=\"Captura de pantalla 2016-05-30 a las 13.20.57\" width=\"602\" height=\"338\" srcset=\"http:\/\/www.eloriente.net\/home\/wp-content\/uploads\/2016\/05\/Captura-de-pantalla-2016-05-30-a-las-13.20.57.png 4210w, http:\/\/www.eloriente.net\/home\/wp-content\/uploads\/2016\/05\/Captura-de-pantalla-2016-05-30-a-las-13.20.57-300x168.png 300w, http:\/\/www.eloriente.net\/home\/wp-content\/uploads\/2016\/05\/Captura-de-pantalla-2016-05-30-a-las-13.20.57-768x431.png 768w, http:\/\/www.eloriente.net\/home\/wp-content\/uploads\/2016\/05\/Captura-de-pantalla-2016-05-30-a-las-13.20.57-1024x575.png 1024w\" sizes=\"(max-width: 602px) 100vw, 602px\" \/><\/a><\/p>\n<p>Tambi\u00e9n recuerda agenda las actividades que <a class=\"profileLink\" href=\"https:\/\/www.facebook.com\/casatibet.sedeoaxaca\" data-hovercard=\"\/ajax\/hovercard\/user.php?id=100006458288909\">Casa Tibet Sede Oaxaca<\/a>\u00a0tiene preparadas con motivo de la visita de Tony Karam a nuestro. M\u00e1s informaci\u00f3n en el enlace: <a href=\"http:\/\/goo.gl\/TE2I76\" target=\"_blank\" rel=\"nofollow\">http:\/\/goo.gl\/TE2I76<\/a><\/p>\n<p><strong>OTRAS COLUMNAS, DAR CLICK SOBRE LA IMAGEN:<\/strong><\/p>\n<p><a href=\"http:\/\/www.eloriente.net\/home\/category\/videoblogs\/\" target=\"_blank\" rel=\"attachment wp-att-43191\"><img loading=\"lazy\" decoding=\"async\" class=\"alignnone size-full wp-image-43191\" src=\"http:\/\/www.eloriente.net\/home\/wp-content\/uploads\/2016\/04\/Columnistas-facebook-el-oriente.png\" alt=\"Columnistas facebook el oriente\" width=\"292\" height=\"251\" \/><\/a><\/p>\n\n\t\t\t  <div \n\t\t\t  \tclass = \"fb-comments\" \n\t\t\t  \tdata-href = \"http:\/\/www.eloriente.net\/home\/2016\/05\/30\/videocolumna-que-es-la-meditacion-por-diego-mier-y-teran\/\"\n\t\t\t  \tdata-numposts = \"10\"\n\t\t\t\tdata-colorscheme = \"dark\"\n\t\t\t\tdata-order-by = \"social\"\n\t\t\t\tdata-mobile=true>\n\t\t\t  <\/div>\n\t\t  <style>\n\t\t\t.fb_iframe_widget_fluid_desktop iframe {\n\t\t\t    width: 100% !important;\n\t\t\t}\n\t\t  <\/style>\n\t\t  ","protected":false},"excerpt":{"rendered":"<p>&nbsp; eloriente.net 30 de mayo de 2016 Tambi\u00e9n recuerda agenda las actividades que Casa Tibet Sede Oaxaca\u00a0tiene preparadas con motivo de la visita de Tony Karam a nuestro. M\u00e1s informaci\u00f3n en el enlace: http:\/\/goo.gl\/TE2I76 OTRAS COLUMNAS, DAR CLICK SOBRE LA IMAGEN:<\/p>\n","protected":false},"author":44,"featured_media":43655,"comment_status":"open","ping_status":"open","sticky":false,"template":"","format":"standard","meta":{"_jetpack_memberships_contains_paid_content":false,"footnotes":""},"categories":[2015,6347,32,13,16,31,30],"tags":[1143,4026,4025,602,6224,6189],"class_list":["post-43653","post","type-post","status-publish","format-standard","has-post-thumbnail","hentry","category-viernesdefelicidad","category-diego-mier-y-teran","category-entradas","category-especiales","category-salud-y-estilo-de-vida","category-principal","category-salud","tag-budismo","tag-casa-tibet","tag-diego-mier-y-teran","tag-meditacion","tag-videocolumna","tag-videocolumnas"],"jetpack_featured_media_url":"http:\/\/www.eloriente.net\/home\/wp-content\/uploads\/2016\/05\/Captura-de-pantalla-2016-05-30-a-las-13.20.57-1-e1464636838170.png","jetpack_sharing_enabled":true,"_links":{"self":[{"href":"http:\/\/www.eloriente.net\/home\/wp-json\/wp\/v2\/posts\/43653"}],"collection":[{"href":"http:\/\/www.eloriente.net\/home\/wp-json\/wp\/v2\/posts"}],"about":[{"href":"http:\/\/www.eloriente.net\/home\/wp-json\/wp\/v2\/types\/post"}],"author":[{"embeddable":true,"href":"http:\/\/www.eloriente.net\/home\/wp-json\/wp\/v2\/users\/44"}],"replies":[{"embeddable":true,"href":"http:\/\/www.eloriente.net\/home\/wp-json\/wp\/v2\/comments?post=43653"}],"version-history":[{"count":1,"href":"http:\/\/www.eloriente.net\/home\/wp-json\/wp\/v2\/posts\/43653\/revisions"}],"predecessor-version":[{"id":43656,"href":"http:\/\/www.eloriente.net\/home\/wp-json\/wp\/v2\/posts\/43653\/revisions\/43656"}],"wp:featuredmedia":[{"embeddable":true,"href":"http:\/\/www.eloriente.net\/home\/wp-json\/wp\/v2\/media\/43655"}],"wp:attachment":[{"href":"http:\/\/www.eloriente.net\/home\/wp-json\/wp\/v2\/media?parent=43653"}],"wp:term":[{"taxonomy":"category","embeddable":true,"href":"http:\/\/www.eloriente.net\/home\/wp-json\/wp\/v2\/categories?post=43653"},{"taxonomy":"post_tag","embeddable":true,"href":"http:\/\/www.eloriente.net\/home\/wp-json\/wp\/v2\/tags?post=43653"}],"curies":[{"name":"wp","href":"https:\/\/api.w.org\/{rel}","templated":true}]}}