{"id":43772,"date":"2016-06-07T11:04:13","date_gmt":"2016-06-07T17:04:13","guid":{"rendered":"http:\/\/www.eloriente.net\/home\/?p=43772"},"modified":"2016-06-07T11:18:33","modified_gmt":"2016-06-07T17:18:33","slug":"oaxaca-se-pronostican-lluvias-intensas-y-posibles-granizadas-por-depresion-tropical","status":"publish","type":"post","link":"http:\/\/www.eloriente.net\/home\/2016\/06\/07\/oaxaca-se-pronostican-lluvias-intensas-y-posibles-granizadas-por-depresion-tropical\/","title":{"rendered":"OAXACA: Se pronostican lluvias intensas y posibles granizadas por Depresi\u00f3n Tropical"},"content":{"rendered":"<p><script src=\"\/\/pagead2.googlesyndication.com\/pagead\/js\/adsbygoogle.js\" async=\"\"><\/script><!-- BANNER ELORIENTE INCRUSTADO NOTAS --> <ins class=\"adsbygoogle\" style=\"display: inline-block; width: 300px; height: 250px;\" data-ad-client=\"ca-pub-1136171134853753\" data-ad-slot=\"7974633627\"><\/ins><script>\/\/ <![CDATA[\n(adsbygoogle = window.adsbygoogle || []).push({});\n\/\/ ]]><\/script><br \/>\neloriente.net\/<a href=\"http:\/\/smn.conagua.gob.mx\/es\/pronosticos\/avisos\/aviso-de-ciclon-tropical-en-el-oceano-pacifico\" target=\"_blank\">CONAGUA<\/a><\/p>\n<p>7 de junio de 2016<\/p>\n<p>La ma\u00f1ana de este martes el Servicio Metereol\u00f3gico Nacional emiti\u00f3 un aviso alertando sobre la Depresi\u00f3n Tropical de categor\u00eda UNO-E, ubicada en el Golfo de Tehuantepec.<\/p>\n<p><a href=\"http:\/\/www.eloriente.net\/home\/wp-content\/uploads\/2016\/06\/p-923-temp2.jpg\" rel=\"attachment wp-att-43774\"><img loading=\"lazy\" decoding=\"async\" class=\"alignnone wp-image-43774\" src=\"http:\/\/www.eloriente.net\/home\/wp-content\/uploads\/2016\/06\/p-923-temp2.jpg\" alt=\"p-923-temp2\" width=\"600\" height=\"570\" srcset=\"http:\/\/www.eloriente.net\/home\/wp-content\/uploads\/2016\/06\/p-923-temp2.jpg 607w, http:\/\/www.eloriente.net\/home\/wp-content\/uploads\/2016\/06\/p-923-temp2-300x285.jpg 300w\" sizes=\"(max-width: 600px) 100vw, 600px\" \/><\/a><\/p>\n<p>Actualmente el fen\u00f3meno metereol\u00f3gico se mantiene cerca de las costas de Oaxaca y Chiapas, espec\u00edficamente se encuentra a 100 km al sur-sureste de Salina Cruz, Oaxaca, y a 135 km al suroeste de Barra de Tonal\u00e1, Chiapas.<\/p>\n<p>De acuerdo con el informe del Servicio Metereol\u00f3gico Nacional, la Depresi\u00f3n Tropical presenta vientos sostenidos de hasta 55 kil\u00f3metros por hora y rachas de hasta 75 km\/h.<\/p>\n<p><script src=\"\/\/pagead2.googlesyndication.com\/pagead\/js\/adsbygoogle.js\" async=\"\"><\/script><!-- BANNER PEQUE\u00d1O PARA ENTRENOTAS EL ORIENTE --> <ins class=\"adsbygoogle\" style=\"display: inline-block; width: 468px; height: 60px;\" data-ad-client=\"ca-pub-1136171134853753\" data-ad-slot=\"4953536424\"><\/ins><script>\/\/ <![CDATA[\n(adsbygoogle = window.adsbygoogle || []).push({});\n\/\/ ]]><\/script><\/p>\n<p>&nbsp;<\/p>\n<p>Se ha establecido una zona de vigilancia por efectos de la tormenta que va desde Puerto Escondido, Oaxaca hasta Boca de Pijijiapan, Chiapas.<\/p>\n<p>El pron\u00f3stico es de lluvias intensas acompa\u00f1adas de tormentas el\u00e9ctricas y posibles granizadas en Oaxaca y Chiapas, lluvias muy fuertes en Tabasco y Veracruz, as\u00ed como lluvias fuertes en Campeche.<\/p>\n<p><a href=\"http:\/\/www.eloriente.net\/home\/wp-content\/uploads\/2016\/06\/p-923-temp1.jpg\" rel=\"attachment wp-att-43773\"><img loading=\"lazy\" decoding=\"async\" class=\"alignnone wp-image-43773\" src=\"http:\/\/www.eloriente.net\/home\/wp-content\/uploads\/2016\/06\/p-923-temp1.jpg\" alt=\"p-923-temp1\" width=\"600\" height=\"349\" srcset=\"http:\/\/www.eloriente.net\/home\/wp-content\/uploads\/2016\/06\/p-923-temp1.jpg 777w, http:\/\/www.eloriente.net\/home\/wp-content\/uploads\/2016\/06\/p-923-temp1-300x175.jpg 300w, http:\/\/www.eloriente.net\/home\/wp-content\/uploads\/2016\/06\/p-923-temp1-768x447.jpg 768w\" sizes=\"(max-width: 600px) 100vw, 600px\" \/><\/a><\/p>\n<p><strong>OTRAS ENTRADAS<\/strong><\/p>\n<div class=\"featuredpost\">\n<div class=\"flow_hide\">\n<h2 class=\"posttitle bigposttitle\"><a title=\"Enlace Permanente a DEPORTES: Cr\u00f3nicas beisboleras: Juego de Estrellas 2016. Por Jaime Palau\" href=\"http:\/\/www.eloriente.net\/home\/2016\/06\/06\/deportes-cronicas-beisboleras-juego-de-estrellas-2016-por-jaime-palau\/\" rel=\"bookmark\">DEPORTES: Cr\u00f3nicas beisboleras: Juego de Estrellas 2016. Por Jaime Palau<\/a><\/h2>\n<\/div>\n<p>(www.eloriente.net, M\u00e9xico, a 6 de junio de 2016, por Jaime Palau).-\u00a0Cada a\u00f1o se realiza a mitad de temporada el denominado Juego de Estrellas, en realidad no es\u2026<\/p>\n<p class=\"postmeta\"><span class=\"meta_date\">junio 6, 2016<\/span><\/p>\n<div class=\"toolbar-social\"><\/div>\n<\/div>\n<div class=\"featuredpost\">\n<div class=\"flow_hide\">\n<p><a href=\"http:\/\/www.eloriente.net\/home\/2016\/06\/04\/deportes-asi-reacciono-la-comunidad-intelectual-ante-la-muerte-de-muhammad-ali\/\" rel=\"bookmark\"><img decoding=\"async\" class=\"alignleft\" title=\"DEPORTES: As\u00ed reaccion\u00f3 la comunidad intelectual ante la muerte de Muhammad Ali\" src=\"http:\/\/www.eloriente.net\/home\/wp-content\/themes\/city-desk\/timthumb.php?src=http%3A%2F%2Fwww.eloriente.net%2Fhome%2Fwp-content%2Fuploads%2F2016%2F06%2Fmuhammada-ali.jpg&amp;q=90&amp;w=70&amp;h=45&amp;zc=1\" alt=\"DEPORTES: As\u00ed reaccion\u00f3 la comunidad intelectual ante la muerte de Muhammad Ali\" \/><\/a><\/p>\n<h2 class=\"posttitle \"><a title=\"Enlace Permanente a DEPORTES: As\u00ed reaccion\u00f3 la comunidad intelectual ante la muerte de Muhammad Ali\" href=\"http:\/\/www.eloriente.net\/home\/2016\/06\/04\/deportes-asi-reacciono-la-comunidad-intelectual-ante-la-muerte-de-muhammad-ali\/\" rel=\"bookmark\">DEPORTES: As\u00ed reaccion\u00f3 la comunidad intelectual ante la muerte de Muhammad Ali<\/a><\/h2>\n<\/div>\n<p>(www.eloriente.net, M\u00e9xico, a 4 de junio de 2016).- Muhammad Ali, considerado por muchos como el mejor boxeador de la historia falleci\u00f3 este viernes a causa de complicaciones\u2026<\/p>\n<p class=\"postmeta\"><span class=\"meta_date\">junio 4, 2016<\/span><\/p>\n<div class=\"toolbar-social\"><\/div>\n<\/div>\n<div class=\"featuredpost\">\n<div class=\"flow_hide\">\n<p><a href=\"http:\/\/www.eloriente.net\/home\/2016\/06\/04\/tu-aula-5-videos-que-te-ayudaran-al-momento-de-grabar-tu-cortometraje\/\" rel=\"bookmark\"><img decoding=\"async\" class=\"alignleft\" title=\"TU AULA: 5 videos que te ayudar\u00e1n al momento de grabar tu cortometraje\" src=\"http:\/\/www.eloriente.net\/home\/wp-content\/themes\/city-desk\/timthumb.php?src=http%3A%2F%2Fwww.eloriente.net%2Fhome%2Fwp-content%2Fuploads%2F2016%2F06%2F2632549965_4de4096434_b.jpg&amp;q=90&amp;w=70&amp;h=45&amp;zc=1\" alt=\"TU AULA: 5 videos que te ayudar\u00e1n al momento de grabar tu cortometraje\" \/><\/a><\/p>\n<h2 class=\"posttitle \"><a title=\"Enlace Permanente a TU AULA: 5 videos que te ayudar\u00e1n al momento de grabar tu cortometraje\" href=\"http:\/\/www.eloriente.net\/home\/2016\/06\/04\/tu-aula-5-videos-que-te-ayudaran-al-momento-de-grabar-tu-cortometraje\/\" rel=\"bookmark\">TU AULA: 5 videos que te ayudar\u00e1n al momento de grabar tu cortometraje<\/a><\/h2>\n<\/div>\n<p>(www.eloriente.net, M\u00e9xico, a 4 de junio de 2016).- El cortometraje es una excelente manera de iniciarse en el cine, tambi\u00e9n es una buena opci\u00f3n para contar historias\u2026<\/p>\n<p class=\"postmeta\"><span class=\"meta_date\">junio 4, 2016<\/span><\/p>\n<\/div>\n\n\t\t\t  <div \n\t\t\t  \tclass = \"fb-comments\" \n\t\t\t  \tdata-href = \"http:\/\/www.eloriente.net\/home\/2016\/06\/07\/oaxaca-se-pronostican-lluvias-intensas-y-posibles-granizadas-por-depresion-tropical\/\"\n\t\t\t  \tdata-numposts = \"10\"\n\t\t\t\tdata-colorscheme = \"dark\"\n\t\t\t\tdata-order-by = \"social\"\n\t\t\t\tdata-mobile=true>\n\t\t\t  <\/div>\n\t\t  <style>\n\t\t\t.fb_iframe_widget_fluid_desktop iframe {\n\t\t\t    width: 100% !important;\n\t\t\t}\n\t\t  <\/style>\n\t\t  ","protected":false},"excerpt":{"rendered":"<p>eloriente.net\/CONAGUA 7 de junio de 2016 La ma\u00f1ana de este martes el Servicio Metereol\u00f3gico Nacional emiti\u00f3 un aviso alertando sobre la Depresi\u00f3n Tropical de categor\u00eda UNO-E, ubicada en el Golfo de Tehuantepec. Actualmente el fen\u00f3meno metereol\u00f3gico se mantiene cerca de las costas de Oaxaca y Chiapas, espec\u00edficamente se encuentra a 100 km al sur-sureste de [&hellip;]<\/p>\n","protected":false},"author":44,"featured_media":43776,"comment_status":"open","ping_status":"open","sticky":false,"template":"","format":"standard","meta":{"_jetpack_memberships_contains_paid_content":false,"footnotes":""},"categories":[1588,32,63,24,464,31],"tags":[3604,74,6591,4195,3513,4822,6592,751,4212,73],"class_list":["post-43772","post","type-post","status-publish","format-standard","has-post-thumbnail","hentry","category-comunicados-y-boletines","category-entradas","category-estados","category-mexico-y-el-mundo","category-oaxaca-estados","category-principal","tag-alerta","tag-chiapas","tag-comision-nacional-del-agua","tag-comunicado","tag-conagua","tag-depresion-tropical","tag-granizadas","tag-informe","tag-lluvias","tag-oaxaca"],"jetpack_featured_media_url":"http:\/\/www.eloriente.net\/home\/wp-content\/uploads\/2016\/06\/lluvia-rami\u0301n-pe\u0301rez-niz.jpg","jetpack_sharing_enabled":true,"_links":{"self":[{"href":"http:\/\/www.eloriente.net\/home\/wp-json\/wp\/v2\/posts\/43772"}],"collection":[{"href":"http:\/\/www.eloriente.net\/home\/wp-json\/wp\/v2\/posts"}],"about":[{"href":"http:\/\/www.eloriente.net\/home\/wp-json\/wp\/v2\/types\/post"}],"author":[{"embeddable":true,"href":"http:\/\/www.eloriente.net\/home\/wp-json\/wp\/v2\/users\/44"}],"replies":[{"embeddable":true,"href":"http:\/\/www.eloriente.net\/home\/wp-json\/wp\/v2\/comments?post=43772"}],"version-history":[{"count":2,"href":"http:\/\/www.eloriente.net\/home\/wp-json\/wp\/v2\/posts\/43772\/revisions"}],"predecessor-version":[{"id":43777,"href":"http:\/\/www.eloriente.net\/home\/wp-json\/wp\/v2\/posts\/43772\/revisions\/43777"}],"wp:featuredmedia":[{"embeddable":true,"href":"http:\/\/www.eloriente.net\/home\/wp-json\/wp\/v2\/media\/43776"}],"wp:attachment":[{"href":"http:\/\/www.eloriente.net\/home\/wp-json\/wp\/v2\/media?parent=43772"}],"wp:term":[{"taxonomy":"category","embeddable":true,"href":"http:\/\/www.eloriente.net\/home\/wp-json\/wp\/v2\/categories?post=43772"},{"taxonomy":"post_tag","embeddable":true,"href":"http:\/\/www.eloriente.net\/home\/wp-json\/wp\/v2\/tags?post=43772"}],"curies":[{"name":"wp","href":"https:\/\/api.w.org\/{rel}","templated":true}]}}