{"id":43778,"date":"2016-06-07T13:24:46","date_gmt":"2016-06-07T19:24:46","guid":{"rendered":"http:\/\/www.eloriente.net\/home\/?p=43778"},"modified":"2016-06-07T13:24:46","modified_gmt":"2016-06-07T19:24:46","slug":"5-vacantes-en-administracion-martesdevacantes","status":"publish","type":"post","link":"http:\/\/www.eloriente.net\/home\/2016\/06\/07\/5-vacantes-en-administracion-martesdevacantes\/","title":{"rendered":"5 Vacantes en Administraci\u00f3n #MartesDeVacantes"},"content":{"rendered":"<p><script src=\"\/\/pagead2.googlesyndication.com\/pagead\/js\/adsbygoogle.js\" async=\"\"><\/script><!-- BANNER ELORIENTE INCRUSTADO NOTAS --> <ins class=\"adsbygoogle\" style=\"display: inline-block; width: 300px; height: 250px;\" data-ad-client=\"ca-pub-1136171134853753\" data-ad-slot=\"7974633627\"><\/ins><script>\/\/ <![CDATA[\n(adsbygoogle = window.adsbygoogle || []).push({});\n\/\/ ]]><\/script><br \/>\n&nbsp;<\/p>\n<p>(www.eloriente.net, M\u00e9xico, a 7 de junio de 2016).- Conscientes de la importancia para la ciudadan\u00eda en general de la b\u00fasqueda de nuevas oportunidades de crecimiento profesional, ponemos a tu disposici\u00f3n semanalmente ofertas de empleo disponibles por profesi\u00f3n en cualquier parte de M\u00e9xico y del mundo o, cuando as\u00ed lo amerita, exclusivamente en Oaxaca.<\/p>\n<p>En esta ocasi\u00f3n, ELORIENTE.NET comparte cinco vacantes en Administraci\u00f3n.<\/p>\n<p>Si deseas aplicar para alguna de las vacantes, deber\u00e1s darle clic al t\u00edtulo de esta y te llevar\u00e1 al sitio que te pondr\u00e1 en contacto con los empleadores. No olvides comentar que la oportunidad la has encontrado con nosotros en el Martes de Vacantes de ELORIENTE.NET. \u00a1\u00c9xito!<\/p>\n<p><strong>* VACANTE ESPECIAL<\/strong><\/p>\n<p>Agradeciendo la confianza de nuestros lectores, de quienes buscan empleo y de quienes lo ofertan, principalmente en nuestro ya tradicional #MARTESDEVACANTES, en esta ocasi\u00f3n publicamos una Vacante Especial.<\/p>\n<p><strong>APLICADORA DE TRATAMIENTOS EST\u00c9TICOS<\/strong><\/p>\n<p>Con un sueldo mensual de <strong>$5,000<\/strong> (CINCO MIL PESOS), como sueldo base, m\u00e1s bonos y comisiones.<\/p>\n<p>Se trata de una vacante ubicada en <strong>Santa Luc\u00eda, Oaxaca,\u00a0<\/strong>solicitando los siguientes requerimientos:<\/p>\n<ul>\n<li>Sexo: Femenino<\/li>\n<li>Edad: 25-40 a\u00f1os<\/li>\n<li>Horario: Tiempo Completo<\/li>\n<li>Preferentemente que vida cerca de zona militar, IEEPO.<\/li>\n<li>Honesta<\/li>\n<li>Responsable<\/li>\n<li>Proactiva<\/li>\n<\/ul>\n<p>Las tarea a realizar son, entre otras, la aplicaci\u00f3n y venta de tratamiento est\u00e9ticos como DEPILACI\u00d3N PERMANENTE CON L\u00c1SER, REMODELACI\u00d3N CORPORAL, MICRODERMOABRASI\u00d3N y FACIALES.<\/p>\n<p>La educaci\u00f3n requerida es universitaria.<\/p>\n<p>Es muy importante saber que la empresa se\u00f1ala que despu\u00e9s de 3 meses de prueba se proceder\u00e1 a ofrecer prestaciones de Ley, asegurando BUEN AMBIENTE Y CRECIMIENTO LABORAL.<\/p>\n<p>Como el espacio de trabajo es peque\u00f1o se tendr\u00eda que realizar la limpieza del lugar.<\/p>\n<p><strong>Si te encuentras interesada favor de enviar tu CV a recursoshumanos@capitalkey.com.mx o llamar a los tel\u00e9fonos (55) 67293308 o (55)67289798.<\/strong><\/p>\n<p>Es buena idea decir que la VACANTE LA VISTE EN ELORIENTE.NET<\/p>\n<p>Ll\u00e9vate la imagen!:<\/p>\n<p><script src=\"\/\/pagead2.googlesyndication.com\/pagead\/js\/adsbygoogle.js\" async=\"\"><\/script><!-- BANNER PEQUE\u00d1O PARA ENTRENOTAS EL ORIENTE --> <ins class=\"adsbygoogle\" style=\"display: inline-block; width: 468px; height: 60px;\" data-ad-client=\"ca-pub-1136171134853753\" data-ad-slot=\"4953536424\"><\/ins><script>\/\/ <![CDATA[\n(adsbygoogle = window.adsbygoogle || []).push({});\n\/\/ ]]><\/script><\/p>\n<p><a href=\"http:\/\/www.eloriente.net\/home\/wp-content\/uploads\/2016\/06\/VACANTE-APLICADORA-OAXACA.png\" rel=\"attachment wp-att-43680\"><img loading=\"lazy\" decoding=\"async\" class=\"alignnone wp-image-43680\" src=\"http:\/\/www.eloriente.net\/home\/wp-content\/uploads\/2016\/06\/VACANTE-APLICADORA-OAXACA.png\" alt=\"VACANTE APLICADORA OAXACA\" width=\"500\" height=\"541\" srcset=\"http:\/\/www.eloriente.net\/home\/wp-content\/uploads\/2016\/06\/VACANTE-APLICADORA-OAXACA.png 743w, http:\/\/www.eloriente.net\/home\/wp-content\/uploads\/2016\/06\/VACANTE-APLICADORA-OAXACA-278x300.png 278w\" sizes=\"(max-width: 500px) 100vw, 500px\" \/><\/a><\/p>\n<p><strong><a href=\"https:\/\/www.occ.com.mx\/Empleo\/Oferta\/8981077-director-de-instituto-harmon-hall-oaxaca\" target=\"_blank\">1.- DIRECTOR DE INSTITUTO HARMON HALL OAXACA<\/a><\/strong><\/p>\n<p><strong>Escolaridad:<\/strong> Licenciatura en Lengua Extranjera, Administraci\u00f3n de Empresas, Mercadotecnia o af\u00edn. Deseable contar con especialidad en idiomas.<\/p>\n<p><strong>G\u00e9nero<\/strong>: Indistinto<\/p>\n<p><strong>Requisitos:<\/strong> Saber trabajar bajo presi\u00f3n, conocimiento en el\u00a0manejo de grupos, desarrollo\u00a0de personas y trabajo en\u00a0equipo.<\/p>\n<p><strong>Funciones:<\/strong> No especificadas.<\/p>\n<p><strong>Salario:<\/strong> Entre $13,000 y $14,000 mensuales<\/p>\n<p><strong>Horario:<\/strong> No mostrado<\/p>\n<p><strong><a href=\"http:\/\/www.computrabajo.com.mx\/ofertas-de-trabajo\/oferta-de-trabajo-de-administrador-general-supervisor--en-pinotepa-de-don-luis-5C261ECC63B460D9\" target=\"_blank\">2.-ADMINISTRADOR GENERAL<\/a><\/strong><\/p>\n<p><strong>Escolaridad<\/strong>: Licenciatura en Administraci\u00f3n<\/p>\n<p><strong>G\u00e9nero<\/strong>: Indistinto<\/p>\n<p><strong>Requisitos<\/strong>: Experiencia m\u00ednima de 2 a\u00f1os, disponibilidad para viajar y para cambiar de residencia.<\/p>\n<p><strong>Funciones<\/strong>: Controlar, planear, supervisar y organizar \u00a0la sucursal, llevando a diario los controles de ingresos y egresos, as\u00ed como el buen manejo de los recursos materiales, financieros y humanos de la sucursal Puerto Escondido.\u00a0.<\/p>\n<p><strong>Salario<\/strong>: $6,000 mensuales<\/p>\n<p><strong>Horario:<\/strong> Tiempo completo, no especificado<\/p>\n<p><strong><a href=\"http:\/\/www.bumeran.com.mx\/empleos\/auxiliar-de-recursos-humanos-oaxaca-human-access-1111008164.html\" target=\"_blank\">3.- AUXILIAR DE RECURSOS HUMANOS<\/a><\/strong><\/p>\n<p><strong>Escolaridad:<\/strong> Licenciatura en Administraci\u00f3n Contadur\u00eda o af\u00edn.<\/p>\n<p><strong>G\u00e9nero:<\/strong> Indistinto<\/p>\n<p><strong>Requisitos<\/strong>: Edad de 23 a 50 a\u00f1os.\u00a0Orientaci\u00f3n al cliente, proactivo, responsabilidad, empat\u00eda, trabajo en equipo y flexibilidad..<\/p>\n<p><strong>Funciones:<\/strong>\u00a0Contrataci\u00f3n de personal, elaboraci\u00f3n de credenciales, entrega de finiquitos y liquidaciones.\u00a0Captura y verificaci\u00f3n de informaci\u00f3n CURP, RFC, NSS. Atenci\u00f3n \u00a0a clientes o colaboradores.<\/p>\n<p><strong>Salario:\u00a0<\/strong>$8000 mensuales<\/p>\n<p><strong>Horario:\u00a0<\/strong>De lunas a viernes sin especificar horas.<\/p>\n<p>&nbsp;<\/p>\n<p><strong><a href=\"https:\/\/www.occ.com.mx\/Empleo\/Oferta\/8919901-supervisor-de-ventas\" target=\"_blank\">4.- SUPERVISOR DE VENTAS<\/a><\/strong><\/p>\n<p><strong>Escolaridad:<\/strong> Licenciatura en Mercadotecnia, Administraci\u00f3n de Empresas o Relaciones Comerciales.<\/p>\n<p><strong>G\u00e9nero:<\/strong> Indistinto<\/p>\n<p><strong>Requisitos:<\/strong> Experiencia m\u00ednima de 3 a\u00f1os en un puesto de ventas a nivel supervisi\u00f3n o coordinaci\u00f3n, saber conducir autom\u00f3vil y veh\u00edculos pesados, contar con licencia vigente. Conocimiento en el manejo de personal (preferentemente con personal sindicalizado), trabajo sobre metas de ventas, trabajo sobre presi\u00f3n.<\/p>\n<p><strong>Funciones:<\/strong> Mantener y controlar los indicadores de ventas de las rutas mediante una supervisi\u00f3n eficiente, logrando los objetivos de ventas presupuestados, mediante la atenci\u00f3n y calidad en el servicio al cliente.<\/p>\n<p><strong>Salario:<\/strong> Entre $13,000 y $15,000 mensuales<\/p>\n<p><strong>Horario:<\/strong> Tiempo completo con disponibilidad de horario a partir de las 6:30 horas.<\/p>\n<p><strong><a href=\"http:\/\/www.computrabajo.com.mx\/ofertas-de-trabajo\/oferta-de-trabajo-de-licenciado-en-administracion-gerente-turno-dia-en-oaxaca-de-juarez-38FCC24D47714D82\" target=\"_blank\">5.- GERENTE<\/a><\/strong><\/p>\n<p><strong>Escolaridad<\/strong>: Licenciatura en Administraci\u00f3n<\/p>\n<p><strong>G\u00e9nero:<\/strong> Indistinto<\/p>\n<p><strong>Requisitos:<\/strong> Experiencia m\u00ednima de 3 a\u00f1os.<\/p>\n<p><strong>Funciones:\u00a0<\/strong>Ser\u00e1 responsable de la direcci\u00f3n, administraci\u00f3n, dise\u00f1o de estrategias y pol\u00edticas generales que regir\u00e1n a la empresa, as\u00ed como de desarrollar y definir los objetivos organizacionales.<\/p>\n<p>Planificar y supervisar las labores de los integrantes de la empresa apegando al cumplimiento de las normas, reglamentos, pol\u00edticas e instructivos internos.<\/p>\n<p>Realizar el presupuesto anual de Operaci\u00f3n, Estados Financieros y programas de trabajo.<\/p>\n<p><strong>Salario:\u00a0<\/strong>$10,000 mensuales<\/p>\n<p><strong>Horario:\u00a0<\/strong>Tiempo completo, no especificado.<\/p>\n<p><a href=\"http:\/\/www.eloriente.net\/home\/wp-content\/uploads\/2014\/05\/martes-de-vacantes.jpg\" rel=\"attachment wp-att-25869\"><img loading=\"lazy\" decoding=\"async\" class=\"alignnone  wp-image-25869\" src=\"http:\/\/www.eloriente.net\/home\/wp-content\/uploads\/2014\/05\/martes-de-vacantes.jpg\" alt=\"martes de vacantes\" width=\"601\" height=\"399\" srcset=\"http:\/\/www.eloriente.net\/home\/wp-content\/uploads\/2014\/05\/martes-de-vacantes.jpg 1024w, http:\/\/www.eloriente.net\/home\/wp-content\/uploads\/2014\/05\/martes-de-vacantes-300x199.jpg 300w\" sizes=\"(max-width: 601px) 100vw, 601px\" \/><\/a><\/p>\n<p><strong>OTRAS ENTRADAS<\/strong><\/p>\n<div class=\"featuredpost\">\n<div class=\"flow_hide\">\n<h2 class=\"posttitle bigposttitle\"><a title=\"Enlace Permanente a DEPORTES: Cr\u00f3nicas beisboleras: Juego de Estrellas 2016. Por Jaime Palau\" href=\"http:\/\/www.eloriente.net\/home\/2016\/06\/06\/deportes-cronicas-beisboleras-juego-de-estrellas-2016-por-jaime-palau\/\" rel=\"bookmark\">DEPORTES: Cr\u00f3nicas beisboleras: Juego de Estrellas 2016. Por Jaime Palau<\/a><\/h2>\n<\/div>\n<p>(www.eloriente.net, M\u00e9xico, a 6 de junio de 2016, por Jaime Palau).-\u00a0Cada a\u00f1o se realiza a mitad de temporada el denominado Juego de Estrellas, en realidad no es\u2026<\/p>\n<p class=\"postmeta\"><span class=\"meta_date\">junio 6, 2016<\/span><\/p>\n<div class=\"toolbar-social\"><\/div>\n<\/div>\n<div class=\"featuredpost\">\n<div class=\"flow_hide\"><a href=\"http:\/\/www.eloriente.net\/home\/2016\/06\/04\/deportes-asi-reacciono-la-comunidad-intelectual-ante-la-muerte-de-muhammad-ali\/\" rel=\"bookmark\"><img decoding=\"async\" class=\"alignleft\" title=\"DEPORTES: As\u00ed reaccion\u00f3 la comunidad intelectual ante la muerte de Muhammad Ali\" src=\"http:\/\/www.eloriente.net\/home\/wp-content\/themes\/city-desk\/timthumb.php?src=http%3A%2F%2Fwww.eloriente.net%2Fhome%2Fwp-content%2Fuploads%2F2016%2F06%2Fmuhammada-ali.jpg&amp;q=90&amp;w=70&amp;h=45&amp;zc=1\" alt=\"DEPORTES: As\u00ed reaccion\u00f3 la comunidad intelectual ante la muerte de Muhammad Ali\" \/><\/a><\/p>\n<h2 class=\"posttitle \"><a title=\"Enlace Permanente a DEPORTES: As\u00ed reaccion\u00f3 la comunidad intelectual ante la muerte de Muhammad Ali\" href=\"http:\/\/www.eloriente.net\/home\/2016\/06\/04\/deportes-asi-reacciono-la-comunidad-intelectual-ante-la-muerte-de-muhammad-ali\/\" rel=\"bookmark\">DEPORTES: As\u00ed reaccion\u00f3 la comunidad intelectual ante la muerte de Muhammad Ali<\/a><\/h2>\n<\/div>\n<p>(www.eloriente.net, M\u00e9xico, a 4 de junio de 2016).- Muhammad Ali, considerado por muchos como el mejor boxeador de la historia falleci\u00f3 este viernes a causa de complicaciones\u2026<\/p>\n<p class=\"postmeta\"><span class=\"meta_date\">junio 4, 2016<\/span><\/p>\n<div class=\"toolbar-social\"><\/div>\n<\/div>\n<div class=\"featuredpost\">\n<div class=\"flow_hide\"><a href=\"http:\/\/www.eloriente.net\/home\/2016\/06\/04\/tu-aula-5-videos-que-te-ayudaran-al-momento-de-grabar-tu-cortometraje\/\" rel=\"bookmark\"><img decoding=\"async\" class=\"alignleft\" title=\"TU AULA: 5 videos que te ayudar\u00e1n al momento de grabar tu cortometraje\" src=\"http:\/\/www.eloriente.net\/home\/wp-content\/themes\/city-desk\/timthumb.php?src=http%3A%2F%2Fwww.eloriente.net%2Fhome%2Fwp-content%2Fuploads%2F2016%2F06%2F2632549965_4de4096434_b.jpg&amp;q=90&amp;w=70&amp;h=45&amp;zc=1\" alt=\"TU AULA: 5 videos que te ayudar\u00e1n al momento de grabar tu cortometraje\" \/><\/a><\/p>\n<h2 class=\"posttitle \"><a title=\"Enlace Permanente a TU AULA: 5 videos que te ayudar\u00e1n al momento de grabar tu cortometraje\" href=\"http:\/\/www.eloriente.net\/home\/2016\/06\/04\/tu-aula-5-videos-que-te-ayudaran-al-momento-de-grabar-tu-cortometraje\/\" rel=\"bookmark\">TU AULA: 5 videos que te ayudar\u00e1n al momento de grabar tu cortometraje<\/a><\/h2>\n<\/div>\n<p>(www.eloriente.net, M\u00e9xico, a 4 de junio de 2016).- El cortometraje es una excelente manera de iniciarse en el cine, tambi\u00e9n es una buena opci\u00f3n para contar historias\u2026<\/p>\n<p class=\"postmeta\"><span class=\"meta_date\">junio 4, 2016<\/span><\/p>\n<\/div>\n\n\t\t\t  <div \n\t\t\t  \tclass = \"fb-comments\" \n\t\t\t  \tdata-href = \"http:\/\/www.eloriente.net\/home\/2016\/06\/07\/5-vacantes-en-administracion-martesdevacantes\/\"\n\t\t\t  \tdata-numposts = \"10\"\n\t\t\t\tdata-colorscheme = \"dark\"\n\t\t\t\tdata-order-by = \"social\"\n\t\t\t\tdata-mobile=true>\n\t\t\t  <\/div>\n\t\t  <style>\n\t\t\t.fb_iframe_widget_fluid_desktop iframe {\n\t\t\t    width: 100% !important;\n\t\t\t}\n\t\t  <\/style>\n\t\t  ","protected":false},"excerpt":{"rendered":"<p>&nbsp; (www.eloriente.net, M\u00e9xico, a 7 de junio de 2016).- Conscientes de la importancia para la ciudadan\u00eda en general de la b\u00fasqueda de nuevas oportunidades de crecimiento profesional, ponemos a tu disposici\u00f3n semanalmente ofertas de empleo disponibles por profesi\u00f3n en cualquier parte de M\u00e9xico y del mundo o, cuando as\u00ed lo amerita, exclusivamente en Oaxaca. En [&hellip;]<\/p>\n","protected":false},"author":44,"featured_media":25869,"comment_status":"open","ping_status":"open","sticky":false,"template":"","format":"standard","meta":{"_jetpack_memberships_contains_paid_content":false,"footnotes":""},"categories":[942,32,63,464,31,19],"tags":[4080,215,1820,2420,777,889],"class_list":["post-43778","post","type-post","status-publish","format-standard","has-post-thumbnail","hentry","category-martesdevacantes","category-entradas","category-estados","category-oaxaca-estados","category-principal","category-turismo-y-negocios","tag-martesdevacantes","tag-empleo","tag-junio","tag-martes-de-vacantes","tag-oportunidades","tag-vacantes"],"jetpack_featured_media_url":"http:\/\/www.eloriente.net\/home\/wp-content\/uploads\/2014\/05\/martes-de-vacantes.jpg","jetpack_sharing_enabled":true,"_links":{"self":[{"href":"http:\/\/www.eloriente.net\/home\/wp-json\/wp\/v2\/posts\/43778"}],"collection":[{"href":"http:\/\/www.eloriente.net\/home\/wp-json\/wp\/v2\/posts"}],"about":[{"href":"http:\/\/www.eloriente.net\/home\/wp-json\/wp\/v2\/types\/post"}],"author":[{"embeddable":true,"href":"http:\/\/www.eloriente.net\/home\/wp-json\/wp\/v2\/users\/44"}],"replies":[{"embeddable":true,"href":"http:\/\/www.eloriente.net\/home\/wp-json\/wp\/v2\/comments?post=43778"}],"version-history":[{"count":1,"href":"http:\/\/www.eloriente.net\/home\/wp-json\/wp\/v2\/posts\/43778\/revisions"}],"predecessor-version":[{"id":43779,"href":"http:\/\/www.eloriente.net\/home\/wp-json\/wp\/v2\/posts\/43778\/revisions\/43779"}],"wp:featuredmedia":[{"embeddable":true,"href":"http:\/\/www.eloriente.net\/home\/wp-json\/wp\/v2\/media\/25869"}],"wp:attachment":[{"href":"http:\/\/www.eloriente.net\/home\/wp-json\/wp\/v2\/media?parent=43778"}],"wp:term":[{"taxonomy":"category","embeddable":true,"href":"http:\/\/www.eloriente.net\/home\/wp-json\/wp\/v2\/categories?post=43778"},{"taxonomy":"post_tag","embeddable":true,"href":"http:\/\/www.eloriente.net\/home\/wp-json\/wp\/v2\/tags?post=43778"}],"curies":[{"name":"wp","href":"https:\/\/api.w.org\/{rel}","templated":true}]}}