{"id":43800,"date":"2016-06-10T13:30:59","date_gmt":"2016-06-10T19:30:59","guid":{"rendered":"http:\/\/www.eloriente.net\/home\/?p=43800"},"modified":"2016-06-10T13:30:59","modified_gmt":"2016-06-10T19:30:59","slug":"nuevo-sistema-de-justicia-en-la-recta-final-por-paz-espino","status":"publish","type":"post","link":"http:\/\/www.eloriente.net\/home\/2016\/06\/10\/nuevo-sistema-de-justicia-en-la-recta-final-por-paz-espino\/","title":{"rendered":"Nuevo Sistema de Justicia: En la recta final, por Paz Espino"},"content":{"rendered":"<p><script src=\"\/\/pagead2.googlesyndication.com\/pagead\/js\/adsbygoogle.js\" async=\"\"><\/script><!-- BANNER ELORIENTE INCRUSTADO NOTAS --> <ins class=\"adsbygoogle\" style=\"display: inline-block; width: 300px; height: 250px;\" data-ad-client=\"ca-pub-1136171134853753\" data-ad-slot=\"7974633627\"><\/ins><script>\/\/ <![CDATA[\n(adsbygoogle = window.adsbygoogle || []).push({});\n\/\/ ]]><\/script><br \/>\neloriente.net<\/p>\n<p>10 de junio de 2016<\/p>\n<p>Por: Paz Espino<\/p>\n<p>La reforma Constitucional del 18 de junio del a\u00f1o 2008 transform\u00f3 todo el sistema de seguridad y justicia penal en M\u00e9xico, con el prop\u00f3sito de que la ciudadan\u00eda tuviese en un plazo de ocho a\u00f1os un nuevo modelo de procuraci\u00f3n e impartici\u00f3n de justicia.<\/p>\n<p>Hoy estamos a 10 d\u00edas de que se cumpla el t\u00e9rmino para la Implementaci\u00f3n del Sistema de Justicia Penal Acusatorio en todo el territorio nacional; es decir, el 18 de junio de este a\u00f1o, los mexicanos amaneceremos con una nueva forma de hacer justicia.<\/p>\n<p>Esta reforma, que representa el cambio m\u00e1s importante de los \u00faltimos cien a\u00f1os en materia de seguridad y justicia en M\u00e9xico, la veremos consumada en breves d\u00edas, y los habitantes de las 32 entidades federativas podremos gozar de los beneficios que el sistema ofrece como: la protecci\u00f3n al inocente, sanci\u00f3n para el culpable y la reparaci\u00f3n del da\u00f1o causado por el delito, lo cual sienta las bases de la garant\u00eda al respeto pleno de los derechos humanos y civiles b\u00e1sicos, pero tambi\u00e9n es detonador de un entorno conducente al desarrollo econ\u00f3mico, especialmente para la inversi\u00f3n nacional e internacional.<\/p>\n<p>Ha sido arduo el trabajo que en ocho a\u00f1os han realizado instituciones de gobierno, universidades, organizaciones no gubernamentales, no solo en la adecuaci\u00f3n de leyes, tambi\u00e9n en la construcci\u00f3n de infraestructura, equipamiento, reestructuraci\u00f3n y creaci\u00f3n de modelos de gesti\u00f3n, creaci\u00f3n de nuevas instituciones y figuras jur\u00eddicas, capacitaci\u00f3n a operadores del sistema y difusi\u00f3n para socializar el modelo acusatorio a la ciudadan\u00eda.<br \/>\n<script src=\"\/\/pagead2.googlesyndication.com\/pagead\/js\/adsbygoogle.js\" async=\"\"><\/script><!-- BANNER PEQUE\u00d1O PARA ENTRENOTAS EL ORIENTE --> <ins class=\"adsbygoogle\" style=\"display: inline-block; width: 468px; height: 60px;\" data-ad-client=\"ca-pub-1136171134853753\" data-ad-slot=\"4953536424\"><\/ins><script>\/\/ <![CDATA[\n(adsbygoogle = window.adsbygoogle || []).push({});\n\/\/ ]]><\/script><br \/>\n&nbsp;<\/p>\n<p>De esta manera, se han logrado homologar 67 sistemas procesales con la reforma penal en el pa\u00eds (32 del fuero com\u00fan para adultos y 32 para adolescentes, m\u00e1s el fuero federal para adultos y para adolescentes y el fuero de guerra).<\/p>\n<p>El factor econ\u00f3mico ha sido fundamental en la implementaci\u00f3n de la reforma penal, seg\u00fan cifras de la SETEC, se han invertido cerca de 21 mil millones de pesos provenientes de diversas fuentes: Subsidio SETEC, Fondo de Aportaciones para la Seguridad P\u00fablica (FASP), Fondo para Apoyar la Implementaci\u00f3n del Sistema de Justicia Penal en las entidades federativas (5Mmdp) y el Subsidio a los municipios y demarcaciones territoriales del Distrito Federal y, en su caso, a las entidades federativas que ejerzan de manera directa o coordinada la funci\u00f3n de seguridad p\u00fablica (FORTASEG).<\/p>\n<p>No estoy diciendo que las cosas van a cambiar de la noche a la ma\u00f1ana como un acto de magia, no, esto representa una trasformaci\u00f3n generacional, depender\u00e1 de cada uno de nosotros hacerlo funcionar, depender\u00e1 de qu\u00e9 tan r\u00e1pido podamos asumir el cambio cultural que se avecina; en Chile, con la pol\u00edtica p\u00fablica reformadora m\u00e1s exitosa de Am\u00e9rica Latina, ha tardado seg\u00fan expertos en la materia 15 a\u00f1os para consolidar el modelo de justicia; seg\u00fan una metodolog\u00eda que mide de forma integral 400 factores de desarrollo institucional, asevera que en 5.7 a\u00f1os, M\u00e9xico habr\u00e1 afianzado el Nuevo Sistema de Justicia Penal.<\/p>\n<p><a href=\"http:\/\/www.eloriente.net\/home\/wp-content\/uploads\/2014\/10\/8035396680_31ed820eb3_b.jpg\" rel=\"attachment wp-att-32948\"><img loading=\"lazy\" decoding=\"async\" class=\"alignnone size-medium wp-image-32948\" src=\"http:\/\/www.eloriente.net\/home\/wp-content\/uploads\/2014\/10\/8035396680_31ed820eb3_b-300x225.jpg\" alt=\"Justicia - Michael Coghlan\" width=\"300\" height=\"225\" srcset=\"http:\/\/www.eloriente.net\/home\/wp-content\/uploads\/2014\/10\/8035396680_31ed820eb3_b-300x225.jpg 300w, http:\/\/www.eloriente.net\/home\/wp-content\/uploads\/2014\/10\/8035396680_31ed820eb3_b.jpg 1024w\" sizes=\"(max-width: 300px) 100vw, 300px\" \/><\/a><\/p>\n<p>Justicia &#8211; Michael Coghlan<\/p>\n<p><strong>OTRAS ENTRADAS:<\/strong><\/p>\n<h2 class=\"entry_title\"><a title=\"Enlace Permanente a ESPECIALES: Consulta aqu\u00ed todas las emisiones del programa Engranaje\" href=\"http:\/\/www.eloriente.net\/home\/2016\/01\/14\/especiales-consulta-aqui-todas-las-emisiones-del-programa-engranaje\/\" rel=\"bookmark\">ESPECIALES: Consulta aqu\u00ed todas las emisiones del programa Engranaje<\/a><\/h2>\n<p><a href=\"http:\/\/www.eloriente.net\/home\/2016\/01\/14\/especiales-consulta-aqui-todas-las-emisiones-del-programa-engranaje\/\" rel=\"bookmark\"><img decoding=\"async\" class=\"alignleft\" title=\"ESPECIALES: Consulta aqu\u00ed todas las emisiones del programa Engranaje\" src=\"http:\/\/www.eloriente.net\/home\/wp-content\/themes\/city-desk\/timthumb.php?src=http%3A%2F%2Fwww.eloriente.net%2Fhome%2Fwp-content%2Fuploads%2F2016%2F01%2FEngranaje-15-de-octubre1.jpg&amp;q=90&amp;w=160&amp;h=106&amp;zc=1\" alt=\"ESPECIALES: Consulta aqu\u00ed todas las emisiones del programa Engranaje\" \/><\/a><\/p>\n<p>(www.eloriente.net, M\u00e9xico, a 14 de enero de 2016).- Durante el a\u00f1o pasado estuvimos compartiendo con nuestros lectores las emisiones del programa \u201cEngranaje: Un espacio para el an\u00e1lisis jur\u00eddico\u201d. Conducido por el maestro Juan Pablo Vasconcelos, y en el cual se abordaron diversos temas relacionados con el Nuevo Sistema de Justicia Penal. El programa fue [\u2026]<\/p>\n<p class=\"postmeta\"><span class=\"meta_date\">enero 14, 2016<\/span><\/p>\n\n\t\t\t  <div \n\t\t\t  \tclass = \"fb-comments\" \n\t\t\t  \tdata-href = \"http:\/\/www.eloriente.net\/home\/2016\/06\/10\/nuevo-sistema-de-justicia-en-la-recta-final-por-paz-espino\/\"\n\t\t\t  \tdata-numposts = \"10\"\n\t\t\t\tdata-colorscheme = \"dark\"\n\t\t\t\tdata-order-by = \"social\"\n\t\t\t\tdata-mobile=true>\n\t\t\t  <\/div>\n\t\t  <style>\n\t\t\t.fb_iframe_widget_fluid_desktop iframe {\n\t\t\t    width: 100% !important;\n\t\t\t}\n\t\t  <\/style>\n\t\t  ","protected":false},"excerpt":{"rendered":"<p>eloriente.net 10 de junio de 2016 Por: Paz Espino La reforma Constitucional del 18 de junio del a\u00f1o 2008 transform\u00f3 todo el sistema de seguridad y justicia penal en M\u00e9xico, con el prop\u00f3sito de que la ciudadan\u00eda tuviese en un plazo de ocho a\u00f1os un nuevo modelo de procuraci\u00f3n e impartici\u00f3n de justicia. Hoy estamos [&hellip;]<\/p>\n","protected":false},"author":1,"featured_media":32948,"comment_status":"open","ping_status":"open","sticky":false,"template":"","format":"standard","meta":{"_jetpack_memberships_contains_paid_content":false,"footnotes":""},"categories":[29,32,13,63],"tags":[3455,6605,3906],"class_list":["post-43800","post","type-post","status-publish","format-standard","has-post-thumbnail","hentry","category-capital","category-entradas","category-especiales","category-estados","tag-justicia-oaxaca","tag-justicia-penal-oaxaca","tag-nuevo-sistema-de-justicia-penal"],"jetpack_featured_media_url":"http:\/\/www.eloriente.net\/home\/wp-content\/uploads\/2014\/10\/8035396680_31ed820eb3_b.jpg","jetpack_sharing_enabled":true,"_links":{"self":[{"href":"http:\/\/www.eloriente.net\/home\/wp-json\/wp\/v2\/posts\/43800"}],"collection":[{"href":"http:\/\/www.eloriente.net\/home\/wp-json\/wp\/v2\/posts"}],"about":[{"href":"http:\/\/www.eloriente.net\/home\/wp-json\/wp\/v2\/types\/post"}],"author":[{"embeddable":true,"href":"http:\/\/www.eloriente.net\/home\/wp-json\/wp\/v2\/users\/1"}],"replies":[{"embeddable":true,"href":"http:\/\/www.eloriente.net\/home\/wp-json\/wp\/v2\/comments?post=43800"}],"version-history":[{"count":1,"href":"http:\/\/www.eloriente.net\/home\/wp-json\/wp\/v2\/posts\/43800\/revisions"}],"predecessor-version":[{"id":43806,"href":"http:\/\/www.eloriente.net\/home\/wp-json\/wp\/v2\/posts\/43800\/revisions\/43806"}],"wp:featuredmedia":[{"embeddable":true,"href":"http:\/\/www.eloriente.net\/home\/wp-json\/wp\/v2\/media\/32948"}],"wp:attachment":[{"href":"http:\/\/www.eloriente.net\/home\/wp-json\/wp\/v2\/media?parent=43800"}],"wp:term":[{"taxonomy":"category","embeddable":true,"href":"http:\/\/www.eloriente.net\/home\/wp-json\/wp\/v2\/categories?post=43800"},{"taxonomy":"post_tag","embeddable":true,"href":"http:\/\/www.eloriente.net\/home\/wp-json\/wp\/v2\/tags?post=43800"}],"curies":[{"name":"wp","href":"https:\/\/api.w.org\/{rel}","templated":true}]}}