{"id":43830,"date":"2016-06-13T17:23:05","date_gmt":"2016-06-13T23:23:05","guid":{"rendered":"http:\/\/www.eloriente.net\/home\/?p=43830"},"modified":"2016-06-14T15:49:39","modified_gmt":"2016-06-14T21:49:39","slug":"videocolumna-en-defensa-de-los-productores-de-cafe-en-mexico-por-karina-baron","status":"publish","type":"post","link":"http:\/\/www.eloriente.net\/home\/2016\/06\/13\/videocolumna-en-defensa-de-los-productores-de-cafe-en-mexico-por-karina-baron\/","title":{"rendered":"VIDEOCOLUMNA: En defensa de los productores de caf\u00e9 en M\u00e9xico. Por Karina Bar\u00f3n"},"content":{"rendered":"<p><script src=\"\/\/pagead2.googlesyndication.com\/pagead\/js\/adsbygoogle.js\" async=\"\"><\/script><!-- BANNER ELORIENTE INCRUSTADO NOTAS --> <ins class=\"adsbygoogle\" style=\"display: inline-block; width: 300px; height: 250px;\" data-ad-client=\"ca-pub-1136171134853753\" data-ad-slot=\"7974633627\"><\/ins><script>\/\/ <![CDATA[\n(adsbygoogle = window.adsbygoogle || []).push({});\n\/\/ ]]><\/script><\/p>\n<p>&nbsp;<\/p>\n<p>eloriente.net<\/p>\n<p>13 de junio de 2016<\/p>\n<p><iframe loading=\"lazy\" style=\"border: none; overflow: hidden;\" src=\"https:\/\/www.facebook.com\/plugins\/video.php?href=https%3A%2F%2Fwww.facebook.com%2F443535572345554%2Fvideos%2F1212255238806913%2F&amp;show_text=0&amp;width=560\" width=\"560\" height=\"315\" frameborder=\"0\" scrolling=\"no\" allowfullscreen=\"allowfullscreen\"><\/iframe><\/p>\n<p><script src=\"\/\/pagead2.googlesyndication.com\/pagead\/js\/adsbygoogle.js\" async=\"\"><\/script><!-- BANNER PEQUE\u00d1O PARA ENTRENOTAS EL ORIENTE --> <ins class=\"adsbygoogle\" style=\"display: inline-block; width: 468px; height: 60px;\" data-ad-client=\"ca-pub-1136171134853753\" data-ad-slot=\"4953536424\"><\/ins><script>\/\/ <![CDATA[\n(adsbygoogle = window.adsbygoogle || []).push({});\n\/\/ ]]><\/script><\/p>\n<p><a href=\"http:\/\/www.eloriente.net\/home\/wp-content\/uploads\/2016\/06\/Captura-de-pantalla-2016-06-13-a-las-18.16.52.png\" rel=\"attachment wp-att-43831\"><img loading=\"lazy\" decoding=\"async\" class=\"alignnone wp-image-43831\" src=\"http:\/\/www.eloriente.net\/home\/wp-content\/uploads\/2016\/06\/Captura-de-pantalla-2016-06-13-a-las-18.16.52.png\" alt=\"Captura de pantalla 2016-06-13 a las 18.16.52\" width=\"602\" height=\"339\" srcset=\"http:\/\/www.eloriente.net\/home\/wp-content\/uploads\/2016\/06\/Captura-de-pantalla-2016-06-13-a-las-18.16.52.png 3840w, http:\/\/www.eloriente.net\/home\/wp-content\/uploads\/2016\/06\/Captura-de-pantalla-2016-06-13-a-las-18.16.52-300x169.png 300w, http:\/\/www.eloriente.net\/home\/wp-content\/uploads\/2016\/06\/Captura-de-pantalla-2016-06-13-a-las-18.16.52-768x432.png 768w, http:\/\/www.eloriente.net\/home\/wp-content\/uploads\/2016\/06\/Captura-de-pantalla-2016-06-13-a-las-18.16.52-1024x577.png 1024w\" sizes=\"(max-width: 602px) 100vw, 602px\" \/><\/a><\/p>\n<p><strong>OTRAS COLUMNAS, DAR CLICK SOBRE LA IMAGEN:<\/strong><\/p>\n<p><a href=\"http:\/\/www.eloriente.net\/home\/category\/videoblogs\/\" target=\"_blank\" rel=\"attachment wp-att-43191\"><img loading=\"lazy\" decoding=\"async\" class=\"alignnone size-full wp-image-43191\" src=\"http:\/\/www.eloriente.net\/home\/wp-content\/uploads\/2016\/04\/Columnistas-facebook-el-oriente.png\" alt=\"Columnistas facebook el oriente\" width=\"292\" height=\"251\" \/><\/a><\/p>\n\n\t\t\t  <div \n\t\t\t  \tclass = \"fb-comments\" \n\t\t\t  \tdata-href = \"http:\/\/www.eloriente.net\/home\/2016\/06\/13\/videocolumna-en-defensa-de-los-productores-de-cafe-en-mexico-por-karina-baron\/\"\n\t\t\t  \tdata-numposts = \"10\"\n\t\t\t\tdata-colorscheme = \"dark\"\n\t\t\t\tdata-order-by = \"social\"\n\t\t\t\tdata-mobile=true>\n\t\t\t  <\/div>\n\t\t  <style>\n\t\t\t.fb_iframe_widget_fluid_desktop iframe {\n\t\t\t    width: 100% !important;\n\t\t\t}\n\t\t  <\/style>\n\t\t  ","protected":false},"excerpt":{"rendered":"<p>&nbsp; eloriente.net 13 de junio de 2016 OTRAS COLUMNAS, DAR CLICK SOBRE LA IMAGEN:<\/p>\n","protected":false},"author":44,"featured_media":43847,"comment_status":"open","ping_status":"open","sticky":false,"template":"","format":"standard","meta":{"_jetpack_memberships_contains_paid_content":false,"footnotes":""},"categories":[2435,32,6324,10,21,31,19,98],"tags":[4137,6614,4418,197,309,6615,6616,6224],"class_list":["post-43830","post","type-post","status-publish","format-standard","has-post-thumbnail","hentry","category-miercolesdeeconomia","category-entradas","category-karina-baron","category-lo-mas-reciente","category-politica-y-gobierno","category-principal","category-turismo-y-negocios","category-videoblogs","tag-cafe","tag-cafetaleros","tag-karina-baron","tag-opinion","tag-productores","tag-productores-de-cafe","tag-video-columna","tag-videocolumna"],"jetpack_featured_media_url":"http:\/\/www.eloriente.net\/home\/wp-content\/uploads\/2016\/06\/Captura-de-pantalla-2016-06-13-a-las-18.16.52-copia-copia.jpg","jetpack_sharing_enabled":true,"_links":{"self":[{"href":"http:\/\/www.eloriente.net\/home\/wp-json\/wp\/v2\/posts\/43830"}],"collection":[{"href":"http:\/\/www.eloriente.net\/home\/wp-json\/wp\/v2\/posts"}],"about":[{"href":"http:\/\/www.eloriente.net\/home\/wp-json\/wp\/v2\/types\/post"}],"author":[{"embeddable":true,"href":"http:\/\/www.eloriente.net\/home\/wp-json\/wp\/v2\/users\/44"}],"replies":[{"embeddable":true,"href":"http:\/\/www.eloriente.net\/home\/wp-json\/wp\/v2\/comments?post=43830"}],"version-history":[{"count":1,"href":"http:\/\/www.eloriente.net\/home\/wp-json\/wp\/v2\/posts\/43830\/revisions"}],"predecessor-version":[{"id":43832,"href":"http:\/\/www.eloriente.net\/home\/wp-json\/wp\/v2\/posts\/43830\/revisions\/43832"}],"wp:featuredmedia":[{"embeddable":true,"href":"http:\/\/www.eloriente.net\/home\/wp-json\/wp\/v2\/media\/43847"}],"wp:attachment":[{"href":"http:\/\/www.eloriente.net\/home\/wp-json\/wp\/v2\/media?parent=43830"}],"wp:term":[{"taxonomy":"category","embeddable":true,"href":"http:\/\/www.eloriente.net\/home\/wp-json\/wp\/v2\/categories?post=43830"},{"taxonomy":"post_tag","embeddable":true,"href":"http:\/\/www.eloriente.net\/home\/wp-json\/wp\/v2\/tags?post=43830"}],"curies":[{"name":"wp","href":"https:\/\/api.w.org\/{rel}","templated":true}]}}