{"id":43833,"date":"2016-06-16T01:00:26","date_gmt":"2016-06-16T07:00:26","guid":{"rendered":"http:\/\/www.eloriente.net\/home\/?p=43833"},"modified":"2016-06-16T10:29:18","modified_gmt":"2016-06-16T16:29:18","slug":"oaxaca-5-actividades-culturales-en-oaxaca-que-no-te-puedes-perder-17-20-de-junio","status":"publish","type":"post","link":"http:\/\/www.eloriente.net\/home\/2016\/06\/16\/oaxaca-5-actividades-culturales-en-oaxaca-que-no-te-puedes-perder-17-20-de-junio\/","title":{"rendered":"OAXACA: 5 actividades culturales en Oaxaca que no te puedes perder (17-20 de junio)"},"content":{"rendered":"<p><script src=\"\/\/pagead2.googlesyndication.com\/pagead\/js\/adsbygoogle.js\" async=\"\"><\/script><!-- BANNER ELORIENTE INCRUSTADO NOTAS --> <ins class=\"adsbygoogle\" style=\"display: inline-block; width: 300px; height: 250px;\" data-ad-client=\"ca-pub-1136171134853753\" data-ad-slot=\"7974633627\"><\/ins><script>\/\/ <![CDATA[\n(adsbygoogle = window.adsbygoogle || []).push({});\n\/\/ ]]><\/script><\/p>\n<p>&nbsp;<\/p>\n<p>(www.eloriente.net, M\u00e9xico, a 16 de junio de 2016, por Valery L\u00f3pez).- Como cada semana, en EL ORIENTE nos dimos a la tarea de buscar las actividades culturales que no puedes dejar pasar en los pr\u00f3ximos d\u00edas. En esta ocasi\u00f3n te presentamos conciertos, talleres y m\u00e1s.<\/p>\n<p><strong><a href=\"https:\/\/www.facebook.com\/fahhosanpablo\/photos\/a.312329492173901.72367.249659198440931\/1084207074986135\/?type=3&amp;theater\" target=\"_blank\">1.- EXPOSICI\u00d3N MIRADAS HUMANAS<\/a><\/strong><\/p>\n<p>El Centro Cultural San Pablo invita a la exposici\u00f3n \u201cmiradas humanas, en la cual Tarun Chopra nos comparte la obra que realiza desde su particular punto de vista.<\/p>\n<p>La exposici\u00f3n se inaugurar\u00e1 este 17 de junio a las 19:00 horas en el Pabell\u00f3n del Centro Cultural San Pablo, entrada libre.<\/p>\n<p><a href=\"http:\/\/www.eloriente.net\/home\/wp-content\/uploads\/2016\/06\/MIRADAS-HUMANAS.png\" rel=\"attachment wp-att-43837\"><img loading=\"lazy\" decoding=\"async\" class=\"alignnone wp-image-43837\" src=\"http:\/\/www.eloriente.net\/home\/wp-content\/uploads\/2016\/06\/MIRADAS-HUMANAS.png\" alt=\"MIRADAS HUMANAS\" width=\"600\" height=\"805\" srcset=\"http:\/\/www.eloriente.net\/home\/wp-content\/uploads\/2016\/06\/MIRADAS-HUMANAS.png 792w, http:\/\/www.eloriente.net\/home\/wp-content\/uploads\/2016\/06\/MIRADAS-HUMANAS-224x300.png 224w, http:\/\/www.eloriente.net\/home\/wp-content\/uploads\/2016\/06\/MIRADAS-HUMANAS-768x1031.png 768w, http:\/\/www.eloriente.net\/home\/wp-content\/uploads\/2016\/06\/MIRADAS-HUMANAS-763x1024.png 763w\" sizes=\"(max-width: 600px) 100vw, 600px\" \/><\/a><\/p>\n<p><strong><a href=\"https:\/\/www.facebook.com\/events\/973054579476971\/\" target=\"_blank\">2.- TALLER SABORES DE MI TIERRA<\/a><\/strong><\/p>\n<p>El pr\u00f3ximo s\u00e1bado 18 de junio se llevar\u00e1 a cabo el taller \u00abSabores de mi tierra\u00bb, impartido por David de Jes\u00fas Acosta, cocinero de coraz\u00f3n y productor de cacao, que nos visita desde Tabasco para compartirnos un poco de los ingredientes de su regi\u00f3n y su alquimia en la cocina, utilizando como estrella principal al Cacao.<\/p>\n<p>En el taller se aprender\u00e1 a cocinar y degustar:<\/p>\n<p><strong>1er tiempo:<\/strong><br \/>\nTostadas de pozol (de la regi\u00f3n de la sierra tabasque\u00f1a) con un aguachile de pulpo, cacao y chile de \u00e1rbol.<br \/>\n<strong>2do tiempo:<\/strong><br \/>\nChile ancho relleno de chaya y queso crema (de la regi\u00f3n de la chontalpa tabasque\u00f1a) en una crema de cacao acompa\u00f1ado de pur\u00e9 de pl\u00e1tano selute y camote.<br \/>\n<strong>3er tiempo:<\/strong><br \/>\nRollo de pan envinado con vino de cacao artesanal relleno de frutos tabasque\u00f1os.<\/p>\n<p>El taller se realizar\u00e1 en el horario de\u00a010:00 a 14:00 hrs. en\u00a0Calabacitas Tiernas, ubicada en Porfirio D\u00edaz 1105. El costo es de $300<br \/>\ny las inscripciones se pueden realizar en: tiernascalabacitas@gmail.com o llamando al 951-201-2585. Cupo limitado a 15 participantes por el tama\u00f1o de la cocina.<\/p>\n<p><a href=\"http:\/\/www.eloriente.net\/home\/wp-content\/uploads\/2016\/06\/TALLER-SABORES-DE-MI-TIERRA.jpg\" rel=\"attachment wp-att-43840\"><img loading=\"lazy\" decoding=\"async\" class=\"alignnone wp-image-43840\" src=\"http:\/\/www.eloriente.net\/home\/wp-content\/uploads\/2016\/06\/TALLER-SABORES-DE-MI-TIERRA.jpg\" alt=\"TALLER SABORES DE MI TIERRA\" width=\"600\" height=\"400\" srcset=\"http:\/\/www.eloriente.net\/home\/wp-content\/uploads\/2016\/06\/TALLER-SABORES-DE-MI-TIERRA.jpg 720w, http:\/\/www.eloriente.net\/home\/wp-content\/uploads\/2016\/06\/TALLER-SABORES-DE-MI-TIERRA-300x200.jpg 300w\" sizes=\"(max-width: 600px) 100vw, 600px\" \/><\/a><\/p>\n<p><strong><a href=\"https:\/\/www.facebook.com\/Audioteca.EduardoMata\/photos\/a.310548759056540.67988.294824680628948\/880147918763285\/?type=3&amp;theater\" target=\"_blank\">3.- CONCIERTO BERNARDINS<\/a><\/strong><\/p>\n<p>El pr\u00f3ximo s\u00e1bado 18 de junio se presentar\u00e1 en Oaxaca la banda de rock Bernardins.<\/p>\n<p>Bernardins es una agrupaci\u00f3n cuyos miembros son originarios de Oaxaca. Fundada en 2008, la banda define su sonido como rock sobrio, influenciado por las tendencias del movimiento brit\u00e1nico con destellos y sonidos atmosf\u00e9ricos contempor\u00e1neos apoyados por la tecnolog\u00eda instrumental pero siempre manteniendo composiciones que evocan la estructura del Rock &amp; Roll cl\u00e1sico con m\u00fasica y letras de autor\u00eda escritas en espa\u00f1ol e ingl\u00e9s.<\/p>\n<p>El concierto se llevar\u00e1 a cabo el pr\u00f3ximo s\u00e1bado 18 de junio a las 19:00 horas en las instalaciones del Instituto de Artes Gr\u00e1ficas de Oaxaca (IAGO), en Avenida Ju\u00e1rez \u00a0#203, Centro, Oaxaca.<\/p>\n<p><a href=\"http:\/\/www.eloriente.net\/home\/wp-content\/uploads\/2016\/06\/BERNARDINS.jpg\" rel=\"attachment wp-att-43836\"><img loading=\"lazy\" decoding=\"async\" class=\"alignnone wp-image-43836\" src=\"http:\/\/www.eloriente.net\/home\/wp-content\/uploads\/2016\/06\/BERNARDINS.jpg\" alt=\"BERNARDINS\" width=\"600\" height=\"461\" srcset=\"http:\/\/www.eloriente.net\/home\/wp-content\/uploads\/2016\/06\/BERNARDINS.jpg 1015w, http:\/\/www.eloriente.net\/home\/wp-content\/uploads\/2016\/06\/BERNARDINS-300x231.jpg 300w, http:\/\/www.eloriente.net\/home\/wp-content\/uploads\/2016\/06\/BERNARDINS-768x590.jpg 768w\" sizes=\"(max-width: 600px) 100vw, 600px\" \/><\/a><\/p>\n<p><script src=\"\/\/pagead2.googlesyndication.com\/pagead\/js\/adsbygoogle.js\" async=\"\"><\/script><!-- BANNER PEQUE\u00d1O PARA ENTRENOTAS EL ORIENTE --> <ins class=\"adsbygoogle\" style=\"display: inline-block; width: 468px; height: 60px;\" data-ad-client=\"ca-pub-1136171134853753\" data-ad-slot=\"4953536424\"><\/ins><script>\/\/ <![CDATA[\n(adsbygoogle = window.adsbygoogle || []).push({});\n\/\/ ]]><\/script><\/p>\n<p><strong><a href=\"https:\/\/www.facebook.com\/events\/771377629665072\/\" target=\"_blank\">4.- TALLER INTRODUCCI\u00d3N A LOS TEATROS DE PARTICIPACI\u00d3N<\/a><\/strong><\/p>\n<p>Centro de Gesti\u00f3n Esc\u00e9nica Tierra Independiente invita a su Taller Introducci\u00f3n a los Teatros de Participaci\u00f3n.<\/p>\n<p>Este taller esta dirigido a artistas, trabajadores comunitarios, maestros, psic\u00f3logos y coordinadores de grupo en general. El objeto del mismo es hacer un recorrido por distintos dispositivos teatrales que convocan a la participaci\u00f3n del p\u00fablico para transformar la escena en un ejercicio de creaci\u00f3n colectiva espont\u00e1nea.<\/p>\n<p>Las metodolog\u00edas a revisarse ser\u00e1n Teatro Playback, Teatro Espont\u00e1neo, Teatro del Oprimido y Sociodrama.<\/p>\n<p>El taller se realizar\u00e1 los d\u00edas 18, 19, 25 y 16 de junio de 2016 en las instalaciones de Tierra Independiente + Centro de Gesti\u00f3n Esc\u00e9nica, ubicadas en Ferrocarril #100, Colonia Granjas y Huertos Brenamiel en el Municipio de San Jacinto Amilpas.<\/p>\n<p>Mayores informes e inscripciones al tel\u00e9fono 915-132-2671 o al correo teatrosdeparticipacion@gmail.com<\/p>\n<p><a href=\"http:\/\/www.eloriente.net\/home\/wp-content\/uploads\/2016\/06\/TALLER-DE-INTRODUCCIO\u0301N-A-LOS-TEATROS-DE-PARTICIPACIO\u0301N.jpg\" rel=\"attachment wp-att-43839\"><img loading=\"lazy\" decoding=\"async\" class=\"alignnone wp-image-43839\" src=\"http:\/\/www.eloriente.net\/home\/wp-content\/uploads\/2016\/06\/TALLER-DE-INTRODUCCIO\u0301N-A-LOS-TEATROS-DE-PARTICIPACIO\u0301N.jpg\" alt=\"TALLER DE INTRODUCCIO\u0301N A LOS TEATROS DE PARTICIPACIO\u0301N\" width=\"602\" height=\"866\" srcset=\"http:\/\/www.eloriente.net\/home\/wp-content\/uploads\/2016\/06\/TALLER-DE-INTRODUCCIO\u0301N-A-LOS-TEATROS-DE-PARTICIPACIO\u0301N.jpg 1417w, http:\/\/www.eloriente.net\/home\/wp-content\/uploads\/2016\/06\/TALLER-DE-INTRODUCCIO\u0301N-A-LOS-TEATROS-DE-PARTICIPACIO\u0301N-209x300.jpg 209w, http:\/\/www.eloriente.net\/home\/wp-content\/uploads\/2016\/06\/TALLER-DE-INTRODUCCIO\u0301N-A-LOS-TEATROS-DE-PARTICIPACIO\u0301N-768x1105.jpg 768w, http:\/\/www.eloriente.net\/home\/wp-content\/uploads\/2016\/06\/TALLER-DE-INTRODUCCIO\u0301N-A-LOS-TEATROS-DE-PARTICIPACIO\u0301N-712x1024.jpg 712w, http:\/\/www.eloriente.net\/home\/wp-content\/uploads\/2016\/06\/TALLER-DE-INTRODUCCIO\u0301N-A-LOS-TEATROS-DE-PARTICIPACIO\u0301N-1024x1473.jpg 1024w\" sizes=\"(max-width: 602px) 100vw, 602px\" \/><\/a><\/p>\n<p><strong><a href=\"https:\/\/www.facebook.com\/events\/620368741472637\/\" target=\"_blank\">5.- LABORATORIO-TALLER NARRATIVAS ESC\u00c9NICAS. DANZA AFRICAN<\/a>A<\/strong><\/p>\n<p>Silencio Africano Art Mandinga de M\u00e9xico invita al Laboratorio Taller de Danza Africana, que forma parte de su evento Narrativas Esc\u00e9nicas. Dicho evento se llevar\u00e1 a cabo del 20 al 25 de junio de 2016.<\/p>\n<p>El Laboratorio taller se llevar\u00e1 a cabo del lunes 20 al viernes 24 de junio en un horario de 19:00 a 21:30 horas. El s\u00e1bado 25 el horario ser\u00e1 a partir de las 11:00 horas. Esto en el espacio Lucum\u00ed, en segundo Callej\u00f3n de Huzares #230.<\/p>\n<p>Para mayores informes e inscripciones comunicarse con Hanlly Porco all tel\u00e9fono 951-322-5819 o al correo electr\u00f3nico silencioafricanoart@gmail.com<\/p>\n<p><a href=\"http:\/\/www.eloriente.net\/home\/wp-content\/uploads\/2016\/06\/NARRATIVAS-ESCE\u0301NICAS.jpg\" rel=\"attachment wp-att-43838\"><img loading=\"lazy\" decoding=\"async\" class=\"alignnone wp-image-43838\" src=\"http:\/\/www.eloriente.net\/home\/wp-content\/uploads\/2016\/06\/NARRATIVAS-ESCE\u0301NICAS.jpg\" alt=\"NARRATIVAS ESCE\u0301NICAS\" width=\"600\" height=\"421\" srcset=\"http:\/\/www.eloriente.net\/home\/wp-content\/uploads\/2016\/06\/NARRATIVAS-ESCE\u0301NICAS.jpg 1296w, http:\/\/www.eloriente.net\/home\/wp-content\/uploads\/2016\/06\/NARRATIVAS-ESCE\u0301NICAS-300x211.jpg 300w, http:\/\/www.eloriente.net\/home\/wp-content\/uploads\/2016\/06\/NARRATIVAS-ESCE\u0301NICAS-768x539.jpg 768w, http:\/\/www.eloriente.net\/home\/wp-content\/uploads\/2016\/06\/NARRATIVAS-ESCE\u0301NICAS-1024x719.jpg 1024w\" sizes=\"(max-width: 600px) 100vw, 600px\" \/><\/a><\/p>\n<p><strong>OTRAS ENTRADAS<\/strong><\/p>\n<div class=\"featuredpost\">\n<div class=\"flow_hide\">\n<h2 class=\"posttitle bigposttitle\"><a title=\"Enlace Permanente a OAXACA: Carta de L\u00f3pez Obrador sobre profesores\" href=\"http:\/\/www.eloriente.net\/home\/2016\/06\/15\/oaxaca-carta-de-lopez-obrador-sobre-profesores\/\" rel=\"bookmark\">OAXACA: Carta de L\u00f3pez Obrador sobre profesores<\/a><\/h2>\n<\/div>\n<p>eloriente.net 15 de junio de 2016 Carta de Andr\u00e9s Manuel L\u00f3pez Obrador: Carta al pueblo de M\u00e9xico from AMLO-MORENA \u00a0 \u00a0 Publicada originalmente la tarde de ayer martes\u2026<\/p>\n<p class=\"postmeta\"><span class=\"meta_date\">junio 15, 2016<\/span><\/p>\n<div class=\"toolbar-social\"><\/div>\n<\/div>\n<div class=\"featuredpost\">\n<div class=\"flow_hide\"><a href=\"http:\/\/www.eloriente.net\/home\/2016\/06\/13\/videocolumna-en-defensa-de-los-productores-de-cafe-en-mexico-por-karina-baron\/\" rel=\"bookmark\"><img decoding=\"async\" class=\"alignleft\" title=\"VIDEOCOLUMNA: En defensa de los productores de caf\u00e9 en M\u00e9xico. Por Karina Bar\u00f3n\" src=\"http:\/\/www.eloriente.net\/home\/wp-content\/themes\/city-desk\/timthumb.php?src=http%3A%2F%2Fwww.eloriente.net%2Fhome%2Fwp-content%2Fuploads%2F2016%2F06%2FCaptura-de-pantalla-2016-06-13-a-las-18.16.52-copia-copia.jpg&amp;q=90&amp;w=70&amp;h=45&amp;zc=1\" alt=\"VIDEOCOLUMNA: En defensa de los productores de caf\u00e9 en M\u00e9xico. Por Karina Bar\u00f3n\" \/><\/a><\/p>\n<h2 class=\"posttitle \"><a title=\"Enlace Permanente a VIDEOCOLUMNA: En defensa de los productores de caf\u00e9 en M\u00e9xico. Por Karina Bar\u00f3n\" href=\"http:\/\/www.eloriente.net\/home\/2016\/06\/13\/videocolumna-en-defensa-de-los-productores-de-cafe-en-mexico-por-karina-baron\/\" rel=\"bookmark\">VIDEOCOLUMNA: En defensa de los productores de caf\u00e9 en M\u00e9xico. Por Karina Bar\u00f3n<\/a><\/h2>\n<\/div>\n<p>eloriente.net 13 de junio de 2016 OTRAS COLUMNAS, DAR CLICK SOBRE LA IMAGEN: Share\u2026<\/p>\n<p class=\"postmeta\"><span class=\"meta_date\">junio 13, 2016<\/span><\/p>\n<div class=\"toolbar-social\"><\/div>\n<\/div>\n<div class=\"featuredpost\">\n<div class=\"flow_hide\"><a href=\"http:\/\/www.eloriente.net\/home\/2016\/06\/13\/opinion-el-derecho-digital-en-tiempos-de-internet-por-victor-lopez-velarde\/\" rel=\"bookmark\"><img decoding=\"async\" class=\"alignleft\" title=\"OPINI\u00d3N: Derecho digital en tiempos de internet. Por V\u00edctor L\u00f3pez Velarde\" src=\"http:\/\/www.eloriente.net\/home\/wp-content\/themes\/city-desk\/timthumb.php?src=http%3A%2F%2Fwww.eloriente.net%2Fhome%2Fwp-content%2Fuploads%2F2016%2F06%2FInternat-por-Ministerio-TIC-Colombia.jpg&amp;q=90&amp;w=70&amp;h=45&amp;zc=1\" alt=\"OPINI\u00d3N: Derecho digital en tiempos de internet. Por V\u00edctor L\u00f3pez Velarde\" \/><\/a><\/p>\n<h2 class=\"posttitle \"><a title=\"Enlace Permanente a OPINI\u00d3N: Derecho digital en tiempos de internet. Por V\u00edctor L\u00f3pez Velarde\" href=\"http:\/\/www.eloriente.net\/home\/2016\/06\/13\/opinion-el-derecho-digital-en-tiempos-de-internet-por-victor-lopez-velarde\/\" rel=\"bookmark\">OPINI\u00d3N: Derecho digital en tiempos de internet. Por V\u00edctor L\u00f3pez Velarde<\/a><\/h2>\n<\/div>\n<p>(www.eloriente.net, M\u00e9xico, a 13 de junio de 2016, por V\u00edctor L\u00f3pez Velarde).-\u00a0La tecnolog\u00eda nos rebasa d\u00eda con d\u00eda y aunque hace unos ayeres ve\u00edamos como algo disparatado\u2026<\/p>\n<p class=\"postmeta\"><span class=\"meta_date\">junio 13, 2016<\/span><\/p>\n<\/div>\n\n\t\t\t  <div \n\t\t\t  \tclass = \"fb-comments\" \n\t\t\t  \tdata-href = \"http:\/\/www.eloriente.net\/home\/2016\/06\/16\/oaxaca-5-actividades-culturales-en-oaxaca-que-no-te-puedes-perder-17-20-de-junio\/\"\n\t\t\t  \tdata-numposts = \"10\"\n\t\t\t\tdata-colorscheme = \"dark\"\n\t\t\t\tdata-order-by = \"social\"\n\t\t\t\tdata-mobile=true>\n\t\t\t  <\/div>\n\t\t  <style>\n\t\t\t.fb_iframe_widget_fluid_desktop iframe {\n\t\t\t    width: 100% !important;\n\t\t\t}\n\t\t  <\/style>\n\t\t  ","protected":false},"excerpt":{"rendered":"<p>&nbsp; (www.eloriente.net, M\u00e9xico, a 16 de junio de 2016, por Valery L\u00f3pez).- Como cada semana, en EL ORIENTE nos dimos a la tarea de buscar las actividades culturales que no puedes dejar pasar en los pr\u00f3ximos d\u00edas. En esta ocasi\u00f3n te presentamos conciertos, talleres y m\u00e1s. 1.- EXPOSICI\u00d3N MIRADAS HUMANAS El Centro Cultural San Pablo [&hellip;]<\/p>\n","protected":false},"author":44,"featured_media":41876,"comment_status":"open","ping_status":"open","sticky":false,"template":"","format":"standard","meta":{"_jetpack_memberships_contains_paid_content":false,"footnotes":""},"categories":[8,18,32,13,63,464,31],"tags":[3648,241,511,800,4567,1820,955],"class_list":["post-43833","post","type-post","status-publish","format-standard","has-post-thumbnail","hentry","category-agenda","category-educacion-y-cultura","category-entradas","category-especiales","category-estados","category-oaxaca-estados","category-principal","tag-actividades-culturales","tag-cultura","tag-cursos","tag-exposiciones","tag-fin-de-semana","tag-junio","tag-talleres"],"jetpack_featured_media_url":"http:\/\/www.eloriente.net\/home\/wp-content\/uploads\/2016\/01\/Foto-alcala\u0301-ppor-@Ambulante-e1453497974829.jpg","jetpack_sharing_enabled":true,"_links":{"self":[{"href":"http:\/\/www.eloriente.net\/home\/wp-json\/wp\/v2\/posts\/43833"}],"collection":[{"href":"http:\/\/www.eloriente.net\/home\/wp-json\/wp\/v2\/posts"}],"about":[{"href":"http:\/\/www.eloriente.net\/home\/wp-json\/wp\/v2\/types\/post"}],"author":[{"embeddable":true,"href":"http:\/\/www.eloriente.net\/home\/wp-json\/wp\/v2\/users\/44"}],"replies":[{"embeddable":true,"href":"http:\/\/www.eloriente.net\/home\/wp-json\/wp\/v2\/comments?post=43833"}],"version-history":[{"count":3,"href":"http:\/\/www.eloriente.net\/home\/wp-json\/wp\/v2\/posts\/43833\/revisions"}],"predecessor-version":[{"id":43860,"href":"http:\/\/www.eloriente.net\/home\/wp-json\/wp\/v2\/posts\/43833\/revisions\/43860"}],"wp:featuredmedia":[{"embeddable":true,"href":"http:\/\/www.eloriente.net\/home\/wp-json\/wp\/v2\/media\/41876"}],"wp:attachment":[{"href":"http:\/\/www.eloriente.net\/home\/wp-json\/wp\/v2\/media?parent=43833"}],"wp:term":[{"taxonomy":"category","embeddable":true,"href":"http:\/\/www.eloriente.net\/home\/wp-json\/wp\/v2\/categories?post=43833"},{"taxonomy":"post_tag","embeddable":true,"href":"http:\/\/www.eloriente.net\/home\/wp-json\/wp\/v2\/tags?post=43833"}],"curies":[{"name":"wp","href":"https:\/\/api.w.org\/{rel}","templated":true}]}}