{"id":43852,"date":"2016-06-15T09:43:38","date_gmt":"2016-06-15T15:43:38","guid":{"rendered":"http:\/\/www.eloriente.net\/home\/?p=43852"},"modified":"2016-06-15T09:43:38","modified_gmt":"2016-06-15T15:43:38","slug":"oaxaca-carta-de-lopez-obrador-sobre-profesores","status":"publish","type":"post","link":"http:\/\/www.eloriente.net\/home\/2016\/06\/15\/oaxaca-carta-de-lopez-obrador-sobre-profesores\/","title":{"rendered":"OAXACA: Carta de L\u00f3pez Obrador sobre profesores"},"content":{"rendered":"<p><script src=\"\/\/pagead2.googlesyndication.com\/pagead\/js\/adsbygoogle.js\" async=\"\"><\/script><!-- BANNER ELORIENTE INCRUSTADO NOTAS --> <ins class=\"adsbygoogle\" style=\"display: inline-block; width: 300px; height: 250px;\" data-ad-client=\"ca-pub-1136171134853753\" data-ad-slot=\"7974633627\"><\/ins><script>\/\/ <![CDATA[\n(adsbygoogle = window.adsbygoogle || []).push({});\n\/\/ ]]><\/script><br \/>\neloriente.net<\/p>\n<p>15 de junio de 2016<\/p>\n<p>Carta de Andr\u00e9s Manuel L\u00f3pez Obrador:<br \/>\n<iframe loading=\"lazy\" style=\"border: 1px solid #CCC; border-width: 1px; margin-bottom: 5px; max-width: 100%;\" src=\"\/\/es.slideshare.net\/slideshow\/embed_code\/key\/L5EYI9lwSTkwHw\" width=\"668\" height=\"714\" frameborder=\"0\" marginwidth=\"0\" marginheight=\"0\" scrolling=\"no\" allowfullscreen=\"allowfullscreen\"> <\/iframe><\/p>\n<div style=\"margin-bottom: 5px;\"><strong> <a title=\"Carta al pueblo de M\u00e9xico \" href=\"\/\/es.slideshare.net\/AMLO-MORENA\/carta-al-pueblo-de-mxico\" target=\"_blank\">Carta al pueblo de M\u00e9xico <\/a> <\/strong> from <strong><a href=\"\/\/es.slideshare.net\/AMLO-MORENA\" target=\"_blank\">AMLO-MORENA<\/a><\/strong><\/div>\n<p>&nbsp;<br \/>\n<script src=\"\/\/pagead2.googlesyndication.com\/pagead\/js\/adsbygoogle.js\" async=\"\"><\/script><!-- BANNER PEQUE\u00d1O PARA ENTRENOTAS EL ORIENTE --> <ins class=\"adsbygoogle\" style=\"display: inline-block; width: 468px; height: 60px;\" data-ad-client=\"ca-pub-1136171134853753\" data-ad-slot=\"4953536424\"><\/ins><script>\/\/ <![CDATA[\n(adsbygoogle = window.adsbygoogle || []).push({});\n\/\/ ]]><\/script><br \/>\n&nbsp;<\/p>\n<p>Publicada originalmente la tarde de ayer martes 14 de junio.<\/p>\n<p>&nbsp;<\/p>\n<p>&nbsp;<\/p>\n<p><a href=\"http:\/\/www.eloriente.net\/home\/wp-content\/uploads\/2016\/06\/LOPEZ-OBRADOR-@.jpeg\" rel=\"attachment wp-att-43853\"><img loading=\"lazy\" decoding=\"async\" class=\"alignnone wp-image-43853\" src=\"http:\/\/www.eloriente.net\/home\/wp-content\/uploads\/2016\/06\/LOPEZ-OBRADOR-@.jpeg\" alt=\"LOPEZ OBRADOR @\" width=\"224\" height=\"224\" srcset=\"http:\/\/www.eloriente.net\/home\/wp-content\/uploads\/2016\/06\/LOPEZ-OBRADOR-@.jpeg 400w, http:\/\/www.eloriente.net\/home\/wp-content\/uploads\/2016\/06\/LOPEZ-OBRADOR-@-150x150.jpeg 150w, http:\/\/www.eloriente.net\/home\/wp-content\/uploads\/2016\/06\/LOPEZ-OBRADOR-@-300x300.jpeg 300w, http:\/\/www.eloriente.net\/home\/wp-content\/uploads\/2016\/06\/LOPEZ-OBRADOR-@-50x50.jpeg 50w, http:\/\/www.eloriente.net\/home\/wp-content\/uploads\/2016\/06\/LOPEZ-OBRADOR-@-144x144.jpeg 144w\" sizes=\"(max-width: 224px) 100vw, 224px\" \/><\/a><\/p>\n<p>IMAGEN: @lopezobrador_<\/p>\n<p><strong>OTRAS ENTRADAS:<\/strong><\/p>\n<div id=\"post-43720\" class=\"entry loop-default border_bottom_30 post-43720 post type-post status-publish format-standard has-post-thumbnail hentry category-derechos-humanos category-entradas category-estados category-lo-mas-reciente category-oaxaca-estados category-politica-y-gobierno tag-educacion-en-mexico tag-educacion-oaxaca tag-informacion-sobre-conflicto-magisterial tag-seccion-22-postura-oficial\">\n<h2 class=\"entry_title\"><a title=\"Enlace Permanente a EDUCACI\u00d3N: Se descontar\u00e1 a 2,500 profesores: IEEPO; Exigimos di\u00e1logo: Secci\u00f3n 22\" href=\"http:\/\/www.eloriente.net\/home\/2016\/06\/03\/educacion-se-descontara-a-2500-profesores-ieepo-exigimos-dialogo-seccion-22\/\" rel=\"bookmark\">EDUCACI\u00d3N: Se descontar\u00e1 a 2,500 profesores: IEEPO; Exigimos di\u00e1logo: Secci\u00f3n 22<\/a><\/h2>\n<p><a href=\"http:\/\/www.eloriente.net\/home\/2016\/06\/03\/educacion-se-descontara-a-2500-profesores-ieepo-exigimos-dialogo-seccion-22\/\" rel=\"bookmark\"><img decoding=\"async\" class=\"alignleft\" title=\"EDUCACI\u00d3N: Se descontar\u00e1 a 2,500 profesores: IEEPO; Exigimos di\u00e1logo: Secci\u00f3n 22\" src=\"http:\/\/www.eloriente.net\/home\/wp-content\/themes\/city-desk\/timthumb.php?src=http%3A%2F%2Fwww.eloriente.net%2Fhome%2Fwp-content%2Fuploads%2F2016%2F06%2Fcnte-seccion-22-postura.jpg&amp;q=90&amp;w=160&amp;h=106&amp;zc=1\" alt=\"EDUCACI\u00d3N: Se descontar\u00e1 a 2,500 profesores: IEEPO; Exigimos di\u00e1logo: Secci\u00f3n 22\" \/><\/a>eloriente.net 3 de junio de 2016 Sin ediciones, a continuaci\u00f3n las posturas m\u00e1s recientes del Gobierno de Oaxaca en relaci\u00f3n a la situaci\u00f3n actual del movimiento magisterial y, en versi\u00f3n oficial, la postura del Secci\u00f3n 22. Instituto Estatal de Educaci\u00f3n P\u00fablica de Oaxaca (IEEPO): El Instituto Estatal de Educaci\u00f3n P\u00fablica de Oaxaca (IEEPO), inform\u00f3 que [\u2026]<\/p>\n<p class=\"postmeta\"><span class=\"meta_date\">junio 3, 2016<\/span><\/p>\n<\/div>\n<div id=\"post-39682\" class=\"entry loop-default border_bottom_30 post-39682 post type-post status-publish format-standard has-post-thumbnail hentry category-educacion-y-cultura category-entradas category-estados category-lo-mas-reciente category-municipios category-oaxaca-estados tag-12-de-octubre tag-24-horas tag-bloqueos tag-clases tag-ieepo tag-maestros tag-magisterio tag-paro-laboral tag-s22 tag-s59 tag-seccion-22 tag-seccion-59\"><\/div>\n<div id=\"post-38277\" class=\"entry loop-default border_bottom_30 post-38277 post type-post status-publish format-standard has-post-thumbnail hentry category-derechos-humanos category-entradas category-especiales category-estados category-oaxaca-estados category-politica-y-gobierno tag-educacion-oaxaca tag-gabino-cue tag-gobernador-oaxaca tag-ieepo-oaxaca\">\n<h2 class=\"entry_title\"><a title=\"Enlace Permanente a 9 ciudadanos integrar\u00e1n nuevo Consejo Consultivo IEEPO; aqu\u00ed convocatoria \u00edntegra\" href=\"http:\/\/www.eloriente.net\/home\/2015\/08\/11\/9-ciudadanos-integraran-nuevo-consejo-consultivo-ieepo-estamos-listos-gabino-cue\/\" rel=\"bookmark\">9 ciudadanos integrar\u00e1n nuevo Consejo Consultivo IEEPO; aqu\u00ed convocatoria \u00edntegra<\/a><\/h2>\n<p><a href=\"http:\/\/www.eloriente.net\/home\/2015\/08\/11\/9-ciudadanos-integraran-nuevo-consejo-consultivo-ieepo-estamos-listos-gabino-cue\/\" rel=\"bookmark\"><img decoding=\"async\" class=\"alignleft\" title=\"9 ciudadanos integrar\u00e1n nuevo Consejo Consultivo IEEPO; aqu\u00ed convocatoria \u00edntegra\" src=\"http:\/\/www.eloriente.net\/home\/wp-content\/themes\/city-desk\/timthumb.php?src=http%3A%2F%2Fwww.eloriente.net%2Fhome%2Fwp-content%2Fuploads%2F2015%2F08%2FConvocatoria-IEEPO.png&amp;q=90&amp;w=160&amp;h=106&amp;zc=1\" alt=\"9 ciudadanos integrar\u00e1n nuevo Consejo Consultivo IEEPO; aqu\u00ed convocatoria \u00edntegra\" \/><\/a>\u00a0 \u00a0 \u00a0 Actualizaci\u00f3n: (www.eloriente.net, M\u00e9xico, 12 de agosto de 2015).- Hoy se puso a disposici\u00f3n para consulta p\u00fablica y adem\u00e1s abri\u00f3 para recepci\u00f3n de postulaciones, la convocatoria para la integraci\u00f3n del Consejo Consultivo del \u201cnuevo IEEPO\u201d tal como lo adelant\u00f3 ayer EL ORIENTE (ver nota abajo). Por su trascendencia social, da click en la [\u2026]<\/p>\n<p class=\"postmeta\"><span class=\"meta_date\">agosto 11, 2015<\/span><\/p>\n<\/div>\n\n\t\t\t  <div \n\t\t\t  \tclass = \"fb-comments\" \n\t\t\t  \tdata-href = \"http:\/\/www.eloriente.net\/home\/2016\/06\/15\/oaxaca-carta-de-lopez-obrador-sobre-profesores\/\"\n\t\t\t  \tdata-numposts = \"10\"\n\t\t\t\tdata-colorscheme = \"dark\"\n\t\t\t\tdata-order-by = \"social\"\n\t\t\t\tdata-mobile=true>\n\t\t\t  <\/div>\n\t\t  <style>\n\t\t\t.fb_iframe_widget_fluid_desktop iframe {\n\t\t\t    width: 100% !important;\n\t\t\t}\n\t\t  <\/style>\n\t\t  ","protected":false},"excerpt":{"rendered":"<p>eloriente.net 15 de junio de 2016 Carta de Andr\u00e9s Manuel L\u00f3pez Obrador: Carta al pueblo de M\u00e9xico from AMLO-MORENA &nbsp; &nbsp; Publicada originalmente la tarde de ayer martes 14 de junio. &nbsp; &nbsp; IMAGEN: @lopezobrador_ OTRAS ENTRADAS: EDUCACI\u00d3N: Se descontar\u00e1 a 2,500 profesores: IEEPO; Exigimos di\u00e1logo: Secci\u00f3n 22 eloriente.net 3 de junio de 2016 Sin [&hellip;]<\/p>\n","protected":false},"author":1,"featured_media":43853,"comment_status":"open","ping_status":"open","sticky":false,"template":"","format":"standard","meta":{"_jetpack_memberships_contains_paid_content":false,"footnotes":""},"categories":[1588,22,32,63,10,464,21],"tags":[6619,6621,6620,6622],"class_list":["post-43852","post","type-post","status-publish","format-standard","has-post-thumbnail","hentry","category-comunicados-y-boletines","category-derechos-humanos","category-entradas","category-estados","category-lo-mas-reciente","category-oaxaca-estados","category-politica-y-gobierno","tag-cnte-oaxaca","tag-cnte-sep","tag-detencion-de-lideres-magisteriales","tag-lopez-obrador-oaxaca"],"jetpack_featured_media_url":"http:\/\/www.eloriente.net\/home\/wp-content\/uploads\/2016\/06\/LOPEZ-OBRADOR-@.jpeg","jetpack_sharing_enabled":true,"_links":{"self":[{"href":"http:\/\/www.eloriente.net\/home\/wp-json\/wp\/v2\/posts\/43852"}],"collection":[{"href":"http:\/\/www.eloriente.net\/home\/wp-json\/wp\/v2\/posts"}],"about":[{"href":"http:\/\/www.eloriente.net\/home\/wp-json\/wp\/v2\/types\/post"}],"author":[{"embeddable":true,"href":"http:\/\/www.eloriente.net\/home\/wp-json\/wp\/v2\/users\/1"}],"replies":[{"embeddable":true,"href":"http:\/\/www.eloriente.net\/home\/wp-json\/wp\/v2\/comments?post=43852"}],"version-history":[{"count":1,"href":"http:\/\/www.eloriente.net\/home\/wp-json\/wp\/v2\/posts\/43852\/revisions"}],"predecessor-version":[{"id":43854,"href":"http:\/\/www.eloriente.net\/home\/wp-json\/wp\/v2\/posts\/43852\/revisions\/43854"}],"wp:featuredmedia":[{"embeddable":true,"href":"http:\/\/www.eloriente.net\/home\/wp-json\/wp\/v2\/media\/43853"}],"wp:attachment":[{"href":"http:\/\/www.eloriente.net\/home\/wp-json\/wp\/v2\/media?parent=43852"}],"wp:term":[{"taxonomy":"category","embeddable":true,"href":"http:\/\/www.eloriente.net\/home\/wp-json\/wp\/v2\/categories?post=43852"},{"taxonomy":"post_tag","embeddable":true,"href":"http:\/\/www.eloriente.net\/home\/wp-json\/wp\/v2\/tags?post=43852"}],"curies":[{"name":"wp","href":"https:\/\/api.w.org\/{rel}","templated":true}]}}