{"id":43892,"date":"2016-06-20T13:22:17","date_gmt":"2016-06-20T19:22:17","guid":{"rendered":"http:\/\/www.eloriente.net\/home\/?p=43892"},"modified":"2016-06-20T13:22:17","modified_gmt":"2016-06-20T19:22:17","slug":"deportes-cronicas-beisboleras-liga-doble-a-por-jaime-palau","status":"publish","type":"post","link":"http:\/\/www.eloriente.net\/home\/2016\/06\/20\/deportes-cronicas-beisboleras-liga-doble-a-por-jaime-palau\/","title":{"rendered":"DEPORTES: Cr\u00f3nicas beisboleras: Liga Doble A. Por Jaime Palau"},"content":{"rendered":"<p><script src=\"\/\/pagead2.googlesyndication.com\/pagead\/js\/adsbygoogle.js\" async=\"\"><\/script><!-- BANNER ELORIENTE INCRUSTADO NOTAS --> <ins class=\"adsbygoogle\" style=\"display: inline-block; width: 300px; height: 250px;\" data-ad-client=\"ca-pub-1136171134853753\" data-ad-slot=\"7974633627\"><\/ins><script>\/\/ <![CDATA[\n(adsbygoogle = window.adsbygoogle || []).push({});\n\/\/ ]]><\/script><\/p>\n<p>&nbsp;<\/p>\n<p>(www.eloriente.net, M\u00e9xico, a 20 de junio de 2016, por Jaime Palau Ranz).-\u00a0<span style=\"font-weight: 400;\">En la poblaci\u00f3n de El Carmen, Nuevo Le\u00f3n, est\u00e1 ubicada la Academia de la Liga Mexicana de B\u00e9isbol, se llama \u201cIng. Alejo Peralta y D\u00edaz Ceballos\u201d, en recuerdo al fundador de los Tigres capitalinos en 1955, era un empresario muy exitoso que amaba este deporte y le dedico mucho tiempo y recursos para lograr que llegara hasta donde est\u00e1 en este momento.<\/span><\/p>\n<p><span style=\"font-weight: 400;\">El Ing. Peralta era propietario de muchas empresas, destacando IUSA (Industrias Unidas, SA) fabricante de productos de cobre, tuber\u00edas y cables, sus plantas se ubican en el estado de Puebla, en la zona denominada Pastej\u00e9, en esos terrenos puso unos campos de b\u00e9isbol e instalaciones para recibir a los muchachos que tuvieran facultades para jugar la pelota caliente, de tal forma que fuera el semillero para surtir de peloteros a sus equipos, la idea fue tan buena y novedosa que todos los dem\u00e1s equipos tuvieron inter\u00e9s en adherirse a la iniciativa y mandar a sus muchachos a preparase, concentrar en un punto a los mejores talentos y competir entre ellos, con ello subir su nivel y prepararse para debutar en Liga Mexicana.<\/span><\/p>\n<p><span style=\"font-weight: 400;\">Hace muchos a\u00f1os que dejo de existir la academia de Pastej\u00e9, en parte por la necesidad de expansi\u00f3n de las empresas y el requerimiento de los terrenos y por otra el fallecimiento del Ing, Alejo, todo qued\u00f3 en manos de su heredero, su hijo el Ing. Carlos Peralta Quintero, a quien hay que reconocerle que ha mantenido un par de equipos profesionales del m\u00e1ximo nivel, como son los Tigres de Quintana Roo y los Pericos de Puebla.<\/span><\/p>\n<p><span style=\"font-weight: 400;\">La necesidad de tener un lugar donde preparar a los j\u00f3venes que comienzan a destacar hizo que se fundara el 26 de marzo de 1996 la Academia de la Liga Mexicana de B\u00e9isbol en El Carmen, Nuevo Le\u00f3n, ah\u00ed los muchachos llegan en su mayor\u00eda de 17 a 19 a\u00f1os de edad, no es extra\u00f1o ver a muchachos de 15 que tienen el talento necesario para estar ah\u00ed.<\/span><\/p>\n<p><span style=\"font-weight: 400;\">Los diecis\u00e9is equipos de la Liga Mexicana mandan a sus peloteros y couches a prepararse a esa academia, y participan en una Liga donde contienden pues no hay mejor manera de complementar esa preparaci\u00f3n que jugando encuentros y compitiendo, por lo general los clubes se unen con otro para conformar los equipos participantes en una liga compuesta por ocho equipos y que se denomina Liga Doble A.<\/span><\/p>\n<p><span style=\"font-weight: 400;\">Quisiera hacer una aclaraci\u00f3n, como nombre est\u00e1 bien pues es una antesala a llegar a la Liga Mexicana, que es considerada Triple A y est\u00e1 afiliada a las Grandes Ligas que es donde est\u00e1n los mejores sueldos y el mejor nivel de juego en el plano mundial, todos los clubes de las ligas mayores tienen sucursales en las Ligas Menores, que son la Triple A, Doble A, A avanzada, etc, la Liga Mexicana al estar afiliada se considera como Triple A, tiene un buen nivel similar a los equipos de Triple A, aunque no los mismos salarios, se gana bastante menos, ahora bien, si vemos el nivel y salarios de Doble A de las menores, no tiene nada que ver con esta academia de Nuevo Le\u00f3n, ni en sueldos ni en nivel competitivo.<\/span><\/p>\n<p><script src=\"\/\/pagead2.googlesyndication.com\/pagead\/js\/adsbygoogle.js\" async=\"\"><\/script><!-- BANNER PEQUE\u00d1O PARA ENTRENOTAS EL ORIENTE --> <ins class=\"adsbygoogle\" style=\"display: inline-block; width: 468px; height: 60px;\" data-ad-client=\"ca-pub-1136171134853753\" data-ad-slot=\"4953536424\"><\/ins><script>\/\/ <![CDATA[\n(adsbygoogle = window.adsbygoogle || []).push({});\n\/\/ ]]><\/script><\/p>\n<p><span style=\"font-weight: 400;\">La mayor\u00eda de los peloteros mexicanos con calidad para dar el salto a equipos de Grandes Ligas, son enviados a sucursales Doble A donde deben demostrar su nivel y constancia para subirlos a Triple A o al equipo grande, as\u00ed de enorme es la diferencia a pesar de llevar el mismo nombre, Doble A.<\/span><\/p>\n<p><span style=\"font-weight: 400;\">Los ocho equipos son los siguientes.<\/span><\/p>\n<p><span style=\"font-weight: 400;\">MEXOAX que est\u00e1 conformado por los peloteros j\u00f3venes de los equipos Diablos Rojos del M\u00e9xico y los Guerreros de Oaxaca, este conjunto siempre est\u00e1 en los primeros lugares del standing, hay que recordar que estos muchachos ya pasaron por otra academia, la Alfredo Harp Helu ubicada en San Bartolo Coyotepec, Oaxaca, donde se preparan los ni\u00f1os de 14 a 16 a\u00f1os, es imposible no destacar en El Carmen cuando ya traen varios a\u00f1os de preparaci\u00f3n de extraordinario nivel.<\/span><\/p>\n<p><span style=\"font-weight: 400;\">Los dem\u00e1s equipos son MTYMVA, con jugadores que pertenecen a los Sultanes de Monterrey y a los Acereros de Monclova, est\u00e1n como en casa, de hecho es el roster m\u00e1s abundante con cerca de 50 peloteros, cuando todos los dem\u00e1s rondan los 35, tambi\u00e9n est\u00e1 el equipo SALTIJ, que provienen de los Saraperos de Saltillo y los Toros de Tijuana.<\/span><\/p>\n<p><span style=\"font-weight: 400;\">Otros equipos son el YUCLAG, que viene de los Leones de Yucat\u00e1n y los Vaqueros de La Laguna, PUEREY que lo integran peloteros de los Pericos de Puebla y los Broncos de Reynosa, AGSCDC de los Rieleros de Aguascalientes y los Delfines de Ciudad del Carmen, Campeche.<\/span><\/p>\n<p><span style=\"font-weight: 400;\">Los \u00faltimos dos equipos se diferencian de los dem\u00e1s en que uno lo integran jugadores de tres equipos y el otro solo de un equipo, como sucursal \u00fanicamente, son el CAMTABVER que se compone de peloteros de los Piratas de Campeche, los Olmecas de Tabasco y los Rojos del \u00c1guila de Veracruz, no debe ser f\u00e1cil foguear a jugadores de tres equipos, el \u00faltimo es TIGRES, que obviamente pertenece a los Tigres de Quintana Roo.<\/span><\/p>\n<p><span style=\"font-weight: 400;\">Revisando los rosters de todos los equipos, veo que entre casi cuatrocientos peloteros solo hay tres muchachos provenientes de Oaxaca, los tres juegan el infield y batean y tiran a la derecha, ellos son Andr\u00e9s Moreno Jim\u00e9nez, tiene 15 a\u00f1os, mide 1.82 metros, pertenece a Guerreros de Oaxaca y juega en el MEXOAX, el segundo es Jos\u00e9 Guillermo Molina Mayoral, 17 a\u00f1os, 1.70 metros de altura, pertenece a los Pericos de Puebla y juega con el PUEREY, el tercero y \u00faltimo se llama Salvador P\u00e9rez Canseco, tiene 17 a\u00f1os, 1.81 metros de altura, su equipo es TIGRES, habr\u00e1 que dales seguimiento a ver hasta d\u00f3nde llegan.<\/span><\/p>\n<p><span style=\"font-weight: 400;\">Con la apertura a seis extranjeros y cualquier n\u00famero de M\u00e9xico-Americanos, la mayor\u00eda de los equipos perdieron inter\u00e9s en generar prospectos, no es extra\u00f1o por tanto que Guerreros y Diablos Rojos no hayan querido iniciar la temporada con m\u00e1s de cuatro importados y sin \u201cpochos\u201d y que adem\u00e1s sus equipos siempre lideren las ligas Doble A, de Invierno o donde puedan competir, a pesar de que tuvieron que contratar algunos paisanos con doble nacionalidad para equilibrar un poco y mantenerse en la pelea, hacen bien en no perder la fe en sus j\u00f3venes y acelerar m\u00e1s su preparaci\u00f3n para que suban su nivel y compitan por los lugares disponibles sin tener que recurrir a los extranjeros.<\/span><\/p>\n<p><span style=\"font-weight: 400;\">Si desea contactarme favor escribir a <\/span><a href=\"mailto:jpr.cronicas@gmail.com\"><span style=\"font-weight: 400;\">jpr.cronicas@gmail.com<\/span><\/a><\/p>\n<p><span style=\"font-weight: 400;\">Facebook: Jaime Palau Ranz<\/span><\/p>\n<p><span style=\"font-weight: 400;\">Tweeter: @jpranz<\/span><\/p>\n<p><span style=\"font-weight: 400;\">Seguir\u00e9 comentando la pr\u00f3xima semana.<\/span><\/p>\n<p><a href=\"http:\/\/www.eloriente.net\/home\/wp-content\/uploads\/2012\/07\/Cr\u00f3nicas-beisboleras-beisbol-flickr.jpg\" rel=\"attachment wp-att-1065\"><img loading=\"lazy\" decoding=\"async\" class=\"alignnone size-full wp-image-1065\" src=\"http:\/\/www.eloriente.net\/home\/wp-content\/uploads\/2012\/07\/Cr\u00f3nicas-beisboleras-beisbol-flickr.jpg\" alt=\"Cr\u00f3nicas beisboleras beisbol flickr\" width=\"500\" height=\"334\" srcset=\"http:\/\/www.eloriente.net\/home\/wp-content\/uploads\/2012\/07\/Cr\u00f3nicas-beisboleras-beisbol-flickr.jpg 500w, http:\/\/www.eloriente.net\/home\/wp-content\/uploads\/2012\/07\/Cr\u00f3nicas-beisboleras-beisbol-flickr-300x200.jpg 300w\" sizes=\"(max-width: 500px) 100vw, 500px\" \/><\/a><\/p>\n<p><strong>OTRAS ENTRADAS<\/strong><\/p>\n<div class=\"featuredpost\">\n<div class=\"flow_hide\">\n<h2 class=\"posttitle bigposttitle\"><a title=\"Enlace Permanente a BRASIL: \u201cCalamidad p\u00fablica\u201d en Rio de Janeiro\" href=\"http:\/\/www.eloriente.net\/home\/2016\/06\/20\/brasil-calamidad-publica-en-rio-de-janeiro\/\" rel=\"bookmark\">BRASIL: \u201cCalamidad p\u00fablica\u201d en Rio de Janeiro<\/a><\/h2>\n<\/div>\n<p>eloriente.net\/RFI 20 de junio de 2016 Para enfrentar la grave crisis financiera que atraviesa, el estado de Rio de Janeiro ha decretado \u201cestado de calamidad p\u00fablica\u201d, lo\u2026<\/p>\n<p class=\"postmeta\"><span class=\"meta_date\">junio 20, 2016<\/span><\/p>\n<div class=\"toolbar-social\"><\/div>\n<\/div>\n<div class=\"featuredpost\">\n<div class=\"flow_hide\"><a href=\"http:\/\/www.eloriente.net\/home\/2016\/06\/20\/educacion-herramientas-web-para-capacitar-a-profesores-de-idiomas-por-diego-gonzalez-algara\/\" rel=\"bookmark\"><img decoding=\"async\" class=\"alignleft\" title=\"EDUCACI\u00d3N: Herramientas Web para capacitar a profesores de idiomas. Por Diego Gonz\u00e1lez Algara\" src=\"http:\/\/www.eloriente.net\/home\/wp-content\/themes\/city-desk\/timthumb.php?src=http%3A%2F%2Fwww.eloriente.net%2Fhome%2Fwp-content%2Fuploads%2F2016%2F06%2Fidiomas-5-mas-faciles.jpg&amp;q=90&amp;w=70&amp;h=45&amp;zc=1\" alt=\"EDUCACI\u00d3N: Herramientas Web para capacitar a profesores de idiomas. Por Diego Gonz\u00e1lez Algara\" \/><\/a><\/p>\n<h2 class=\"posttitle \"><a title=\"Enlace Permanente a EDUCACI\u00d3N: Herramientas Web para capacitar a profesores de idiomas. Por Diego Gonz\u00e1lez Algara\" href=\"http:\/\/www.eloriente.net\/home\/2016\/06\/20\/educacion-herramientas-web-para-capacitar-a-profesores-de-idiomas-por-diego-gonzalez-algara\/\" rel=\"bookmark\">EDUCACI\u00d3N: Herramientas Web para capacitar a profesores de idiomas. Por Diego Gonz\u00e1lez Algara<\/a><\/h2>\n<\/div>\n<p>(www.eloriente.net, M\u00e9xico, a 20 de junio de 2016 por Diego Gonz\u00e1lez Algara).- Educar es dar al cuerpo y al alma toda la belleza y perfecci\u00f3n de que\u2026<\/p>\n<p class=\"postmeta\"><span class=\"meta_date\">junio 20, 2016<\/span><\/p>\n<div class=\"toolbar-social\"><\/div>\n<\/div>\n<div class=\"featuredpost\">\n<div class=\"flow_hide\"><a href=\"http:\/\/www.eloriente.net\/home\/2016\/06\/20\/america-latina-y-el-caribe-como-avanzar-en-la-actual-coyuntura-por-jessica-faieta\/\" rel=\"bookmark\"><img decoding=\"async\" class=\"alignleft\" title=\"Am\u00e9rica Latina y el Caribe: \u00bfc\u00f3mo avanzar en la actual coyuntura? Por Jessica Faieta\" src=\"http:\/\/www.eloriente.net\/home\/wp-content\/themes\/city-desk\/timthumb.php?src=http%3A%2F%2Fwww.eloriente.net%2Fhome%2Fwp-content%2Fuploads%2F2016%2F06%2FPNUD-en-Ame%CC%81rica-Latina-y-el-Caribe.jpeg&amp;q=90&amp;w=70&amp;h=45&amp;zc=1\" alt=\"Am\u00e9rica Latina y el Caribe: \u00bfc\u00f3mo avanzar en la actual coyuntura? Por Jessica Faieta\" \/><\/a><\/p>\n<h2 class=\"posttitle \"><a title=\"Enlace Permanente a Am\u00e9rica Latina y el Caribe: \u00bfc\u00f3mo avanzar en la actual coyuntura? Por Jessica Faieta\" href=\"http:\/\/www.eloriente.net\/home\/2016\/06\/20\/america-latina-y-el-caribe-como-avanzar-en-la-actual-coyuntura-por-jessica-faieta\/\" rel=\"bookmark\">Am\u00e9rica Latina y el Caribe: \u00bfc\u00f3mo avanzar en la actual coyuntura? Por Jessica Faieta<\/a><\/h2>\n<\/div>\n<p>eloriente.net\/Programa de las Naciones Unidas para el Desarrollo 20 de junio de 2016 Por:\u00a0Jessica Faieta, Subsecretaria-General de las Naciones Unidas y Directora Regional del PNUD para Am\u00e9rica\u2026<\/p>\n<p class=\"postmeta\"><span class=\"meta_date\">junio 20, 2016<\/span><\/p>\n<\/div>\n\n\t\t\t  <div \n\t\t\t  \tclass = \"fb-comments\" \n\t\t\t  \tdata-href = \"http:\/\/www.eloriente.net\/home\/2016\/06\/20\/deportes-cronicas-beisboleras-liga-doble-a-por-jaime-palau\/\"\n\t\t\t  \tdata-numposts = \"10\"\n\t\t\t\tdata-colorscheme = \"dark\"\n\t\t\t\tdata-order-by = \"social\"\n\t\t\t\tdata-mobile=true>\n\t\t\t  <\/div>\n\t\t  <style>\n\t\t\t.fb_iframe_widget_fluid_desktop iframe {\n\t\t\t    width: 100% !important;\n\t\t\t}\n\t\t  <\/style>\n\t\t  ","protected":false},"excerpt":{"rendered":"<p>&nbsp; (www.eloriente.net, M\u00e9xico, a 20 de junio de 2016, por Jaime Palau Ranz).-\u00a0En la poblaci\u00f3n de El Carmen, Nuevo Le\u00f3n, est\u00e1 ubicada la Academia de la Liga Mexicana de B\u00e9isbol, se llama \u201cIng. Alejo Peralta y D\u00edaz Ceballos\u201d, en recuerdo al fundador de los Tigres capitalinos en 1955, era un empresario muy exitoso que amaba [&hellip;]<\/p>\n","protected":false},"author":44,"featured_media":33490,"comment_status":"open","ping_status":"open","sticky":false,"template":"","format":"standard","meta":{"_jetpack_memberships_contains_paid_content":false,"footnotes":""},"categories":[11,15,32,48,10],"tags":[6642,448,6641,452,453,6643,197],"class_list":["post-43892","post","type-post","status-publish","format-standard","has-post-thumbnail","hentry","category-colaboradores","category-deportes","category-entradas","category-jaime-palau","category-lo-mas-reciente","tag-academias","tag-beisbol","tag-colimna","tag-cronicas-beisboleras","tag-jaime-palau-2","tag-liga-doble-a","tag-opinion"],"jetpack_featured_media_url":"http:\/\/www.eloriente.net\/home\/wp-content\/uploads\/2014\/10\/Cr\u00f3nicas-Beisboleras.jpg","jetpack_sharing_enabled":true,"_links":{"self":[{"href":"http:\/\/www.eloriente.net\/home\/wp-json\/wp\/v2\/posts\/43892"}],"collection":[{"href":"http:\/\/www.eloriente.net\/home\/wp-json\/wp\/v2\/posts"}],"about":[{"href":"http:\/\/www.eloriente.net\/home\/wp-json\/wp\/v2\/types\/post"}],"author":[{"embeddable":true,"href":"http:\/\/www.eloriente.net\/home\/wp-json\/wp\/v2\/users\/44"}],"replies":[{"embeddable":true,"href":"http:\/\/www.eloriente.net\/home\/wp-json\/wp\/v2\/comments?post=43892"}],"version-history":[{"count":1,"href":"http:\/\/www.eloriente.net\/home\/wp-json\/wp\/v2\/posts\/43892\/revisions"}],"predecessor-version":[{"id":43893,"href":"http:\/\/www.eloriente.net\/home\/wp-json\/wp\/v2\/posts\/43892\/revisions\/43893"}],"wp:featuredmedia":[{"embeddable":true,"href":"http:\/\/www.eloriente.net\/home\/wp-json\/wp\/v2\/media\/33490"}],"wp:attachment":[{"href":"http:\/\/www.eloriente.net\/home\/wp-json\/wp\/v2\/media?parent=43892"}],"wp:term":[{"taxonomy":"category","embeddable":true,"href":"http:\/\/www.eloriente.net\/home\/wp-json\/wp\/v2\/categories?post=43892"},{"taxonomy":"post_tag","embeddable":true,"href":"http:\/\/www.eloriente.net\/home\/wp-json\/wp\/v2\/tags?post=43892"}],"curies":[{"name":"wp","href":"https:\/\/api.w.org\/{rel}","templated":true}]}}