{"id":43911,"date":"2016-06-21T16:31:28","date_gmt":"2016-06-21T22:31:28","guid":{"rendered":"http:\/\/www.eloriente.net\/home\/?p=43911"},"modified":"2016-06-21T16:33:35","modified_gmt":"2016-06-21T22:33:35","slug":"oaxaca-en-desastre-economico-aducen-empresarios","status":"publish","type":"post","link":"http:\/\/www.eloriente.net\/home\/2016\/06\/21\/oaxaca-en-desastre-economico-aducen-empresarios\/","title":{"rendered":"OAXACA: En &#8216;Desastre Econ\u00f3mico&#8217;, aducen empresarios"},"content":{"rendered":"<p><script src=\"\/\/pagead2.googlesyndication.com\/pagead\/js\/adsbygoogle.js\" async=\"\"><\/script><!-- BANNER ELORIENTE INCRUSTADO NOTAS --> <ins class=\"adsbygoogle\" style=\"display: inline-block; width: 300px; height: 250px;\" data-ad-client=\"ca-pub-1136171134853753\" data-ad-slot=\"7974633627\"><\/ins><script>\/\/ <![CDATA[\n(adsbygoogle = window.adsbygoogle || []).push({});\n\/\/ ]]><\/script><br \/>\neloriente.net<\/p>\n<p>21 de junio de 2016<\/p>\n<p>Editorial<\/p>\n<p>Esta ma\u00f1ana, un numeroso grupo de representantes empresariales ofrecieron una rueda de prensa, en la cual solicitaron que Oaxaca sea declarada &#8216;zona de desastre econ\u00f3mico&#8217; y respaldaron las acciones m\u00e1s recientes de los gobiernos estatal y federal, incluyendo las incursiones de las fuerzas de seguridad para restablecer (seg\u00fan se\u00f1alaron) el orden y la paz social.<\/p>\n<p>A este dicho, entre los que se contabilizaron alrededor de 26 l\u00edderes, se sumaron argumentaciones como el dato dado a conocer por la representaci\u00f3n de la Asociaci\u00f3n de Hoteles y Moteles de Oaxaca, en el sentido de que despu\u00e9s de los enfrentamientos del pasado domingo, se registr\u00f3 la cancelaci\u00f3n de 25% de las reservaciones registradas para el periodo de Guelaguetza, uno de los m\u00e1s importantes para el calendario tur\u00edstico del estado.<\/p>\n<p>Solo esas cancelaciones representaron 75 millones de pesos en p\u00e9rdidas.<\/p>\n<p>Los empresarios tienen el derecho de realizar los pronunciamientos que acuerden y que consideren necesarios para sus causas. De hecho, no han sido pocos los posicionamientos que han efectuado organismos nacionales y locales en relaci\u00f3n a los sucesos de Oaxaca.<\/p>\n<p>Sin embargo, una vez m\u00e1s, los planteamientos presentados por los empresarios parecen abonar poco al ya de por s\u00ed vol\u00e1til ambiente social y pol\u00edtico en el estado. Ya en 2006 y en otros momentos cr\u00edticos, el empresariado ha preferido el respaldo absoluto, el blanco o negro, en vez de una posici\u00f3n mucho m\u00e1s acorde con el contexto que vivimos, en el cual nadie puede decir que tienen la verdad absoluta.<br \/>\n<script src=\"\/\/pagead2.googlesyndication.com\/pagead\/js\/adsbygoogle.js\" async=\"\"><\/script><!-- BANNER PEQUE\u00d1O PARA ENTRENOTAS EL ORIENTE --> <ins class=\"adsbygoogle\" style=\"display: inline-block; width: 468px; height: 60px;\" data-ad-client=\"ca-pub-1136171134853753\" data-ad-slot=\"4953536424\"><\/ins><script>\/\/ <![CDATA[\n(adsbygoogle = window.adsbygoogle || []).push({});\n\/\/ ]]><\/script><br \/>\nEl empresariado se asume de alguna manera como v\u00edctima de las circunstancias. El problema es que tenemos v\u00edctimas por todos lados: el magisterio se asume como tal; y el gobierno del estado; y los impulsores de la reforma educativa; y las ni\u00f1as y los ni\u00f1os sin clase; y los polic\u00edas sin condiciones para enfrentar los operativos; y la sociedad civil&#8230;<\/p>\n<p>Entonces, cabe preguntar, \u00bfEn qu\u00e9 abona el llamado de los empresarios en una situaci\u00f3n como la descrita? \u00bfCu\u00e1les son los objetivos que pretenden alcanzar? \u00bfSe limitan a buscar objetivos empresariales, gremiales, o asumen que este es el momento de ver m\u00e1s all\u00e1, de buscar objetivos sociales que solucionen de fondo una situaci\u00f3n que a todos se nos ha salido de las manos?<\/p>\n<p>Es verdad que los l\u00edderes empresariales no pueden ni tienen porqu\u00e9 estar obligados en su calidad de tales a considerar otras aristas que no sean las de su objeto. Sin embargo, tambi\u00e9n es verdad que un bien mayor se impone en esta situaci\u00f3n excepcional que vive Oaxaca: la sensibilidad social.<\/p>\n<p>La sensibilidad ante\u00a0una realidad que los ubica \u2014qu\u00e9 bueno por ellos\u2014, en situaci\u00f3n de ventaja en relaci\u00f3n con el resto.<\/p>\n<p>Es decir, resulta sencillo argumentarles que eso que llaman \u00abdesastre econ\u00f3mico\u00bb, en realidad es una situaci\u00f3n que la enorme mayor\u00eda ya vive desde hace mucho tiempo y que ahora les ha tocado a ellos sufrir en carne propia.<\/p>\n<p>\u00bfD\u00f3nde estaba la solicitud de declaratoria de desastre cuando se publicaron las cifras de medici\u00f3n de pobreza de CONEVAL, certificando que aument\u00f3 de 61.9 a 66.8 el porcentaje de poblaci\u00f3n en situaci\u00f3n de pobreza en tan solo dos a\u00f1os (2012 a 2014)?<\/p>\n<p>\u00bfNo era ya una situaci\u00f3n de alarma el hecho de que la carencia por alimentaci\u00f3n se haya ubicado en 36.1% o que 68.8% de la poblaci\u00f3n tenga un ingreso inferior a la l\u00ednea de bienestar?<\/p>\n<p>Imposible decir que el desastre solo es desastre cuando te afecta a ti.<\/p>\n<p>Pero no es tarde. Una actitud madura del empresariado es deseable y no termina con el pronunciamiento de hoy. De hecho, es justo que se atiendan sus planteamientos. Tambi\u00e9n es justo que sus posiciones sean cada vez m\u00e1s consecuentes con la realidad que vive la mayor\u00eda de los oaxaque\u00f1os.<\/p>\n<p>direccioneditorial@eloriente.net<\/p>\n<p><a href=\"http:\/\/www.eloriente.net\/home\/wp-content\/uploads\/2016\/06\/empresarios-@globestudios-1.jpg\" rel=\"attachment wp-att-43913\"><img loading=\"lazy\" decoding=\"async\" class=\"alignnone wp-image-43913\" src=\"http:\/\/www.eloriente.net\/home\/wp-content\/uploads\/2016\/06\/empresarios-@globestudios-1.jpg\" alt=\"empresarios @globestudios\" width=\"497\" height=\"264\" srcset=\"http:\/\/www.eloriente.net\/home\/wp-content\/uploads\/2016\/06\/empresarios-@globestudios-1.jpg 1200w, http:\/\/www.eloriente.net\/home\/wp-content\/uploads\/2016\/06\/empresarios-@globestudios-1-300x160.jpg 300w, http:\/\/www.eloriente.net\/home\/wp-content\/uploads\/2016\/06\/empresarios-@globestudios-1-768x408.jpg 768w, http:\/\/www.eloriente.net\/home\/wp-content\/uploads\/2016\/06\/empresarios-@globestudios-1-1024x544.jpg 1024w\" sizes=\"(max-width: 497px) 100vw, 497px\" \/><\/a><\/p>\n<p>Imagen v\u00eda:\u00a0<a href=\"https:\/\/twitter.com\/GlobeStudi0\">Globe Studio \u200f@GlobeStudi0<\/a><\/p>\n<p>&nbsp;<\/p>\n<p>&nbsp;<\/p>\n<p>&nbsp;<\/p>\n\n\t\t\t  <div \n\t\t\t  \tclass = \"fb-comments\" \n\t\t\t  \tdata-href = \"http:\/\/www.eloriente.net\/home\/2016\/06\/21\/oaxaca-en-desastre-economico-aducen-empresarios\/\"\n\t\t\t  \tdata-numposts = \"10\"\n\t\t\t\tdata-colorscheme = \"dark\"\n\t\t\t\tdata-order-by = \"social\"\n\t\t\t\tdata-mobile=true>\n\t\t\t  <\/div>\n\t\t  <style>\n\t\t\t.fb_iframe_widget_fluid_desktop iframe {\n\t\t\t    width: 100% !important;\n\t\t\t}\n\t\t  <\/style>\n\t\t  ","protected":false},"excerpt":{"rendered":"<p>eloriente.net 21 de junio de 2016 Editorial Esta ma\u00f1ana, un numeroso grupo de representantes empresariales ofrecieron una rueda de prensa, en la cual solicitaron que Oaxaca sea declarada &#8216;zona de desastre econ\u00f3mico&#8217; y respaldaron las acciones m\u00e1s recientes de los gobiernos estatal y federal, incluyendo las incursiones de las fuerzas de seguridad para restablecer (seg\u00fan [&hellip;]<\/p>\n","protected":false},"author":1,"featured_media":43912,"comment_status":"open","ping_status":"open","sticky":false,"template":"","format":"standard","meta":{"_jetpack_memberships_contains_paid_content":false,"footnotes":""},"categories":[22,49,9,32,63,464,21],"tags":[6655,6653,6654,6656],"class_list":["post-43911","post","type-post","status-publish","format-standard","has-post-thumbnail","hentry","category-derechos-humanos","category-destacadas","category-editorial","category-entradas","category-estados","category-oaxaca-estados","category-politica-y-gobierno","tag-desastre-economico","tag-empresarios-oaxaquenos","tag-empresas-oaxaca","tag-oaxaca-y-desarrollo-economico"],"jetpack_featured_media_url":"http:\/\/www.eloriente.net\/home\/wp-content\/uploads\/2016\/06\/empresarios-@globestudios.jpg","jetpack_sharing_enabled":true,"_links":{"self":[{"href":"http:\/\/www.eloriente.net\/home\/wp-json\/wp\/v2\/posts\/43911"}],"collection":[{"href":"http:\/\/www.eloriente.net\/home\/wp-json\/wp\/v2\/posts"}],"about":[{"href":"http:\/\/www.eloriente.net\/home\/wp-json\/wp\/v2\/types\/post"}],"author":[{"embeddable":true,"href":"http:\/\/www.eloriente.net\/home\/wp-json\/wp\/v2\/users\/1"}],"replies":[{"embeddable":true,"href":"http:\/\/www.eloriente.net\/home\/wp-json\/wp\/v2\/comments?post=43911"}],"version-history":[{"count":2,"href":"http:\/\/www.eloriente.net\/home\/wp-json\/wp\/v2\/posts\/43911\/revisions"}],"predecessor-version":[{"id":43915,"href":"http:\/\/www.eloriente.net\/home\/wp-json\/wp\/v2\/posts\/43911\/revisions\/43915"}],"wp:featuredmedia":[{"embeddable":true,"href":"http:\/\/www.eloriente.net\/home\/wp-json\/wp\/v2\/media\/43912"}],"wp:attachment":[{"href":"http:\/\/www.eloriente.net\/home\/wp-json\/wp\/v2\/media?parent=43911"}],"wp:term":[{"taxonomy":"category","embeddable":true,"href":"http:\/\/www.eloriente.net\/home\/wp-json\/wp\/v2\/categories?post=43911"},{"taxonomy":"post_tag","embeddable":true,"href":"http:\/\/www.eloriente.net\/home\/wp-json\/wp\/v2\/tags?post=43911"}],"curies":[{"name":"wp","href":"https:\/\/api.w.org\/{rel}","templated":true}]}}