{"id":44011,"date":"2016-07-03T09:00:04","date_gmt":"2016-07-03T15:00:04","guid":{"rendered":"http:\/\/www.eloriente.net\/home\/?p=44011"},"modified":"2016-07-17T11:26:15","modified_gmt":"2016-07-17T17:26:15","slug":"ruben-vasconcelos-ejemplo-del-buen-oaxaqueno","status":"publish","type":"post","link":"http:\/\/www.eloriente.net\/home\/2016\/07\/03\/ruben-vasconcelos-ejemplo-del-buen-oaxaqueno\/","title":{"rendered":"Ruben Vasconcelos, ejemplo del &#8216;Buen Oaxaque\u00f1o&#8217;"},"content":{"rendered":"<p><script src=\"\/\/pagead2.googlesyndication.com\/pagead\/js\/adsbygoogle.js\" async=\"\"><\/script><!-- BANNER ELORIENTE INCRUSTADO NOTAS --> <ins class=\"adsbygoogle\" style=\"display: inline-block; width: 300px; height: 250px;\" data-ad-client=\"ca-pub-1136171134853753\" data-ad-slot=\"7974633627\"><\/ins><script>\/\/ <![CDATA[\n(adsbygoogle = window.adsbygoogle || []).push({});\n\/\/ ]]><\/script><br \/>\neloriente.net<\/p>\n<p>3 de julio de 2016<\/p>\n<p><em>*Mensaje le\u00eddo por Juan Pablo Vasconcelos M\u00e9ndez el 1 de julio de 2016, durante el homenaje ofrecido por la Universidad Aut\u00f3noma Benito Ju\u00e1rez de Oaxaca a Rub\u00e9n Vasconcelos Beltr\u00e1n (1940-2016), quien falleci\u00f3 en la Ciudad de Oaxaca el pasado 29 de junio de 2016:<\/em><\/p>\n<p><a href=\"http:\/\/www.eloriente.net\/home\/wp-content\/uploads\/2016\/07\/ruben-vasconcelos-2.jpg\" rel=\"attachment wp-att-44012\"><img loading=\"lazy\" decoding=\"async\" class=\"alignnone size-full wp-image-44012\" src=\"http:\/\/www.eloriente.net\/home\/wp-content\/uploads\/2016\/07\/ruben-vasconcelos-2.jpg\" alt=\"ruben vasconcelos 2\" width=\"453\" height=\"604\" srcset=\"http:\/\/www.eloriente.net\/home\/wp-content\/uploads\/2016\/07\/ruben-vasconcelos-2.jpg 453w, http:\/\/www.eloriente.net\/home\/wp-content\/uploads\/2016\/07\/ruben-vasconcelos-2-225x300.jpg 225w\" sizes=\"(max-width: 453px) 100vw, 453px\" \/><\/a><\/p>\n<p>&nbsp;<\/p>\n<p>&nbsp;<br \/>\n<iframe loading=\"lazy\" width=\"560\" height=\"315\" src=\"https:\/\/www.youtube.com\/embed\/MSrXmD0vczg\" frameborder=\"0\" allowfullscreen><\/iframe><br \/>\n&nbsp;<\/p>\n<p>&nbsp;<\/p>\n<p><strong>Hay personas que en vida son necesarias, excepcionales.\u00a0Pero hay unas contadas a quienes la muerte las convierte en imprescindibles.<\/strong><\/p>\n<p>A tan solo un par de d\u00edas de tu muerte, padre querido,\u00a0ha quedado claro que t\u00fa estar\u00e1s siempre entre nosotros,\u00a0que en Oaxaca nadie podr\u00e1 nunca prescindir de tu esp\u00edritu y tus palabras, del buen consejo y el abrazo\u00a0que dejaste sembrado en el coraz\u00f3n de tu gente.<\/p>\n<p>Han sido tantas y tan profundas las muestras de afecto que hemos recibido en y por tu nombre,\u00a0que es claro que nadie podr\u00e1 nunca prescindir, al conversar sobre nuestra tierra, de Rub\u00e9n Vasconcelos Beltr\u00e1n.<\/p>\n<p><strong>Porque vives en el alma de la comunidad, eres ya un imprescindible en la historia de Oaxaca.<\/strong><\/p>\n<p>Tus hijos, tu familia entera, tus amigos, estamos por eso muy agradecidos.<\/p>\n<p>Estos d\u00edas llegaron a la funeraria y a los homenajes que generosamente te han rendido,\u00a0ciudadanos que nos dijeron ser \u2018solo oaxaque\u00f1os\u2019,\u00a0oaxaque\u00f1os que nunca te conocieron personalmente, pero que deseaban despedirte porque les has mostrado c\u00f3mo se quiere a la ciudad de origen,\u00a0al sitio donde, por una milagrosa combinaci\u00f3n de tiempo y espacio, nos ha tocado vivir nuestros d\u00edas en el mundo.<\/p>\n<p>Nos ense\u00f1aste que a esta ciudad hay que respetarla,\u00a0porque de alguna manera es la extensi\u00f3n natural de lo que somos los individuos, las familias, los seres humanos que la habitamos.<\/p>\n<p><strong>Nos recordaste que respetar la ciudad, es respetarnos a nosotros mismos.<\/strong><\/p>\n<p>Y por eso, los que somos \u2018solo oaxaque\u00f1os\u2019, no necesitamos ni ser tus hijos, ni tus amigos, para agradecerte que hayas sido el generoso inspirador de la belleza de nuestra casa grande.<\/p>\n<p>Acudimos hoy a tu querida Universidad Aut\u00f3noma Benito Ju\u00e1rez de Oaxaca porque sabemos que aqu\u00ed se ciment\u00f3 tu trayectoria de gran hombre.<\/p>\n<p><strong>Siempre fuiste leal a la Universidad.<\/strong><\/p>\n<p>Quiz\u00e1, porque ejemplificaste el ideal: c\u00f3mo un hombre de origen modesto, sencillo, del digno Barrio de la Defensa, gracias a la educaci\u00f3n p\u00fablica, pudo salir adelante y se hizo Rector y el ciudadano ejemplar que hoy reconocemos.<\/p>\n<p>Por eso, es justo que la educaci\u00f3n p\u00fablica siga siendo la bandera por la cual vale la pena seguir abri\u00e9ndonos paso a\u00fan en los momentos m\u00e1s aciagos.<\/p>\n<p><strong>La educaci\u00f3n p\u00fablica es la \u00fanica esperanza de los desamparados para dejar de serlo.<\/strong><\/p>\n<p>Rub\u00e9n Vasconcelos es ejemplo para miles de j\u00f3venes que vienen a diario a estas aulas, queriendo abrevar de esa posibilidad de mejor futuro.<\/p>\n<p>El estudiante m\u00e1s humilde puede convertirse con honestidad y trabajo en s\u00edmbolo de una ciudad o de una \u00e9poca.<\/p>\n<p>Todo en la vida te cost\u00f3 tanto trabajo.\u00a0Todo te fue complejo, te fue dif\u00edcil.<\/p>\n<p><strong>Pero nos diste luces de c\u00f3mo avanzar en la oscuridad \u2014porque todos tenemos nuestros propios claroscuros, nuestras propias tinieblas.\u00a0Es, con entusiasmo, con alegr\u00eda, con los ojos abiertos a la fe, como se puede iluminar la vida.<\/strong><\/p>\n<p>Y eso no cuesta. Y eso te hizo un hombre bueno.<\/p>\n<p>Siempre construiste desinteresadamente,\u00a0siempre te empe\u00f1aste en ver lo profundo de las personas y nunca su apariencia.<\/p>\n<p>Y lo profundo tambi\u00e9n de las cosas que nos rodean:\u00a0la neblina en la monta\u00f1a como una caricia;\u00a0aquella foto que alg\u00fan d\u00eda tomaste en la mixteca, donde la silueta de un ni\u00f1o se perd\u00eda en el horizonte, como hoy tu alma;\u00a0o tu propio jard\u00edn, el que tanto quisiste, como el refugio donde depositabas las tardes solitarias y tus recuerdos;\u00a0o mi madre, Silvia Georgina, que tanto te ama.<\/p>\n<p>Todo tiene sentido, nos dec\u00edas, si lo hacemos con calor, apasionadamente, sin reservas. Emocionados.<\/p>\n<p>Hay que hacer las cosas, dec\u00edas, no solo por hacerlas, sino jug\u00e1ndoselo todo, sintiendo, sobre todo sintiendo.<\/p>\n<p>Quiz\u00e1 por eso, esta comunidad te debe tantas cosas.\u00a0<strong>Porque hiciste en 76 a\u00f1os lo que tu coraz\u00f3n te dict\u00f3 y, como tu coraz\u00f3n es grande, entonces alcanz\u00f3 para mucho.<\/strong><\/p>\n<p>Instituciones culturales promovidas por ti: la Orquesta Sinf\u00f3nica de Oaxaca, el Centro de Iniciaci\u00f3n Musical, las organizaciones art\u00edsticas de esta Universidad, las compa\u00f1\u00edas de danza, el rescate de las bibliotecas p\u00fablicas, la escuela de artesan\u00edas.<\/p>\n<p>Aqu\u00ed mismo, la Ciudad Universitaria o diversos institutos de investigaciones.<\/p>\n<p>O tus cerca de 20 libros publicados,\u00a0tus incontables aportes a la educaci\u00f3n y a la formaci\u00f3n de quien as\u00ed lo deseara,\u00a0desde agentes de tr\u00e1nsito hasta restauranteros, desde ni\u00f1os hasta adultos mayores.<\/p>\n<p>Dejaste una obra, Rub\u00e9n, no solo una vida.<\/p>\n<p><strong>Hiciste un legado, Rub\u00e9n, no solo cumpliste el trabajo.<\/strong><\/p>\n<p><strong>Esa es la diferencia entre personas como t\u00fa y ciertos l\u00edderes.<\/strong><\/p>\n<p>Unos destinados a la trascendencia, y los otros, destinados al fracaso y al olvido.<\/p>\n<p>Hoy necesitamos personajes de la estatura y el compromiso de Rub\u00e9n Vasconcelos en las instituciones, en los gobiernos, en las organizaciones.<\/p>\n<p>Gente honesta, pero no s\u00f3lo porque la ley los obligue, sino porque as\u00ed est\u00e1n conformados.<\/p>\n<p><strong>La honestidad no es una obligaci\u00f3n,\u00a0es una caracter\u00edstica de los hombres de bien.<\/strong><\/p>\n<p><strong>Y esos, son los que deben ocupar los cargos en las instituciones.<\/strong><\/p>\n<p>Cuesta separar lo que somos de lo que hacemos.\u00a0En ciertas personas cuesta m\u00e1s realizar la diferencia, como en tu caso. Casi todos describimos la trayectoria vital de alguien por el trabajo que realiz\u00f3 o por los cargos y responsabilidades que desempe\u00f1\u00f3.<\/p>\n<p>Sin embargo, estoy convencido que Oaxaca tambi\u00e9n te quiere por c\u00f3mo fuiste.<\/p>\n<p>El hombre generoso, abierto.<\/p>\n<p>Cont\u00e1bamos contigo. Siempre estuvimos seguros que cont\u00e1bamos contigo, no importa en qu\u00e9 circunstancia, en qu\u00e9 eventualidad.<\/p>\n<p>Nos brindabas esa cosa cada vez m\u00e1s rara en las ciudades: la confianza.<\/p>\n<p>Confiabas en nosotros.<\/p>\n<p>Estuviste convencido siempre de que en el fondo las personas estamos hechas de sabidur\u00eda y buena fe.<\/p>\n<p>Con eso, nos ayudaste a ser mejores.<\/p>\n<p>Porque nunca te empe\u00f1aste en mirar nuestros defectos, sino en confiar en nuestro lado bueno,\u00a0en la potencia de nuestra creatividad,\u00a0en la fuerza que nos mantiene vivos.<\/p>\n<p>Ese es el agradecimiento m\u00e1s significativo que te tengo y que estuve recogiendo tambi\u00e9n durante estos d\u00edas de luto:\u00a0<strong>T\u00fa no solo hiciste grandes cosas, sino que fuiste en s\u00ed un grande.<\/strong><\/p>\n<p>Nos trataste con sencillez, actuaste con amor, nos mirabas con amistad.<\/p>\n<p>Aun siendo tu hijo, te considero tambi\u00e9n un amigo.<\/p>\n<p>No s\u00e9 si pase con los padres de los presentes, pero con el m\u00edo as\u00ed fue, es y ser\u00e1: Nada hubo que no pudiera estar seguro que entender\u00edas.\u00a0Ese, es el principal apoyo para un ser humano,\u00a0porque andamos llenos m\u00e1s de dudas que de certezas y, aunque las dudas nunca terminan, necesitamos que alguien comprenda nuestra fragilidad.<\/p>\n<p>Quien lo hace y trabaja para fortalecernos y nos llena de fuerza y nos compromete a seguir, quien lo hace, es nuestro maestro.<\/p>\n<p><strong>Por eso Rub\u00e9n Vasconcelos Beltr\u00e1n es el maestro de la gente de Oaxaca,\u00a0porque todos sab\u00edan que nada hizo \u00e9l para debilitarnos,\u00a0ni para dividirnos, ni para perjudicarnos.<\/strong><\/p>\n<p>Comprend\u00eda nuestras debilidades y en vez de exacerbarlas, ayudaba a remediarlas.<\/p>\n<p>Todo lo que hizo, lo hizo siempre para unirnos como ciudadanos,\u00a0y para hermanarnos como seres humanos.<\/p>\n<p>En este tiempo de rencillas, nuestra comunidad necesita hombres y mujeres as\u00ed, que sepan que la ganancia por dividir solo es pasajera, en cambio la ganancia por unir es duradera.<\/p>\n<p>En este tiempo de rencillas, el maestro nos har\u00e1 falta f\u00edsicamente.<\/p>\n<p>Pero no nos deja solos.<\/p>\n<p>Nos deja su ejemplo.<\/p>\n<p>Contemos sobre su vida y su forma de ser a familiares, a amigos, a nuestros hijos, a las generaciones que nos suceden.<\/p>\n<p>Hagamos que a trav\u00e9s del hombre de carne y hueso que se nos ha adelantado, otros como nosotros se convenzan de que s\u00ed es posible trascender humanamente y por el camino correcto,\u00a0<strong>que s\u00ed es posible trascender siendo un hombre bueno.<\/strong><\/p>\n<p>Hemos venido a rendirte un homenaje, padre querido,\u00a0al lugar en el cual pasaste algunos de los mejores a\u00f1os de tu vida.<\/p>\n<p>Aqu\u00ed est\u00e1n tus ex compa\u00f1eros, tus amigos, tu familia, las respetables autoridades universitarias y, por supuesto, tambi\u00e9n Ju\u00e1rez,\u00a0al que tanto admiraste y al cual siempre nos pon\u00edas como oriente a seguir.<\/p>\n<p>Y aqu\u00ed te quedas, padre.<\/p>\n<p>Te quedas.<\/p>\n<p>Intocable, pero presente.<\/p>\n<p>Inaudible, pero inmortal.<\/p>\n<p>Invisible, pero indudable.<\/p>\n<p>Como el esp\u00edritu universitario, como todas las grandes cosas que forjan la historia de nuestras generaciones y que mantienen viva la llama de la esperanza humana.<\/p>\n<p><strong>Aqu\u00ed termina el Rub\u00e9n Vasconcelos en cuerpo\u00a0e inicia el Rub\u00e9n Vasconcelos en esp\u00edritu,\u00a0que ahora es a\u00fan m\u00e1s grande y m\u00e1s nuestro.<\/strong><\/p>\n<p><strong>Gracias Rub\u00e9n Vasconcelos Beltr\u00e1n.<\/strong><\/p>\n<p><strong>Tus hijos: Silvia Mar\u00eda, M\u00f3nica Eugenia, Ruben, Dar\u00edo (QEPD) y Juan Pablo.<\/strong><\/p>\n<p><a href=\"http:\/\/www.eloriente.net\/home\/wp-content\/uploads\/2016\/07\/ruben-vasconcelos-3.jpeg\" rel=\"attachment wp-att-44013\"><img loading=\"lazy\" decoding=\"async\" class=\"alignnone size-full wp-image-44013\" src=\"http:\/\/www.eloriente.net\/home\/wp-content\/uploads\/2016\/07\/ruben-vasconcelos-3.jpeg\" alt=\"ruben vasconcelos 3\" width=\"301\" height=\"167\" srcset=\"http:\/\/www.eloriente.net\/home\/wp-content\/uploads\/2016\/07\/ruben-vasconcelos-3.jpeg 301w, http:\/\/www.eloriente.net\/home\/wp-content\/uploads\/2016\/07\/ruben-vasconcelos-3-300x166.jpeg 300w\" sizes=\"(max-width: 301px) 100vw, 301px\" \/><\/a><\/p>\n\n\t\t\t  <div \n\t\t\t  \tclass = \"fb-comments\" \n\t\t\t  \tdata-href = \"http:\/\/www.eloriente.net\/home\/2016\/07\/03\/ruben-vasconcelos-ejemplo-del-buen-oaxaqueno\/\"\n\t\t\t  \tdata-numposts = \"10\"\n\t\t\t\tdata-colorscheme = \"dark\"\n\t\t\t\tdata-order-by = \"social\"\n\t\t\t\tdata-mobile=true>\n\t\t\t  <\/div>\n\t\t  <style>\n\t\t\t.fb_iframe_widget_fluid_desktop iframe {\n\t\t\t    width: 100% !important;\n\t\t\t}\n\t\t  <\/style>\n\t\t  ","protected":false},"excerpt":{"rendered":"<p>eloriente.net 3 de julio de 2016 *Mensaje le\u00eddo por Juan Pablo Vasconcelos M\u00e9ndez el 1 de julio de 2016, durante el homenaje ofrecido por la Universidad Aut\u00f3noma Benito Ju\u00e1rez de Oaxaca a Rub\u00e9n Vasconcelos Beltr\u00e1n (1940-2016), quien falleci\u00f3 en la Ciudad de Oaxaca el pasado 29 de junio de 2016: &nbsp; &nbsp; &nbsp; &nbsp; Hay [&hellip;]<\/p>\n","protected":false},"author":1,"featured_media":44015,"comment_status":"open","ping_status":"open","sticky":false,"template":"","format":"standard","meta":{"_jetpack_memberships_contains_paid_content":false,"footnotes":""},"categories":[9,31],"tags":[6695,6694],"class_list":["post-44011","post","type-post","status-publish","format-standard","has-post-thumbnail","hentry","category-editorial","category-principal","tag-cronista-de-oaxaca","tag-ruben-vasconcelos-beltran"],"jetpack_featured_media_url":"http:\/\/www.eloriente.net\/home\/wp-content\/uploads\/2016\/07\/CRONISTA-3.jpg","jetpack_sharing_enabled":true,"_links":{"self":[{"href":"http:\/\/www.eloriente.net\/home\/wp-json\/wp\/v2\/posts\/44011"}],"collection":[{"href":"http:\/\/www.eloriente.net\/home\/wp-json\/wp\/v2\/posts"}],"about":[{"href":"http:\/\/www.eloriente.net\/home\/wp-json\/wp\/v2\/types\/post"}],"author":[{"embeddable":true,"href":"http:\/\/www.eloriente.net\/home\/wp-json\/wp\/v2\/users\/1"}],"replies":[{"embeddable":true,"href":"http:\/\/www.eloriente.net\/home\/wp-json\/wp\/v2\/comments?post=44011"}],"version-history":[{"count":2,"href":"http:\/\/www.eloriente.net\/home\/wp-json\/wp\/v2\/posts\/44011\/revisions"}],"predecessor-version":[{"id":44145,"href":"http:\/\/www.eloriente.net\/home\/wp-json\/wp\/v2\/posts\/44011\/revisions\/44145"}],"wp:featuredmedia":[{"embeddable":true,"href":"http:\/\/www.eloriente.net\/home\/wp-json\/wp\/v2\/media\/44015"}],"wp:attachment":[{"href":"http:\/\/www.eloriente.net\/home\/wp-json\/wp\/v2\/media?parent=44011"}],"wp:term":[{"taxonomy":"category","embeddable":true,"href":"http:\/\/www.eloriente.net\/home\/wp-json\/wp\/v2\/categories?post=44011"},{"taxonomy":"post_tag","embeddable":true,"href":"http:\/\/www.eloriente.net\/home\/wp-json\/wp\/v2\/tags?post=44011"}],"curies":[{"name":"wp","href":"https:\/\/api.w.org\/{rel}","templated":true}]}}