{"id":44021,"date":"2016-07-07T01:01:15","date_gmt":"2016-07-07T07:01:15","guid":{"rendered":"http:\/\/www.eloriente.net\/home\/?p=44021"},"modified":"2016-07-06T14:52:25","modified_gmt":"2016-07-06T20:52:25","slug":"oaxaca-5-actividades-culturales-en-oaxaca-que-no-te-puedes-perder-7-11-de-julio","status":"publish","type":"post","link":"http:\/\/www.eloriente.net\/home\/2016\/07\/07\/oaxaca-5-actividades-culturales-en-oaxaca-que-no-te-puedes-perder-7-11-de-julio\/","title":{"rendered":"OAXACA: 5 actividades culturales en Oaxaca que no te puedes perder (7\u201311 de julio)"},"content":{"rendered":"<p><script src=\"\/\/pagead2.googlesyndication.com\/pagead\/js\/adsbygoogle.js\" async=\"\"><\/script><!-- BANNER ELORIENTE INCRUSTADO NOTAS --> <ins class=\"adsbygoogle\" style=\"display: inline-block; width: 300px; height: 250px;\" data-ad-client=\"ca-pub-1136171134853753\" data-ad-slot=\"7974633627\"><\/ins><script>\/\/ <![CDATA[\n(adsbygoogle = window.adsbygoogle || []).push({});\n\/\/ ]]><\/script><\/p>\n<p>&nbsp;<\/p>\n<p>(www.eloriente.net, M\u00e9xico, a 7 de julio de 2016, por Valery L\u00f3pez).- Como cada semana, en EL ORIENTE nos dimos a la tarea de buscar las actividades culturales que no puedes dejar pasar en los pr\u00f3ximos d\u00edas. En esta ocasi\u00f3n te presentamos conciertos, talleres y m\u00e1s.<\/p>\n<p><strong><a href=\"https:\/\/www.facebook.com\/centrodeiniciacionmusicaldeoaxaca1\/?fref=ts\" target=\"_blank\">1.- RECITALES GRATUITOS DEL CIMO<\/a><\/strong><\/p>\n<p>La nuevas generaciones que engrosar\u00e1n las filas de m\u00fasicos en el estado, mostrar\u00e1n lo aprendido durante su m\u00e1s reciente ciclo escolar en el Centro de Iniciaci\u00f3n Musical de Oaxaca, a trav\u00e9s de los recitales de fin de cursos.<\/p>\n<p>Los recitales se llevar\u00e1n a cabo del jueves 7 al viernes 15 de julio a las 16:30 hrs. En la\u00a0Sala de Inmersi\u00f3n. Entrada Libre.<\/p>\n<p><a href=\"http:\/\/www.eloriente.net\/home\/wp-content\/uploads\/2016\/07\/CIMO-RECITAL.jpg\" rel=\"attachment wp-att-44040\"><img loading=\"lazy\" decoding=\"async\" class=\"alignnone wp-image-44040\" src=\"http:\/\/www.eloriente.net\/home\/wp-content\/uploads\/2016\/07\/CIMO-RECITAL.jpg\" alt=\"CIMO RECITAL\" width=\"600\" height=\"450\" srcset=\"http:\/\/www.eloriente.net\/home\/wp-content\/uploads\/2016\/07\/CIMO-RECITAL.jpg 960w, http:\/\/www.eloriente.net\/home\/wp-content\/uploads\/2016\/07\/CIMO-RECITAL-300x225.jpg 300w, http:\/\/www.eloriente.net\/home\/wp-content\/uploads\/2016\/07\/CIMO-RECITAL-768x576.jpg 768w\" sizes=\"(max-width: 600px) 100vw, 600px\" \/><\/a><\/p>\n<p><strong><a href=\"https:\/\/www.facebook.com\/events\/152887155130900\/\" target=\"_blank\">2.-\u00a0PRESENTACI\u00d3N DEL LIBRO \u00abRETRATO INVOLUNTARIO\u00bb<\/a><\/strong><\/p>\n<p>Este jueves 7 de julio se realizar\u00e1 la presentaci\u00f3n del libro \u201cRetrato involuntario\u201d de Marina Azahua. En el mismo se trata el tema del acto fotogr\u00e1fico como forma de violencia.<\/p>\n<p>La presentaci\u00f3n se llevar\u00e1 a cabo a las 19:00 horas en el Centro Fotogr\u00e1fico Manuel \u00c1lvarez Bravo, y correr\u00e1 a cargo de Yasnaya E. Aguilar Gil, Astrid L\u00f3pez, Juan Pablo Ruiz N\u00fa\u00f1ez, Alejandro Sald\u00edvar y por la misma autora.<\/p>\n<p><a href=\"http:\/\/www.eloriente.net\/home\/wp-content\/uploads\/2016\/07\/RETRATO-INVOLUNTARIO.png\" rel=\"attachment wp-att-44042\"><img loading=\"lazy\" decoding=\"async\" class=\"alignnone wp-image-44042\" src=\"http:\/\/www.eloriente.net\/home\/wp-content\/uploads\/2016\/07\/RETRATO-INVOLUNTARIO.png\" alt=\"RETRATO INVOLUNTARIO\" width=\"600\" height=\"600\" srcset=\"http:\/\/www.eloriente.net\/home\/wp-content\/uploads\/2016\/07\/RETRATO-INVOLUNTARIO.png 2048w, http:\/\/www.eloriente.net\/home\/wp-content\/uploads\/2016\/07\/RETRATO-INVOLUNTARIO-150x150.png 150w, http:\/\/www.eloriente.net\/home\/wp-content\/uploads\/2016\/07\/RETRATO-INVOLUNTARIO-300x300.png 300w, http:\/\/www.eloriente.net\/home\/wp-content\/uploads\/2016\/07\/RETRATO-INVOLUNTARIO-768x768.png 768w, http:\/\/www.eloriente.net\/home\/wp-content\/uploads\/2016\/07\/RETRATO-INVOLUNTARIO-1024x1024.png 1024w, http:\/\/www.eloriente.net\/home\/wp-content\/uploads\/2016\/07\/RETRATO-INVOLUNTARIO-50x50.png 50w, http:\/\/www.eloriente.net\/home\/wp-content\/uploads\/2016\/07\/RETRATO-INVOLUNTARIO-144x144.png 144w\" sizes=\"(max-width: 600px) 100vw, 600px\" \/><\/a><\/p>\n<p><strong><a href=\"https:\/\/www.facebook.com\/Museo-de-Arte-Contempor%C3%A1neo-de-Oaxaca-118597554833147\/?fref=ts\" target=\"_blank\">3.- PRESENTACI\u00d3N DE LIBRO \u00abLA LUZ DE LA TRISTEZA\u00bb<\/a><\/strong><\/p>\n<p>El Museo de Arte Contempor\u00e1neo de Oaxaca (MACO), el Instituto de Investigaciones en Humanidades, y la Universidad Aut\u00f3noma Benito Ju\u00e1rez de Oaxaca (UABJO) invitan a la presentaci\u00f3n del libro \u201cLa luz de la tristeza\u201d de Crescenciano Grave.<\/p>\n<p>En el libro se incluyen ensayos sobre Walter Benjamin, y sobre lo mismo se realizar\u00e1n comentarios durante la presentaci\u00f3n, los cuales estar\u00e1n a cargo de Alfonso Gazga y de Abraham Nah\u00f3n del Instituto de Investigaciones en Humanidades de la UABJO, as\u00ed como del autor Crescenciano Grave de la Facultad de Filosof\u00eda y Letras de la UNAM<\/p>\n<p>La presentaci\u00f3n se realizar\u00e1 el viernes 8 de julio a las 19:00 horas en el Museo de Artes Contempor\u00e1neo de Oaxaca (MACO) ubicado en Macedonio Alcal\u00e1 202, Centro, Oaxaca.<\/p>\n<p><a href=\"http:\/\/www.eloriente.net\/home\/wp-content\/uploads\/2016\/07\/PRESENTACIO\u0301N-LA-LUZ-DE-LA-TRISTEZA.jpg\" rel=\"attachment wp-att-44041\"><img loading=\"lazy\" decoding=\"async\" class=\"alignnone wp-image-44041\" src=\"http:\/\/www.eloriente.net\/home\/wp-content\/uploads\/2016\/07\/PRESENTACIO\u0301N-LA-LUZ-DE-LA-TRISTEZA.jpg\" alt=\"PRESENTACIO\u0301N LA LUZ DE LA TRISTEZA\" width=\"600\" height=\"928\" srcset=\"http:\/\/www.eloriente.net\/home\/wp-content\/uploads\/2016\/07\/PRESENTACIO\u0301N-LA-LUZ-DE-LA-TRISTEZA.jpg 621w, http:\/\/www.eloriente.net\/home\/wp-content\/uploads\/2016\/07\/PRESENTACIO\u0301N-LA-LUZ-DE-LA-TRISTEZA-194x300.jpg 194w\" sizes=\"(max-width: 600px) 100vw, 600px\" \/><\/a><\/p>\n<p><script src=\"\/\/pagead2.googlesyndication.com\/pagead\/js\/adsbygoogle.js\" async=\"\"><\/script><!-- BANNER PEQUE\u00d1O PARA ENTRENOTAS EL ORIENTE --> <ins class=\"adsbygoogle\" style=\"display: inline-block; width: 468px; height: 60px;\" data-ad-client=\"ca-pub-1136171134853753\" data-ad-slot=\"4953536424\"><\/ins><script>\/\/ <![CDATA[\n(adsbygoogle = window.adsbygoogle || []).push({});\n\/\/ ]]><\/script><\/p>\n<p><strong><a href=\"https:\/\/www.facebook.com\/IDEA-Estudio-Creativo-140643892811942\/\" target=\"_blank\">4.- TALLER DE ANIMACI\u00d3N<\/a><\/strong><\/p>\n<p>IDEA Estudio Creativo invita \u00a0a su\u00a0Taller de Animaci\u00f3n desde cero, que ser\u00e1 impartido por Orthus Estudio.<\/p>\n<p>El mismo iniciar\u00e1 el pr\u00f3ximo 9 de julio y terminar\u00e1 el 30 de ese mes. Los m\u00f3dulos se llevar\u00e1n a cabo los s\u00e1bados de 16:00 a 20:00 horas. El \u00fanico requisito es llevar computadora propia para trabajar.<\/p>\n<p>Para mayores informes pueden visitar la fanega de Idea Estudio Creativo o bien marcar a los tel\u00e9fonos 951-238-99-65 o al 351-98-04<\/p>\n<p><a href=\"http:\/\/www.eloriente.net\/home\/wp-content\/uploads\/2016\/07\/TALLER-DE-ANIMACIO\u0301N-DIGITAL.jpg\" rel=\"attachment wp-att-44043\"><img loading=\"lazy\" decoding=\"async\" class=\"alignnone wp-image-44043\" src=\"http:\/\/www.eloriente.net\/home\/wp-content\/uploads\/2016\/07\/TALLER-DE-ANIMACIO\u0301N-DIGITAL.jpg\" alt=\"TALLER DE ANIMACIO\u0301N DIGITAL\" width=\"600\" height=\"900\" srcset=\"http:\/\/www.eloriente.net\/home\/wp-content\/uploads\/2016\/07\/TALLER-DE-ANIMACIO\u0301N-DIGITAL.jpg 640w, http:\/\/www.eloriente.net\/home\/wp-content\/uploads\/2016\/07\/TALLER-DE-ANIMACIO\u0301N-DIGITAL-200x300.jpg 200w\" sizes=\"(max-width: 600px) 100vw, 600px\" \/><\/a><\/p>\n<p><strong><a href=\"https:\/\/www.facebook.com\/photo.php?fbid=10209881743378216&amp;set=a.4478015266463.2180211.1172450858&amp;type=3&amp;theater\" target=\"_blank\">5.- TALLER DE XILOGRAF\u00cdA<\/a><\/strong><\/p>\n<p>La Chicharra invita a su Taller de Xilograf\u00eda que ser\u00e1 impartido por Alan Altamirano.<\/p>\n<p>El taller se realizar\u00e1 del 11 al 16 de julio en un horario de 16:00 a 17:00 horas. El costo del mismo ser\u00e1 de $600 el cual incluye material.<\/p>\n<p>Inscripciones y mayores informes en Xicot\u00e9ncatl317, Col. Centro, Oaxaca.<\/p>\n<p><a href=\"http:\/\/www.eloriente.net\/home\/wp-content\/uploads\/2016\/07\/TALLER-XILOGRAFIA.jpg\" rel=\"attachment wp-att-44044\"><img loading=\"lazy\" decoding=\"async\" class=\"alignnone wp-image-44044\" src=\"http:\/\/www.eloriente.net\/home\/wp-content\/uploads\/2016\/07\/TALLER-XILOGRAFIA.jpg\" alt=\"TALLER XILOGRAFIA\" width=\"600\" height=\"928\" srcset=\"http:\/\/www.eloriente.net\/home\/wp-content\/uploads\/2016\/07\/TALLER-XILOGRAFIA.jpg 1325w, http:\/\/www.eloriente.net\/home\/wp-content\/uploads\/2016\/07\/TALLER-XILOGRAFIA-194x300.jpg 194w, http:\/\/www.eloriente.net\/home\/wp-content\/uploads\/2016\/07\/TALLER-XILOGRAFIA-768x1187.jpg 768w, http:\/\/www.eloriente.net\/home\/wp-content\/uploads\/2016\/07\/TALLER-XILOGRAFIA-663x1024.jpg 663w, http:\/\/www.eloriente.net\/home\/wp-content\/uploads\/2016\/07\/TALLER-XILOGRAFIA-1024x1583.jpg 1024w\" sizes=\"(max-width: 600px) 100vw, 600px\" \/><\/a><\/p>\n<p><strong>OTRAS ENTRADAS<\/strong><\/p>\n<div class=\"featuredpost\">\n<div class=\"flow_hide\">\n<h2 class=\"posttitle bigposttitle\"><a title=\"Enlace Permanente a EDUCACI\u00d3N: Los mapas mentales. Por Diego Gonz\u00e1lez Algara\" href=\"http:\/\/www.eloriente.net\/home\/2016\/07\/06\/educacion-los-mapas-mentales-por-diego-gonzalez-algara\/\" rel=\"bookmark\">EDUCACI\u00d3N: Los mapas mentales. Por Diego Gonz\u00e1lez Algara<\/a><\/h2>\n<\/div>\n<p>(www.eloriente.net, M\u00e9xico, a 6 de julio de 2016, por Diego Gonz\u00e1lez Algara).- A Don Rub\u00e9n Vasconcelos hombre admirable en todos los sentidos\u2026su persona una gu\u00eda siempre para\u2026<\/p>\n<p class=\"postmeta\"><span class=\"meta_date\">julio 6, 2016<\/span><\/p>\n<div class=\"toolbar-social\"><\/div>\n<\/div>\n<div class=\"featuredpost\">\n<div class=\"flow_hide\">\n<p><a href=\"http:\/\/www.eloriente.net\/home\/2016\/07\/05\/videocolumna-musica-clasica-hecha-en-mexico-por-carlos-spindola\/\" rel=\"bookmark\"><img decoding=\"async\" class=\"alignleft\" title=\"VIDEOCOLUMNA: M\u00fasica cl\u00e1sica hecha en M\u00e9xico. Por Carlos Sp\u00edndola\" src=\"http:\/\/www.eloriente.net\/home\/wp-content\/themes\/city-desk\/timthumb.php?src=http%3A%2F%2Fwww.eloriente.net%2Fhome%2Fwp-content%2Fuploads%2F2016%2F07%2FCARLOS-SPI%CC%81NDOLA-MU%CC%81SICA-CLA%CC%81SICA-ME%CC%81XICO-1-e1467754443936.jpg&amp;q=90&amp;w=70&amp;h=45&amp;zc=1\" alt=\"VIDEOCOLUMNA: M\u00fasica cl\u00e1sica hecha en M\u00e9xico. Por Carlos Sp\u00edndola\" \/><\/a><\/p>\n<h2 class=\"posttitle \"><a title=\"Enlace Permanente a VIDEOCOLUMNA: M\u00fasica cl\u00e1sica hecha en M\u00e9xico. Por Carlos Sp\u00edndola\" href=\"http:\/\/www.eloriente.net\/home\/2016\/07\/05\/videocolumna-musica-clasica-hecha-en-mexico-por-carlos-spindola\/\" rel=\"bookmark\">VIDEOCOLUMNA: M\u00fasica cl\u00e1sica hecha en M\u00e9xico. Por Carlos Sp\u00edndola<\/a><\/h2>\n<\/div>\n<p>eloriente.net 5 de julio de 2016 OTRAS COLUMNAS, DAR CLICK SOBRE LA IMAGEN: Share\u2026<\/p>\n<p class=\"postmeta\"><span class=\"meta_date\">julio 5, 2016<\/span><\/p>\n<div class=\"toolbar-social\"><\/div>\n<\/div>\n<div class=\"featuredpost\">\n<div class=\"flow_hide\">\n<p><a href=\"http:\/\/www.eloriente.net\/home\/2016\/07\/05\/videocolumna-consecuencias-de-la-reforma-energetica-por-karina-baron\/\" rel=\"bookmark\"><img decoding=\"async\" class=\"alignleft\" title=\"VIDEOCOLUMNA: Consecuencias de la Reforma Energ\u00e9tica. Por Karina Bar\u00f3n\" src=\"http:\/\/www.eloriente.net\/home\/wp-content\/themes\/city-desk\/timthumb.php?src=http%3A%2F%2Fwww.eloriente.net%2Fhome%2Fwp-content%2Fuploads%2F2016%2F07%2FKARINA-BARON-5-DE-JULIO-1-e1467752229611.jpg&amp;q=90&amp;w=70&amp;h=45&amp;zc=1\" alt=\"VIDEOCOLUMNA: Consecuencias de la Reforma Energ\u00e9tica. Por Karina Bar\u00f3n\" \/><\/a><\/p>\n<h2 class=\"posttitle \"><a title=\"Enlace Permanente a VIDEOCOLUMNA: Consecuencias de la Reforma Energ\u00e9tica. Por Karina Bar\u00f3n\" href=\"http:\/\/www.eloriente.net\/home\/2016\/07\/05\/videocolumna-consecuencias-de-la-reforma-energetica-por-karina-baron\/\" rel=\"bookmark\">VIDEOCOLUMNA: Consecuencias de la Reforma Energ\u00e9tica. Por Karina Bar\u00f3n<\/a><\/h2>\n<\/div>\n<p>eloriente.net 5 de julio de 2016 OTRAS COLUMNAS, DAR CLICK SOBRE LA IMAGEN: Share\u2026<\/p>\n<p class=\"postmeta\"><span class=\"meta_date\">julio 5, 2016<\/span><\/p>\n<\/div>\n\n\t\t\t  <div \n\t\t\t  \tclass = \"fb-comments\" \n\t\t\t  \tdata-href = \"http:\/\/www.eloriente.net\/home\/2016\/07\/07\/oaxaca-5-actividades-culturales-en-oaxaca-que-no-te-puedes-perder-7-11-de-julio\/\"\n\t\t\t  \tdata-numposts = \"10\"\n\t\t\t\tdata-colorscheme = \"dark\"\n\t\t\t\tdata-order-by = \"social\"\n\t\t\t\tdata-mobile=true>\n\t\t\t  <\/div>\n\t\t  <style>\n\t\t\t.fb_iframe_widget_fluid_desktop iframe {\n\t\t\t    width: 100% !important;\n\t\t\t}\n\t\t  <\/style>\n\t\t  ","protected":false},"excerpt":{"rendered":"<p>&nbsp; (www.eloriente.net, M\u00e9xico, a 7 de julio de 2016, por Valery L\u00f3pez).- Como cada semana, en EL ORIENTE nos dimos a la tarea de buscar las actividades culturales que no puedes dejar pasar en los pr\u00f3ximos d\u00edas. En esta ocasi\u00f3n te presentamos conciertos, talleres y m\u00e1s. 1.- RECITALES GRATUITOS DEL CIMO La nuevas generaciones que [&hellip;]<\/p>\n","protected":false},"author":44,"featured_media":44040,"comment_status":"open","ping_status":"open","sticky":false,"template":"","format":"standard","meta":{"_jetpack_memberships_contains_paid_content":false,"footnotes":""},"categories":[18,32,63,464,31,19],"tags":[3648,6698,6700,6701,73,6699,955],"class_list":["post-44021","post","type-post","status-publish","format-standard","has-post-thumbnail","hentry","category-educacion-y-cultura","category-entradas","category-estados","category-oaxaca-estados","category-principal","category-turismo-y-negocios","tag-actividades-culturales","tag-cimo","tag-la-chicharra","tag-la-luz-de-la-tristeza","tag-oaxaca","tag-recitales","tag-talleres"],"jetpack_featured_media_url":"http:\/\/www.eloriente.net\/home\/wp-content\/uploads\/2016\/07\/CIMO-RECITAL.jpg","jetpack_sharing_enabled":true,"_links":{"self":[{"href":"http:\/\/www.eloriente.net\/home\/wp-json\/wp\/v2\/posts\/44021"}],"collection":[{"href":"http:\/\/www.eloriente.net\/home\/wp-json\/wp\/v2\/posts"}],"about":[{"href":"http:\/\/www.eloriente.net\/home\/wp-json\/wp\/v2\/types\/post"}],"author":[{"embeddable":true,"href":"http:\/\/www.eloriente.net\/home\/wp-json\/wp\/v2\/users\/44"}],"replies":[{"embeddable":true,"href":"http:\/\/www.eloriente.net\/home\/wp-json\/wp\/v2\/comments?post=44021"}],"version-history":[{"count":2,"href":"http:\/\/www.eloriente.net\/home\/wp-json\/wp\/v2\/posts\/44021\/revisions"}],"predecessor-version":[{"id":44045,"href":"http:\/\/www.eloriente.net\/home\/wp-json\/wp\/v2\/posts\/44021\/revisions\/44045"}],"wp:featuredmedia":[{"embeddable":true,"href":"http:\/\/www.eloriente.net\/home\/wp-json\/wp\/v2\/media\/44040"}],"wp:attachment":[{"href":"http:\/\/www.eloriente.net\/home\/wp-json\/wp\/v2\/media?parent=44021"}],"wp:term":[{"taxonomy":"category","embeddable":true,"href":"http:\/\/www.eloriente.net\/home\/wp-json\/wp\/v2\/categories?post=44021"},{"taxonomy":"post_tag","embeddable":true,"href":"http:\/\/www.eloriente.net\/home\/wp-json\/wp\/v2\/tags?post=44021"}],"curies":[{"name":"wp","href":"https:\/\/api.w.org\/{rel}","templated":true}]}}