{"id":44077,"date":"2016-07-11T15:40:05","date_gmt":"2016-07-11T21:40:05","guid":{"rendered":"http:\/\/www.eloriente.net\/home\/?p=44077"},"modified":"2016-07-12T12:28:17","modified_gmt":"2016-07-12T18:28:17","slug":"opinion-lunes-del-cerro-tradicion-o-negocio-por-antonio-a-morales-sanchez","status":"publish","type":"post","link":"http:\/\/www.eloriente.net\/home\/2016\/07\/11\/opinion-lunes-del-cerro-tradicion-o-negocio-por-antonio-a-morales-sanchez\/","title":{"rendered":"OPINI\u00d3N: Lunes del Cerro, Tradici\u00f3n o Negocio. Por Antonio A. Morales S\u00e1nchez"},"content":{"rendered":"<p><script src=\"\/\/pagead2.googlesyndication.com\/pagead\/js\/adsbygoogle.js\" async=\"\"><\/script><br \/>\n <!-- BANNER ELORIENTE INCRUSTADO NOTAS --><br \/>\n <ins class=\"adsbygoogle\" style=\"display: inline-block; width: 300px; height: 250px;\" data-ad-client=\"ca-pub-1136171134853753\" data-ad-slot=\"7974633627\"><\/ins><br \/>\n<script>\/\/ <![CDATA[\n(adsbygoogle = window.adsbygoogle || []).push({});\n\/\/ ]]><\/script><\/p>\n<p>&nbsp;<\/p>\n<p>(www.eloriente.net, 11 de julio de 2016, por Antonio A. Morales S\u00e1nchez).-\u00a0En julio de 2015 <a href=\"http:\/\/www.eloriente.net\/home\/2015\/07\/20\/breve-historia-de-los-lunes-del-cerro-en-oaxaca-por-antonio-morales\/\">publiqu\u00e9 un art\u00edculo que rememoraba<\/a> las fiestas de los Lunes del Cerro en la\u00a0Ciudad de Oaxaca y que denomin\u00e9 En Defensa del Daninayaaloani, como protesta al crimen\u00a0ecol\u00f3gico que se pretendi\u00f3 hacer a este nuestro Cerro del Fort\u00edn y que es parte de la cordillera\u00a0que le brinda vida a Oaxaca como lo es el Cerro de San Felipe, situado al norte de nuestra\u00a0ciudad en su parte alta, lugar en donde se regula el clima y a la vez convergen los tres lobulos\u00a0del Valle de Oaxaca, el cual tiene un significado simb\u00f3lico para nuestra ciudad, ya que es el\u00a0fondo natural del paisaje que es inspiraci\u00f3n de todo oaxaque\u00f1o o visitante de \u00e9sta nuestra\u00a0Verde Antequera.<\/p>\n<p><script src=\"\/\/pagead2.googlesyndication.com\/pagead\/js\/adsbygoogle.js\" async=\"\"><\/script><br \/>\n <!-- BANNER PEQUE\u00d1O PARA ENTRENOTAS EL ORIENTE --><br \/>\n <ins class=\"adsbygoogle\" style=\"display: inline-block; width: 468px; height: 60px;\" data-ad-client=\"ca-pub-1136171134853753\" data-ad-slot=\"4953536424\"><\/ins><br \/>\n<script>\/\/ <![CDATA[\n(adsbygoogle = window.adsbygoogle || []).push({});\n\/\/ ]]><\/script><\/p>\n<p>Patrimonio natural, cultural e hist\u00f3rico de la Ciudad de Oaxaca, decretado como parque\u00a0nacional \u201cBenito Ju\u00e1rez\u201d por el C. Gral. L\u00e1zaro Cardenas del R\u00edo, Presidente de la Rep\u00fablica\u00a0Mexicana el 30 de diciembre de 1937, cubriendo una superficie de 2,737 hect\u00e1reas y del que\u00a0est\u00e1 pendiente la realizaci\u00f3n de un \u00abAn\u00e1lisis tridimensional geol\u00f3gico con su respectiva\u00a0evaluaci\u00f3n de impacto ambiental por tener en este momento en sus cuatro puntos\u00a0cardinales afectaciones negativas y severas de diversas indoles\u201d.<\/p>\n<p><em>(Para leer este art\u00edculo completo, por su extensi\u00f3n, utiliza el siguiente visor. Gracias:)<\/em><\/p>\n<p><iframe loading=\"lazy\" src=\"\/\/e.issuu.com\/embed.html#5422719\/37140008\" width=\"525\" height=\"340\" frameborder=\"0\" allowfullscreen=\"allowfullscreen\"><\/iframe><\/p>\n<p><a href=\"http:\/\/www.eloriente.net\/home\/wp-content\/uploads\/2016\/07\/7035308907_b51d524b06_o.jpg\" rel=\"attachment wp-att-44078\"><img loading=\"lazy\" decoding=\"async\" class=\"alignnone wp-image-44078\" src=\"http:\/\/www.eloriente.net\/home\/wp-content\/uploads\/2016\/07\/7035308907_b51d524b06_o.jpg\" alt=\"7035308907_b51d524b06_o\" width=\"601\" height=\"399\" srcset=\"http:\/\/www.eloriente.net\/home\/wp-content\/uploads\/2016\/07\/7035308907_b51d524b06_o.jpg 900w, http:\/\/www.eloriente.net\/home\/wp-content\/uploads\/2016\/07\/7035308907_b51d524b06_o-300x199.jpg 300w, http:\/\/www.eloriente.net\/home\/wp-content\/uploads\/2016\/07\/7035308907_b51d524b06_o-768x510.jpg 768w\" sizes=\"(max-width: 601px) 100vw, 601px\" \/><\/a><\/p>\n<p><strong>OTRAS ENTRADAS<\/strong><\/p>\n<div class=\"featuredpost\">\n<div class=\"flow_hide\">\n<h2 class=\"posttitle bigposttitle\"><a title=\"Enlace Permanente a TU AULA: Con estos consejos tu b\u00fasqueda en internet ser\u00e1 m\u00e1s segura\" href=\"http:\/\/www.eloriente.net\/home\/2016\/07\/09\/tu-aula-con-estos-consejos-tu-busqueda-en-internet-sera-mas-segura\/\" rel=\"bookmark\">TU AULA: Con estos consejos tu b\u00fasqueda en internet ser\u00e1 m\u00e1s segura<\/a><\/h2>\n<\/div>\n<p>(www.eloriente.net, M\u00e9xico, a 9 de julio de 2016).- \u00a0Internet es una fuente inagotable de informaci\u00f3n. Pr\u00e1cticamente se puede investigar sobre cualquier tema y algo se encontrar\u00e1.\u2026<\/p>\n<p class=\"postmeta\"><span class=\"meta_date\">julio 9, 2016<\/span><\/p>\n<div class=\"toolbar-social\"><\/div>\n<\/div>\n<div class=\"featuredpost\">\n<div class=\"flow_hide\">\n<p><a href=\"http:\/\/www.eloriente.net\/home\/2016\/07\/08\/videocolumna-justicia-pronta-y-expedita-por-rodolfo-moreno\/\" rel=\"bookmark\"><img decoding=\"async\" class=\"alignleft\" title=\"VIDEOCOLUMNA: Justicia pronta y expedita. Por Rodolfo Moreno\" src=\"http:\/\/www.eloriente.net\/home\/wp-content\/themes\/city-desk\/timthumb.php?src=http%3A%2F%2Fwww.eloriente.net%2Fhome%2Fwp-content%2Fuploads%2F2016%2F07%2FRODOLFO-MORENO-7-DE-JULIO-2.jpg&amp;q=90&amp;w=70&amp;h=45&amp;zc=1\" alt=\"VIDEOCOLUMNA: Justicia pronta y expedita. Por Rodolfo Moreno\" \/><\/a><\/p>\n<h2 class=\"posttitle \"><a title=\"Enlace Permanente a VIDEOCOLUMNA: Justicia pronta y expedita. Por Rodolfo Moreno\" href=\"http:\/\/www.eloriente.net\/home\/2016\/07\/08\/videocolumna-justicia-pronta-y-expedita-por-rodolfo-moreno\/\" rel=\"bookmark\">VIDEOCOLUMNA: Justicia pronta y expedita. Por Rodolfo Moreno<\/a><\/h2>\n<\/div>\n<p>eloriente.net 8 de julio de 2016 VIDEOCOLUMNA: Democracia, feminismo y diversidad sexual. Por Rebeca Garza eloriente.net 6 de julio de 2016 OTRAS COLUMNAS, DAR CLICK SOBRE LA\u2026<\/p>\n<p class=\"postmeta\"><span class=\"meta_date\">julio 8, 2016<\/span><\/p>\n<div class=\"toolbar-social\"><\/div>\n<\/div>\n<div class=\"featuredpost\">\n<div class=\"flow_hide\">\n<p><a href=\"http:\/\/www.eloriente.net\/home\/2016\/07\/06\/videocolumna-democracia-feminismo-y-diversidad-sexual-por-rebeca-garza\/\" rel=\"bookmark\"><img decoding=\"async\" class=\"alignleft\" title=\"VIDEOCOLUMNA: Democracia, feminismo y diversidad sexual. Por Rebeca Garza\" src=\"http:\/\/www.eloriente.net\/home\/wp-content\/themes\/city-desk\/timthumb.php?src=http%3A%2F%2Fwww.eloriente.net%2Fhome%2Fwp-content%2Fuploads%2F2016%2F07%2FREBECA-GARZA-6-DE-JULIO-2-1-e1467847041251.jpg&amp;q=90&amp;w=70&amp;h=45&amp;zc=1\" alt=\"VIDEOCOLUMNA: Democracia, feminismo y diversidad sexual. Por Rebeca Garza\" \/><\/a><\/p>\n<h2 class=\"posttitle \"><a title=\"Enlace Permanente a VIDEOCOLUMNA: Democracia, feminismo y diversidad sexual. Por Rebeca Garza\" href=\"http:\/\/www.eloriente.net\/home\/2016\/07\/06\/videocolumna-democracia-feminismo-y-diversidad-sexual-por-rebeca-garza\/\" rel=\"bookmark\">VIDEOCOLUMNA: Democracia, feminismo y diversidad sexual. Por Rebeca Garza<\/a><\/h2>\n<\/div>\n<p>eloriente.net 6 de julio de 2016 OTRAS COLUMNAS, DAR CLICK SOBRE LA IMAGEN: Share\u2026<\/p>\n<p class=\"postmeta\"><span class=\"meta_date\">julio 6, 2016<\/span><\/p>\n<\/div>\n\n\t\t\t  <div \n\t\t\t  \tclass = \"fb-comments\" \n\t\t\t  \tdata-href = \"http:\/\/www.eloriente.net\/home\/2016\/07\/11\/opinion-lunes-del-cerro-tradicion-o-negocio-por-antonio-a-morales-sanchez\/\"\n\t\t\t  \tdata-numposts = \"10\"\n\t\t\t\tdata-colorscheme = \"dark\"\n\t\t\t\tdata-order-by = \"social\"\n\t\t\t\tdata-mobile=true>\n\t\t\t  <\/div>\n\t\t  <style>\n\t\t\t.fb_iframe_widget_fluid_desktop iframe {\n\t\t\t    width: 100% !important;\n\t\t\t}\n\t\t  <\/style>\n\t\t  ","protected":false},"excerpt":{"rendered":"<p>&nbsp; (www.eloriente.net, 11 de julio de 2016, por Antonio A. Morales S\u00e1nchez).-\u00a0En julio de 2015 publiqu\u00e9 un art\u00edculo que rememoraba las fiestas de los Lunes del Cerro en la\u00a0Ciudad de Oaxaca y que denomin\u00e9 En Defensa del Daninayaaloani, como protesta al crimen\u00a0ecol\u00f3gico que se pretendi\u00f3 hacer a este nuestro Cerro del Fort\u00edn y que es [&hellip;]<\/p>\n","protected":false},"author":44,"featured_media":44078,"comment_status":"open","ping_status":"open","sticky":false,"template":"","format":"standard","meta":{"_jetpack_memberships_contains_paid_content":false,"footnotes":""},"categories":[624,4300,32,63,464,31],"tags":[6707,4075,1250,1681,197],"class_list":["post-44077","post","type-post","status-publish","format-standard","has-post-thumbnail","hentry","category-articulistas","category-comunicacion","category-entradas","category-estados","category-oaxaca-estados","category-principal","tag-antonio-a-hernandez","tag-colaboradores","tag-guelaguetza","tag-lunes-del-cerro","tag-opinion"],"jetpack_featured_media_url":"http:\/\/www.eloriente.net\/home\/wp-content\/uploads\/2016\/07\/7035308907_b51d524b06_o.jpg","jetpack_sharing_enabled":true,"_links":{"self":[{"href":"http:\/\/www.eloriente.net\/home\/wp-json\/wp\/v2\/posts\/44077"}],"collection":[{"href":"http:\/\/www.eloriente.net\/home\/wp-json\/wp\/v2\/posts"}],"about":[{"href":"http:\/\/www.eloriente.net\/home\/wp-json\/wp\/v2\/types\/post"}],"author":[{"embeddable":true,"href":"http:\/\/www.eloriente.net\/home\/wp-json\/wp\/v2\/users\/44"}],"replies":[{"embeddable":true,"href":"http:\/\/www.eloriente.net\/home\/wp-json\/wp\/v2\/comments?post=44077"}],"version-history":[{"count":4,"href":"http:\/\/www.eloriente.net\/home\/wp-json\/wp\/v2\/posts\/44077\/revisions"}],"predecessor-version":[{"id":44088,"href":"http:\/\/www.eloriente.net\/home\/wp-json\/wp\/v2\/posts\/44077\/revisions\/44088"}],"wp:featuredmedia":[{"embeddable":true,"href":"http:\/\/www.eloriente.net\/home\/wp-json\/wp\/v2\/media\/44078"}],"wp:attachment":[{"href":"http:\/\/www.eloriente.net\/home\/wp-json\/wp\/v2\/media?parent=44077"}],"wp:term":[{"taxonomy":"category","embeddable":true,"href":"http:\/\/www.eloriente.net\/home\/wp-json\/wp\/v2\/categories?post=44077"},{"taxonomy":"post_tag","embeddable":true,"href":"http:\/\/www.eloriente.net\/home\/wp-json\/wp\/v2\/tags?post=44077"}],"curies":[{"name":"wp","href":"https:\/\/api.w.org\/{rel}","templated":true}]}}